{"id":41172,"date":"2019-04-22T08:32:52","date_gmt":"2019-04-22T06:32:52","guid":{"rendered":"https:\/\/alzira.es\/alzira-desperta-recuperant-la-normalitat-pero-amb-precaucio\/"},"modified":"2019-04-22T08:32:52","modified_gmt":"2019-04-22T06:32:52","slug":"alzira-desperta-recuperant-la-normalitat-pero-amb-precaucio","status":"publish","type":"post","link":"https:\/\/alzira.es\/es\/alzira-desperta-recuperant-la-normalitat-pero-amb-precaucio\/","title":{"rendered":"Alzira despierta recuperando la normalidad pero con precauci\u00f3n"},"content":{"rendered":"<p style=\"margin: 0cm 0cm 0.0001pt; line-height: 150%; background: white; text-align: justify;\">La situaci\u00f3n a las 7 de la ma\u00f1ana, en este episodio de lluvia, es optimista. La ciudad recupera la normalidad despu\u00e9s de la tarde y la noche de ayer, cuando el Centro de coordinaci\u00f3n de emergencias decret\u00f3 preemergencia nivel rojo por lluvia acumulada.<\/p>\n<p style=\"text-align: justify;\">A estas alturas todav\u00eda seguimos en riesgo amarillo por lluvia, por lo que se pide a la ciudadan\u00eda tener precauci\u00f3n y seguir las recomendaciones del 112 y del Ayuntamiento.<\/p>\n<p style=\"text-align: justify;\">A lo largo de la noche se ha estado muy pendiente del barranco de la Casella que ha llegado a 2,95 metros y se ha temido por su desbordamiento. A estas alturas el barranco se encuentra en 1 metro y contin\u00faa bajando de nivel.<\/p>\n<p style=\"text-align: justify;\">Tanto los operarios del Ayuntamiento de Servicios p\u00fablicos y limpieza han estado toda la noche vigilando y atendiendo incidencias en los diferentes puntos de la ciudad. Asimismo la Polic\u00eda Local hizo dos bandos en las zonas inundables de la ciudad, un primero cuando eran las 8 de la tarde, donde se ped\u00eda al vecindario de los barrios de Les Basses, l&#8217;Alquenencia y Venecia que retiraran los veh\u00edculos de bajos y s\u00f3tanos y un segundo bando, a las 12:00 para recomendar que resguardan objetos valiosos y enseres de plantas bajas<\/p>\n<p style=\"text-align: justify;\">Los sistemas de medici\u00f3n indican que en la Casella han ca\u00eddo 153 l\/m2 las \u00faltimas 12h, y 275 l\/m2 las \u00faltimas 72h.<\/p>\n<p style=\"text-align: justify;\">Desde el Ayuntamiento se contin\u00faa haciendo seguimiento de barrancos e infraestructuras y se pide a la ciudadan\u00eda que vaya con precauci\u00f3n. Por el momento ninguna carretera se encuentra ya cortada.<\/p>\n<p style=\"margin: 9pt 0cm; line-height: 150%; background: white; text-align: center;\"><span style=\"font-size: 11pt; line-height: 150%; font-family: Arial, sans-serif; color: #1d2129;\"><img fetchpriority=\"high\" decoding=\"async\" src=\"contenidos\/IMG-20190422-WA0053.jpg\" alt=\"\" width=\"500\" height=\"281\" \/><\/span><\/p>\n","protected":false},"excerpt":{"rendered":"<p>La situaci\u00f3n a las 7 de la ma\u00f1ana, en este episodio de lluvia, es optimista. La ciudad recupera la normalidad despu\u00e9s de la tarde y la noche de ayer, cuando el Centro de coordinaci\u00f3n de emergencias decret\u00f3 preemergencia nivel rojo por lluvia acumulada. A estas alturas todav\u00eda seguimos en riesgo amarillo por lluvia, por lo &hellip; <\/p>\n<p class=\"link-more\"><a href=\"https:\/\/alzira.es\/es\/alzira-desperta-recuperant-la-normalitat-pero-amb-precaucio\/\" class=\"more-link\">Continuar leyendo<span class=\"screen-reader-text\"> \u00abAlzira despierta recuperando la normalidad pero con precauci\u00f3n\u00bb<\/span><\/a><\/p>\n","protected":false},"author":36,"featured_media":0,"comment_status":"","ping_status":"","sticky":false,"template":"","format":"standard","meta":{"_acf_changed":false,"footnotes":""},"categories":[4936],"tags":[],"class_list":["post-41172","post","type-post","status-publish","format-standard","hentry","category-hemeroteca-es"],"acf":[],"_links":{"self":[{"href":"https:\/\/alzira.es\/es\/wp-json\/wp\/v2\/posts\/41172","targetHints":{"allow":["GET"]}}],"collection":[{"href":"https:\/\/alzira.es\/es\/wp-json\/wp\/v2\/posts"}],"about":[{"href":"https:\/\/alzira.es\/es\/wp-json\/wp\/v2\/types\/post"}],"author":[{"embeddable":true,"href":"https:\/\/alzira.es\/es\/wp-json\/wp\/v2\/users\/36"}],"replies":[{"embeddable":true,"href":"https:\/\/alzira.es\/es\/wp-json\/wp\/v2\/comments?post=41172"}],"version-history":[{"count":0,"href":"https:\/\/alzira.es\/es\/wp-json\/wp\/v2\/posts\/41172\/revisions"}],"wp:attachment":[{"href":"https:\/\/alzira.es\/es\/wp-json\/wp\/v2\/media?parent=41172"}],"wp:term":[{"taxonomy":"category","embeddable":true,"href":"https:\/\/alzira.es\/es\/wp-json\/wp\/v2\/categories?post=41172"},{"taxonomy":"post_tag","embeddable":true,"href":"https:\/\/alzira.es\/es\/wp-json\/wp\/v2\/tags?post=41172"}],"curies":[{"name":"wp","href":"https:\/\/api.w.org\/{rel}","templated":true}]}}