{"id":41170,"date":"2019-04-20T10:34:39","date_gmt":"2019-04-20T08:34:39","guid":{"rendered":"https:\/\/alzira.es\/es-tanca-el-parc-de-l-alquenencia-per-vent-2\/"},"modified":"2019-04-20T10:34:39","modified_gmt":"2019-04-20T08:34:39","slug":"es-tanca-el-parc-de-l-alquenencia-per-vent-2","status":"publish","type":"post","link":"https:\/\/alzira.es\/es\/es-tanca-el-parc-de-l-alquenencia-per-vent-2\/","title":{"rendered":"Es tanca el Parc de l\u2019Alquen\u00e8ncia per vent"},"content":{"rendered":"<p style=\"line-height: 150%;\"><span style=\"color: #565353; font-family: Arial, sans-serif; font-size: 9pt;\">L&#8217;Ajuntament d\u2019Alzira en previsi\u00f3 dels possibles incidents ocasionats pel temporal de vent que ha registrat la ciutat en les \u00faltimes hores i que, segons les previsions, es prolongar\u00e0 al llarg del dia de hui, ha decidit tancat el Parc de l\u2019<\/span><span class=\"hiddenspellerror\" style=\"color: #565353; font-family: Arial, sans-serif; font-size: 9pt;\"><span style=\"background-position: 0% 100%; cursor: default;\">Alquen\u00e8ncia<\/span><\/span><span style=\"color: #565353; font-family: Arial, sans-serif; font-size: 9pt;\">.<\/span><\/p>\n<p style=\"line-height: 150%; orphans: 2; text-align: start; widows: 2; word-spacing: 0px;\"><span style=\"font-size: 9pt; line-height: 150%; font-family: Arial, sans-serif; color: #565353;\"> Recordem que amb els forts vents s\u2019incrementa el risc a les zones arborades i jardins i per aix\u00f2 l\u2019Ajuntament ha pres la decisi\u00f3 de tancar el Parc i demana a tota la ciutadania que no acudisca a les zones arborades de la Ciutat mentre es mantinga el nivell de risc per vent.&nbsp;<\/span><span style=\"font-size: 9pt; line-height: 150%; font-family: Arial, sans-serif; color: #565353;\">A hores d\u2019ara el Centre de Coordinaci\u00f3 d\u2019Emerg\u00e8ncies mant\u00e9 per a la zona Litoral Sud de Val\u00e8ncia nivell de risc groc per vent i preemerg\u00e8ncia per pluges taronja.<\/span><\/p>\n<p style=\"line-height: 150%; orphans: 2; text-align: start; widows: 2; word-spacing: 0px;\"><span style=\"font-size: 9pt; line-height: 150%; font-family: Arial, sans-serif; color: #565353;\"> Pel que fa a la pluja, al llarg de la nit la Policia Local&nbsp; ha continuat revisant els punts m\u00e9s conflictius, i s\u2019ha comprovat el correcte funcionament de les infraestructures de la ciutat per a evacuar l\u2019aigua. El Canal de les Bases ha transportat l\u2019aigua al Barranc&nbsp;<span class=\"hiddengrammarerror\"><span style=\"background-position: 0% 100%; cursor: default;\">de la<\/span><\/span>&nbsp;Casella i hi ha una situaci\u00f3 de normalitat en&nbsp;<span class=\"hiddensuggestion\"><span style=\"background-position: 0% 100%; cursor: default;\">este<\/span><\/span>&nbsp;sentit.<\/span><\/p>\n<p style=\"line-height: 150%;\"><span style=\"font-size: 9pt; line-height: 150%; font-family: Arial, sans-serif; color: #565353;\"> D\u2019altra banda els operaris municipals de neteja i jardins han comen\u00e7at&nbsp;<span class=\"hiddensuggestion\"><span style=\"background-position: 0% 100%; cursor: default;\">este<\/span><\/span>&nbsp;mat\u00ed una nova jornada de neteja per a retirar&nbsp;<span class=\"hiddensuggestion\"><span style=\"background-position: 0% 100%; cursor: default;\">branques i<\/span><\/span>&nbsp;fulles que a causa del vent poden obstaculitzar el pas de l\u2019aigua<\/span><\/p>\n<p style=\"line-height: 150%; orphans: 2; text-align: start; widows: 2; word-spacing: 0px;\"><strong><span style=\"font-size: 9pt; line-height: 150%; font-family: Arial, sans-serif; color: #565353;\">Consells del 112 per a situacions de fort vent<\/span><\/strong><\/p>\n<p style=\"line-height: 150%; orphans: 2; text-align: start; widows: 2; word-spacing: 0px;\"><span style=\"font-size: 9pt; line-height: 150%; font-family: Arial, sans-serif; color: #565353;\"> Prevenci\u00f3 a la llar<br \/> \u2022 Revisa els habitatges, perqu\u00e8 no hi haja cornises, balcons i fa\u00e7anes en mal estat que puguen produir caigudes d&#8217;enderrocs i runes.<br \/> \u2022 Tanca portes i finestres, per evitar corrents d&#8217;aire que puguen portar a la ruptura i caiguda de vidres.<br \/> \u2022 Assegura elements com els tendals, persianes i antenes.<br \/> \u2022 Retira tests, g\u00e0bies i qualsevol objecte que puga caure al carrer.<\/span><\/p>\n<p style=\"line-height: 150%; orphans: 2; text-align: start; widows: 2; word-spacing: 0px;\"><span style=\"font-size: 9pt; line-height: 150%; font-family: Arial, sans-serif; color: #565353;\"><br \/> Qu\u00e8 fer al carrer o al camp<br \/> \u2022 No isques, si no cal<span class=\"hiddengrammarerror\"><span style=\"background-position: 0% 100%; cursor: default;\">.<\/span><\/span><br \/> \u2022 Allunya&#8217;t de cases velles o en mal estat<span class=\"hiddengrammarerror\"><span style=\"background-position: 0% 100%; cursor: default;\">.<\/span><\/span><br \/> \u2022 Evita els murs i les tanques publicit\u00e0ries.<br \/> \u2022 Els arbres&nbsp;<span class=\"hiddensuggestion\"><span style=\"background-position: 0% 100%; cursor: default;\">oferixen<\/span><\/span>&nbsp;el perill de caiguda i ruptura de grans branques. No transites per parcs o avingudes arborades.<br \/> \u2022 No passes per davall de bastides o edificis en construcci\u00f3.<br \/> \u2022 Els pals de llum i torres d&#8217;alta tensi\u00f3 s\u00f3n molt perillosos. Allunya&#8217;t en cas de caiguda i avisa&nbsp;l&#8217;1\u20221\u20222.<br \/> Precauci\u00f3 en la carretera<br \/> \u2022 Si \u00e9s possible, evita circular. Usa preferentment el transport p\u00fablic i en cas d&#8217;haver d&#8217;eixir, informa&#8217;t de la predicci\u00f3 meteorol\u00f2gica.<br \/> \u2022&nbsp;<span class=\"hiddengrammarerror\"><span style=\"background-position: 0% 100%; cursor: default;\">Redu\u00efx<\/span><\/span>&nbsp;la velocitat a l\u00edmits de seguretat. Un colp de vent pot desviar-te de la traject\u00f2ria.<br \/> \u2022 Les motos i els vehicles de grans dimensions, que&nbsp;<span class=\"hiddensuggestion\"><span style=\"background-position: 0% 100%; cursor: default;\">oferixen<\/span><\/span>&nbsp;una gran superf\u00edcie de contacte amb el vent (camions, furgonetes, vehicles amb remolc o rulots), corren el perill de bolcar davant de vents transversals.<br \/> \u2022 En cas de necessitat, arrecera&#8217;t en una zona segura i espera que amaine el vent.<\/p>\n<p> <strong>Previsi\u00f3 de l&#8217;oratge per a hui<\/strong><br \/> Tampoc hui millorar\u00e0&nbsp;<span class=\"hiddensuggestion\"><span style=\"background-position: 0% 100%; cursor: default;\">este<\/span><\/span>&nbsp;panorama pluj\u00f3s i vent\u00f3s que afecta a tot el nostre territori.&nbsp;<span class=\"hiddensuggestion\"><span style=\"background-position: 0% 100%; cursor: default;\">Esta<\/span><\/span>&nbsp;passada nit les pluges s&#8217;han centrat per la meitat sud de la nostra Comunitat, especialment a la prov\u00edncia d&#8217;Alacant on han sigut persistents, localment fortes i acompanyades d&#8217;abundant aparell el\u00e8ctric.<br \/> De fet, hui les pluges continuaran&nbsp;<span class=\"hiddengrammarerror\"><span style=\"background-position: 0% 100%; cursor: default;\">afectant a<\/span><\/span>&nbsp;<span class=\"hiddensuggestion\"><span style=\"background-position: 0% 100%; cursor: default;\">este<\/span><\/span>&nbsp;mateix sector i les m\u00e9s persistents aniran centrant-se per les comarques del sud de Val\u00e8ncia i nord d&#8217;Alacant on continuaran sumant m\u00e9s litres d&#8217;aigua. Menys probabilitat de pluja&nbsp;<span class=\"hiddengrammarerror\"><span style=\"background-position: 0% 100%; cursor: default;\">quant<\/span><\/span>&nbsp;m\u00e9s cap al nord de Castell\u00f3 ens desplacem.<br \/> Destacar el dur\u00edssim temporal mar\u00edtim que afecta a tot el nostre litoral (amb ones de m\u00e9s de&nbsp;<span class=\"hiddengrammarerror\"><span style=\"background-position: 0% 100%; cursor: default;\">4m<\/span><\/span>.&nbsp;<span class=\"hiddengrammarerror\"><span style=\"background-position: 0% 100%; cursor: default;\">d&#8217;<\/span><\/span>altura) per culpa d&#8217;un vent entre llevant i gregal que est\u00e0 superant els 70 i&nbsp;<span class=\"hiddengrammarerror\"><span style=\"background-position: 0% 100%; cursor: default;\">80km<\/span><\/span>\/h a gran part del territori i que seguir\u00e0 igual durant tota la jornada. Les temperatures seguiran situant-se en valors semblants als d&#8217;ahir.<\/p>\n<p> Finalment, de cara als pr\u00f2xims dies, fins al Dilluns 22 seguir\u00e0&nbsp;<span class=\"hiddensuggestion\"><span style=\"background-position: 0% 100%; cursor: default;\">este<\/span><\/span>&nbsp;oratge rebolicat, fred, amb dur temporal mar\u00edtim de llevant i ambient hivernal. En tot cas, caldr\u00e0 seguir de ben a prop cada nova eixida dels models perqu\u00e8 les zones que podran rebre m\u00e9s pluja variaran sensiblement.<br \/> El Diumenge 21&nbsp;<span class=\"hiddengrammarerror\"><span style=\"background-position: 0% 100%; cursor: default;\">sembla ser que<\/span><\/span>&nbsp;<span class=\"hiddensuggestion\"><span style=\"background-position: 0% 100%; cursor: default;\">estes<\/span><\/span>&nbsp;pluges es podrien centrar pel sud de Val\u00e8ncia i nord d&#8217;Alacant, on podrien mostrar un car\u00e0cter m\u00e9s persistent.<br \/> El Dilluns 22, tot i que queda lluny en el&nbsp;termini&nbsp;de previsi\u00f3, els models apunten a una reactivaci\u00f3 general&nbsp;<span class=\"hiddengrammarerror\"><span style=\"background-position: 0% 100%; cursor: default;\">de estes<\/span><\/span>&nbsp;precipitacions. Extrem encara per definir.<br \/> Aix\u00f2 s\u00ed, el Dimarts 23 entraria el ponent i afavoriria una millora del temps m\u00e9s que notable amb pujada tamb\u00e9 de les temperatures.<br \/> Per \u00faltim, \u00e9s important tindre en compte que en les pr\u00f2ximes eixides dels models podran&nbsp;<span class=\"hiddengrammarerror\"><span style=\"background-position: 0% 100%; cursor: default;\">haver<\/span><\/span>&nbsp;alguns canvis en la localitzaci\u00f3 i distribuci\u00f3 d&#8217;<span class=\"hiddensuggestion\"><span style=\"background-position: 0% 100%; cursor: default;\">estes<\/span><\/span>&nbsp;precipitacions en funci\u00f3 d&#8217;on vaja situant-se&nbsp;<span class=\"hiddensuggestion\"><span style=\"background-position: 0% 100%; cursor: default;\">esta<\/span><\/span>&nbsp;baixa en altura que ens afecta.&nbsp;<span class=\"hiddenspellerror\"><span style=\"background-position: 0% 100%; cursor: default;\">Inforatge<\/span><\/span>&nbsp;estar\u00e0 pendent de cada un dels detalls d&#8217;<span class=\"hiddensuggestion\"><span style=\"background-position: 0% 100%; cursor: default;\">esta<\/span><\/span>&nbsp;delicada situaci\u00f3 que tenim a la vista.<\/span><\/p>\n<p style=\"line-height: 150%; orphans: 2; text-align: center; widows: 2; word-spacing: 0px;\"><a href=\"contenidos\/IMG-20190420-WA0001.jpg\" target=\"_blank\" rel=\"noopener\"><img fetchpriority=\"high\" decoding=\"async\" src=\"contenidos\/IMG-20190420-WA0001.jpg\" alt=\"\" width=\"500\" height=\"375\" \/><\/a><\/p>\n","protected":false},"excerpt":{"rendered":"<p>L&#8217;Ajuntament d\u2019Alzira en previsi\u00f3 dels possibles incidents ocasionats pel temporal de vent que ha registrat la ciutat en les \u00faltimes hores i que, segons les previsions, es prolongar\u00e0 al llarg del dia de hui, ha decidit tancat el Parc de l\u2019Alquen\u00e8ncia. Recordem que amb els forts vents s\u2019incrementa el risc a les zones arborades i &hellip; <\/p>\n<p class=\"link-more\"><a href=\"https:\/\/alzira.es\/es\/es-tanca-el-parc-de-l-alquenencia-per-vent-2\/\" class=\"more-link\">Continuar leyendo<span class=\"screen-reader-text\"> \u00abEs tanca el Parc de l\u2019Alquen\u00e8ncia per vent\u00bb<\/span><\/a><\/p>\n","protected":false},"author":36,"featured_media":0,"comment_status":"","ping_status":"","sticky":false,"template":"","format":"standard","meta":{"_acf_changed":false,"footnotes":""},"categories":[],"tags":[],"class_list":["post-41170","post","type-post","status-publish","format-standard","hentry"],"acf":[],"_links":{"self":[{"href":"https:\/\/alzira.es\/es\/wp-json\/wp\/v2\/posts\/41170","targetHints":{"allow":["GET"]}}],"collection":[{"href":"https:\/\/alzira.es\/es\/wp-json\/wp\/v2\/posts"}],"about":[{"href":"https:\/\/alzira.es\/es\/wp-json\/wp\/v2\/types\/post"}],"author":[{"embeddable":true,"href":"https:\/\/alzira.es\/es\/wp-json\/wp\/v2\/users\/36"}],"replies":[{"embeddable":true,"href":"https:\/\/alzira.es\/es\/wp-json\/wp\/v2\/comments?post=41170"}],"version-history":[{"count":0,"href":"https:\/\/alzira.es\/es\/wp-json\/wp\/v2\/posts\/41170\/revisions"}],"wp:attachment":[{"href":"https:\/\/alzira.es\/es\/wp-json\/wp\/v2\/media?parent=41170"}],"wp:term":[{"taxonomy":"category","embeddable":true,"href":"https:\/\/alzira.es\/es\/wp-json\/wp\/v2\/categories?post=41170"},{"taxonomy":"post_tag","embeddable":true,"href":"https:\/\/alzira.es\/es\/wp-json\/wp\/v2\/tags?post=41170"}],"curies":[{"name":"wp","href":"https:\/\/api.w.org\/{rel}","templated":true}]}}