{"id":41168,"date":"2019-04-20T10:34:39","date_gmt":"2019-04-20T08:34:39","guid":{"rendered":"https:\/\/alzira.es\/es-tanca-el-parc-de-l-alquenencia-per-vent\/"},"modified":"2019-04-20T10:34:39","modified_gmt":"2019-04-20T08:34:39","slug":"es-tanca-el-parc-de-l-alquenencia-per-vent","status":"publish","type":"post","link":"https:\/\/alzira.es\/es\/es-tanca-el-parc-de-l-alquenencia-per-vent\/","title":{"rendered":"Se cierra el Parque de l&#8217;Alquenencia por viento"},"content":{"rendered":"<p style=\"line-height: 150%; text-align: justify;\">El Ayuntamiento de Alzira en previsi\u00f3n de los posibles incidentes ocasionados por el temporal de viento que ha registrado la ciudad en las \u00faltimas horas y que, seg\u00fan las previsiones, se prolongar\u00e1 a lo largo del d\u00eda de hoy, ha decidido cerrado el Parque de l&#8217;Alquenencia.<\/p>\n<p style=\"text-align: justify;\">Recordemos que con los fuertes vientos se incrementa el riesgo en las zonas arboladas y jardines y por ello el Ayuntamiento ha tomado la decisi\u00f3n de cerrar el Parque y pide a toda la ciudadan\u00eda que no acuda a las zonas arboladas de la Ciudad mientras se mantenga el nivel de riesgo por viento. A estas alturas el Centro de Coordinaci\u00f3n de Emergencias mantiene para la zona Litoral Sur de Valencia el nivel de riesgo amarillo por viento y preemergencia por lluvias naranja.<\/p>\n<p style=\"text-align: justify;\">En cuanto a la lluvia, a lo largo de la noche la Polic\u00eda Local ha continuado revisando los puntos m\u00e1s conflictivos, y se ha comprobado el correcto funcionamiento de las infraestructuras de la ciudad para evacuar el agua. El Canal de les Basses ha transportado el agua al Barranco de la Casella y hay una situaci\u00f3n de normalidad en este sentido.<\/p>\n<p style=\"text-align: justify;\">Por otra parte los operarios municipales de limpieza y jardines han comenzado esta ma\u00f1ana una nueva jornada de limpieza para retirar ramas y hojas que debido al viento pueden obstaculizar el paso del agua<\/p>\n<p style=\"text-align: justify;\">Consejos del 112 para situaciones de fuerte viento<\/p>\n<p style=\"text-align: justify;\"><strong>Prevenci\u00f3n en el hogar<\/strong><br \/>\u2022 Revisa las viviendas para que no haya cornisas, balcones y fachadas en mal estado que puedan producir ca\u00eddas de cascotes y escombros.<br \/>\u2022 Cerrar puertas y ventanas, para evitar corrientes de aire que puedan llevar a la rotura y ca\u00edda de cristales.<br \/>\u2022 Asegura elementos como los toldos, persianas y antenas.<br \/>\u2022 Retirar macetas, jaulas y cualquier objeto que pueda caer a la calle.<\/p>\n<p style=\"text-align: justify;\"><strong>Qu\u00e9 hacer en la calle o en el campo<\/strong><br \/>\u2022 No salgas, si no es necesario.<br \/>\u2022 Al\u00e9jate de casas viejas o en mal estado.<br \/>\u2022 Evita los muros y las vallas publicitarias.<br \/>\u2022 Los \u00e1rboles ofrecen el peligro de ca\u00edda y rotura de grandes ramas. No transitas por parques o avenidas arboladas.<br \/>\u2022 No pases por debajo de andamios o edificios en construcci\u00f3n.<br \/>\u2022 Los postes de luz y torres de alta tensi\u00f3n son muy peligrosos. Al\u00e9jate en caso de ca\u00edda y avisa al 112.<\/p>\n<p style=\"text-align: justify;\"><strong>Precauci\u00f3n en la carretera<\/strong><br \/>\u2022 Si es posible, evita circular. Usa preferentemente el transporte p\u00fablico y en caso de tener que salir, inf\u00f3rmate de la predicci\u00f3n meteorol\u00f3gica.<br \/>\u2022 Reduce la velocidad a l\u00edmites de seguridad. Un golpe de viento puede desviarte de la trayectoria.<br \/>\u2022 Las motos y los veh\u00edculos de grandes dimensiones, que ofrecen una gran superficie de contacto con el viento (camiones, furgonetas, veh\u00edculos con remolque o roulottes) corren el peligro de volcar ante vientos transversales.<br \/>\u2022 En caso de necesidad, arr\u00edmate a una zona segura y espera a que amaine el viento.<\/p>\n<p style=\"text-align: justify;\"><strong>Previsi\u00f3n del tiempo para hoy<\/strong><br \/>Tampoco hoy mejorar\u00e1 este panorama lluvioso y ventoso que afecta a todo nuestro territorio. Esta pasada noche las lluvias se han centrado por la mitad sur de nuestra Comunidad, especialmente en la provincia de Alicante donde han sido persistentes, localmente fuertes y acompa\u00f1adas de abundante corriente el\u00e9ctrica.<\/p>\n<p style=\"text-align: justify;\">De hecho, hoy las lluvias continuar\u00e1n afectando a este mismo sector y las m\u00e1s persistentes ir\u00e1n centr\u00e1ndose por las comarcas del sur de Valencia y norte de Alicante donde continuar\u00e1n sumando m\u00e1s litros de agua. Menos probabilidad de lluvia cuanto m\u00e1s hacia el norte de Castell\u00f3n nos desplazamos.<\/p>\n<p style=\"text-align: justify;\">Destacar el dur\u00edsimo temporal mar\u00edtimo que afecta a todo nuestro litoral (con olas de m\u00e1s de 4m. de altura) por culpa de un viento entre levante y gregal que est\u00e1 superando los 70 y 80km en gran parte del territorio y que seguir\u00e1 igual durante toda la jornada. Las temperaturas seguir\u00e1n situ\u00e1ndose en valores similares a los de ayer.<\/p>\n<p style=\"text-align: justify;\">Finalmente, de cara a los pr\u00f3ximos d\u00edas, hasta el Lunes 22 seguir\u00e1 este tiempo revuelto, fr\u00edo, con duro temporal mar\u00edtimo de levante y ambiente invernal. En todo caso, habr\u00e1 que seguir de cerca cada nueva salida de los modelos porque las zonas que puedan recibir m\u00e1s lluvia variar\u00e1n sensiblemente.<\/p>\n<p style=\"text-align: justify;\">El Domingo 21 parece ser que estas lluvias podr\u00edan centrarse por el sur de Valencia y norte de Alicante, donde podr\u00edan mostrar un car\u00e1cter m\u00e1s persistente.<\/p>\n<p style=\"text-align: justify;\">El Lunes 22, aunque queda lejos en el plazo de previsi\u00f3n, los modelos apuntan a una reactivaci\u00f3n general de estas precipitaciones. Extremo a\u00fan por definir.<\/p>\n<p style=\"text-align: justify;\">Eso s\u00ed, el Martes 23 entrar\u00eda el ponente y favorecer\u00eda una mejora del tiempo m\u00e1s que notable con subida tambi\u00e9n de las temperaturas.<\/p>\n<p style=\"text-align: justify;\">Por \u00faltimo, es importante tener en cuenta que en las pr\u00f3ximas salidas de los modelos podr\u00e1n haber algunos cambios en la localizaci\u00f3n y distribuci\u00f3n de estas precipitaciones en funci\u00f3n de donde vaya situ\u00e1ndose esta baja en altura que nos afecta. Inforatge estar\u00e1 pendiente de cada uno de los detalles de esta delicada situaci\u00f3n que tenemos a la vista.<\/p>\n<p style=\"line-height: 150%; orphans: 2; text-align: center; widows: 2; word-spacing: 0px;\"><a href=\"contenidos\/IMG-20190420-WA0001.jpg\" target=\"_blank\" rel=\"noopener\"><img fetchpriority=\"high\" decoding=\"async\" src=\"contenidos\/IMG-20190420-WA0001.jpg\" alt=\"\" width=\"500\" height=\"375\" \/><\/a><\/p>\n","protected":false},"excerpt":{"rendered":"<p>El Ayuntamiento de Alzira en previsi\u00f3n de los posibles incidentes ocasionados por el temporal de viento que ha registrado la ciudad en las \u00faltimas horas y que, seg\u00fan las previsiones, se prolongar\u00e1 a lo largo del d\u00eda de hoy, ha decidido cerrado el Parque de l&#8217;Alquenencia. Recordemos que con los fuertes vientos se incrementa el &hellip; <\/p>\n<p class=\"link-more\"><a href=\"https:\/\/alzira.es\/es\/es-tanca-el-parc-de-l-alquenencia-per-vent\/\" class=\"more-link\">Continuar leyendo<span class=\"screen-reader-text\"> \u00abSe cierra el Parque de l&#8217;Alquenencia por viento\u00bb<\/span><\/a><\/p>\n","protected":false},"author":36,"featured_media":0,"comment_status":"","ping_status":"","sticky":false,"template":"","format":"standard","meta":{"_acf_changed":false,"footnotes":""},"categories":[4936],"tags":[],"class_list":["post-41168","post","type-post","status-publish","format-standard","hentry","category-hemeroteca-es"],"acf":[],"_links":{"self":[{"href":"https:\/\/alzira.es\/es\/wp-json\/wp\/v2\/posts\/41168","targetHints":{"allow":["GET"]}}],"collection":[{"href":"https:\/\/alzira.es\/es\/wp-json\/wp\/v2\/posts"}],"about":[{"href":"https:\/\/alzira.es\/es\/wp-json\/wp\/v2\/types\/post"}],"author":[{"embeddable":true,"href":"https:\/\/alzira.es\/es\/wp-json\/wp\/v2\/users\/36"}],"replies":[{"embeddable":true,"href":"https:\/\/alzira.es\/es\/wp-json\/wp\/v2\/comments?post=41168"}],"version-history":[{"count":0,"href":"https:\/\/alzira.es\/es\/wp-json\/wp\/v2\/posts\/41168\/revisions"}],"wp:attachment":[{"href":"https:\/\/alzira.es\/es\/wp-json\/wp\/v2\/media?parent=41168"}],"wp:term":[{"taxonomy":"category","embeddable":true,"href":"https:\/\/alzira.es\/es\/wp-json\/wp\/v2\/categories?post=41168"},{"taxonomy":"post_tag","embeddable":true,"href":"https:\/\/alzira.es\/es\/wp-json\/wp\/v2\/tags?post=41168"}],"curies":[{"name":"wp","href":"https:\/\/api.w.org\/{rel}","templated":true}]}}