{"id":41166,"date":"2019-04-19T12:01:58","date_gmt":"2019-04-19T10:01:58","guid":{"rendered":"https:\/\/alzira.es\/suspesa-la-processo-de-divendres-sant-2\/"},"modified":"2019-04-19T12:01:58","modified_gmt":"2019-04-19T10:01:58","slug":"suspesa-la-processo-de-divendres-sant-2","status":"publish","type":"post","link":"https:\/\/alzira.es\/es\/suspesa-la-processo-de-divendres-sant-2\/","title":{"rendered":"Suspesa la process\u00f3 de Divendres Sant"},"content":{"rendered":"<p style=\"margin-top: 0px; margin-bottom: 6px; font-family: Helvetica, Arial, sans-serif; color: #1d2129; font-size: 14px;\">L&#8217;alcalde, Diego G\u00f3mez, i la vicealcaldessa i regidora de Festes, Isabel Aguilar, en representaci\u00f3 del Govern Municipal, i Vicent F\u00e1bregues, president de la Junta de Germandats i Confraries, junt a membres de la directiva, han realitzat una assemblea extraordinaria per tal de prendre una decisi\u00f3 respecte a la celebraci\u00f3 de la process\u00f3 de Divendres Sant.<\/p>\n<p style=\"margin-top: 6px; margin-bottom: 6px; font-family: Helvetica, Arial, sans-serif; color: #1d2129; font-size: 14px;\">Davant la previsi\u00f3 de pluja persistent per a esta jornada s&#8217;ha pres la decisi\u00f3 un\u00e0nim de SUSPENDRE LA PROCESS\u00d3, ja que la pl<span class=\"text_exposed_show\" style=\"display: inline; font-family: inherit;\">uja deslluix l&#8217;esdeveniment, a m\u00e9s de danyar els passos de la Setmana Santa.<\/span><\/p>\n<div class=\"text_exposed_show\" style=\"display: inline; font-family: Helvetica, Arial, sans-serif; color: #1d2129; font-size: 14px;\">\n<p style=\"margin-top: 0px; margin-bottom: 6px; font-family: inherit;\">S&#8217;informa que al llarg de la jornada de hui alguns dossels romandran oberts per a que es puguen seguir visitant.<\/p>\n<p style=\"margin-top: 6px; margin-bottom: 6px; font-family: inherit;\">Des de la Regidoria de Festes es recorda al ve\u00efnat que haja llogat cadires que es procedir\u00e0 a la devoluci\u00f3 de l&#8217;import a tots els que ho soliciten, per aix\u00f2 s&#8217;habilitaran dies per a tal meneter que s&#8217;anunciaran pr\u00f2ximament. No obstan aix\u00f2, com que la recaptaci\u00f3 \u00e9s solidaria, els diners dels ve\u00efns que desidisquen no reclamar-los seran entregats a L&#8217;Associaci\u00f3 de Families Educadores de la Comunitat Valenciana i DACMA, Dones Afectades per C\u00e0ncer de Mama d&#8217;Alzira, ambd\u00f3s associacions amb seu a la nostra ciutat.<\/p>\n<\/p><\/div>\n<p>&nbsp;<\/p>\n<p>&nbsp;<\/p>\n<p style=\"text-align: center;\"><a href=\"contenidos\/2019419_11501298.jpg\" target=\"_blank\" rel=\"noopener\"><img fetchpriority=\"high\" decoding=\"async\" src=\"contenidos\/2019419_11501298.jpg\" alt=\"\" width=\"500\" height=\"341\" \/><\/a><\/p>\n","protected":false},"excerpt":{"rendered":"<p>L&#8217;alcalde, Diego G\u00f3mez, i la vicealcaldessa i regidora de Festes, Isabel Aguilar, en representaci\u00f3 del Govern Municipal, i Vicent F\u00e1bregues, president de la Junta de Germandats i Confraries, junt a membres de la directiva, han realitzat una assemblea extraordinaria per tal de prendre una decisi\u00f3 respecte a la celebraci\u00f3 de la process\u00f3 de Divendres Sant. &hellip; <\/p>\n<p class=\"link-more\"><a href=\"https:\/\/alzira.es\/es\/suspesa-la-processo-de-divendres-sant-2\/\" class=\"more-link\">Continuar leyendo<span class=\"screen-reader-text\"> \u00abSuspesa la process\u00f3 de Divendres Sant\u00bb<\/span><\/a><\/p>\n","protected":false},"author":36,"featured_media":0,"comment_status":"","ping_status":"","sticky":false,"template":"","format":"standard","meta":{"_acf_changed":false,"footnotes":""},"categories":[],"tags":[],"class_list":["post-41166","post","type-post","status-publish","format-standard","hentry"],"acf":[],"_links":{"self":[{"href":"https:\/\/alzira.es\/es\/wp-json\/wp\/v2\/posts\/41166","targetHints":{"allow":["GET"]}}],"collection":[{"href":"https:\/\/alzira.es\/es\/wp-json\/wp\/v2\/posts"}],"about":[{"href":"https:\/\/alzira.es\/es\/wp-json\/wp\/v2\/types\/post"}],"author":[{"embeddable":true,"href":"https:\/\/alzira.es\/es\/wp-json\/wp\/v2\/users\/36"}],"replies":[{"embeddable":true,"href":"https:\/\/alzira.es\/es\/wp-json\/wp\/v2\/comments?post=41166"}],"version-history":[{"count":0,"href":"https:\/\/alzira.es\/es\/wp-json\/wp\/v2\/posts\/41166\/revisions"}],"wp:attachment":[{"href":"https:\/\/alzira.es\/es\/wp-json\/wp\/v2\/media?parent=41166"}],"wp:term":[{"taxonomy":"category","embeddable":true,"href":"https:\/\/alzira.es\/es\/wp-json\/wp\/v2\/categories?post=41166"},{"taxonomy":"post_tag","embeddable":true,"href":"https:\/\/alzira.es\/es\/wp-json\/wp\/v2\/tags?post=41166"}],"curies":[{"name":"wp","href":"https:\/\/api.w.org\/{rel}","templated":true}]}}