{"id":41164,"date":"2019-04-19T12:01:58","date_gmt":"2019-04-19T10:01:58","guid":{"rendered":"https:\/\/alzira.es\/suspesa-la-processo-de-divendres-sant\/"},"modified":"2019-04-19T12:01:58","modified_gmt":"2019-04-19T10:01:58","slug":"suspesa-la-processo-de-divendres-sant","status":"publish","type":"post","link":"https:\/\/alzira.es\/es\/suspesa-la-processo-de-divendres-sant\/","title":{"rendered":"Suspendida la procesi\u00f3n de Viernes Santo"},"content":{"rendered":"<p style=\"margin-top: 0px; margin-bottom: 6px; font-family: Helvetica, Arial, sans-serif; color: #1d2129; font-size: 14px; text-align: justify;\">El alcalde, Diego G\u00f3mez; y la vicealcaldesa y concejala de Fiestas, Isabel Aguilar; en representaci\u00f3n del Gobierno Municipal, y Vicent F\u00e1bregues, presidente de la Junta de Hermandades y Cofrad\u00edas; junto a miembros de la directiva, han realizado una asamblea extraordinaria para fin de tomar una decisi\u00f3n respecto a la celebraci\u00f3n de la procesi\u00f3n de Viernes Santo.<\/p>\n<p style=\"text-align: justify;\">Ante la previsi\u00f3n de lluvia persistente para esta jornada se ha tomado la decisi\u00f3n un\u00e1nime de SUSPENDER LA PROCESI\u00d3N, ya que la lluvia desluce el evento, adem\u00e1s de da\u00f1ar los pasos de la Semana Santa.<\/p>\n<p style=\"text-align: justify;\">Se informa que a lo largo de la jornada de hoy algunos Dossel permanecer\u00e1n abiertos para que se puedan seguir visitando.<\/p>\n<p style=\"text-align: justify;\">Desde la Concejal\u00eda de Fiestas se recuerda al vecindario que haya alquilado sillas que se proceder\u00e1 a la devoluci\u00f3n del importe a todos los que lo soliciten, por ello se habilitar\u00e1n d\u00edas los cuales se anunciar\u00e1n pr\u00f3ximamente. No obstante, debido a que la recaudaci\u00f3n es solidaria, el dinero de los vecinos que decidan no reclamarlo ser\u00e1 entregados a la Asociaci\u00f3n de Familias Educadoras en la Comunidad Valenciana y DACMA, Mujeres Afectadas por C\u00e1ncer de Mama de Alzira, ambos asociaciones con sede en nuestra ciudad.<\/p>\n<p>&nbsp;<\/p>\n<p>&nbsp;<\/p>\n<p style=\"text-align: center;\"><a href=\"contenidos\/2019419_11501298.jpg\" target=\"_blank\" rel=\"noopener\"><img fetchpriority=\"high\" decoding=\"async\" src=\"contenidos\/2019419_11501298.jpg\" alt=\"\" width=\"500\" height=\"341\" \/><\/a><\/p>\n","protected":false},"excerpt":{"rendered":"<p>El alcalde, Diego G\u00f3mez; y la vicealcaldesa y concejala de Fiestas, Isabel Aguilar; en representaci\u00f3n del Gobierno Municipal, y Vicent F\u00e1bregues, presidente de la Junta de Hermandades y Cofrad\u00edas; junto a miembros de la directiva, han realizado una asamblea extraordinaria para fin de tomar una decisi\u00f3n respecto a la celebraci\u00f3n de la procesi\u00f3n de Viernes &hellip; <\/p>\n<p class=\"link-more\"><a href=\"https:\/\/alzira.es\/es\/suspesa-la-processo-de-divendres-sant\/\" class=\"more-link\">Continuar leyendo<span class=\"screen-reader-text\"> \u00abSuspendida la procesi\u00f3n de Viernes Santo\u00bb<\/span><\/a><\/p>\n","protected":false},"author":36,"featured_media":0,"comment_status":"","ping_status":"","sticky":false,"template":"","format":"standard","meta":{"_acf_changed":false,"footnotes":""},"categories":[4936],"tags":[],"class_list":["post-41164","post","type-post","status-publish","format-standard","hentry","category-hemeroteca-es"],"acf":[],"_links":{"self":[{"href":"https:\/\/alzira.es\/es\/wp-json\/wp\/v2\/posts\/41164","targetHints":{"allow":["GET"]}}],"collection":[{"href":"https:\/\/alzira.es\/es\/wp-json\/wp\/v2\/posts"}],"about":[{"href":"https:\/\/alzira.es\/es\/wp-json\/wp\/v2\/types\/post"}],"author":[{"embeddable":true,"href":"https:\/\/alzira.es\/es\/wp-json\/wp\/v2\/users\/36"}],"replies":[{"embeddable":true,"href":"https:\/\/alzira.es\/es\/wp-json\/wp\/v2\/comments?post=41164"}],"version-history":[{"count":0,"href":"https:\/\/alzira.es\/es\/wp-json\/wp\/v2\/posts\/41164\/revisions"}],"wp:attachment":[{"href":"https:\/\/alzira.es\/es\/wp-json\/wp\/v2\/media?parent=41164"}],"wp:term":[{"taxonomy":"category","embeddable":true,"href":"https:\/\/alzira.es\/es\/wp-json\/wp\/v2\/categories?post=41164"},{"taxonomy":"post_tag","embeddable":true,"href":"https:\/\/alzira.es\/es\/wp-json\/wp\/v2\/tags?post=41164"}],"curies":[{"name":"wp","href":"https:\/\/api.w.org\/{rel}","templated":true}]}}