{"id":41162,"date":"2019-04-18T13:24:15","date_gmt":"2019-04-18T11:24:15","guid":{"rendered":"https:\/\/alzira.es\/alzira-valora-la-situacio-meteorologica-de-cara-als-propers-dies\/"},"modified":"2019-04-18T13:24:15","modified_gmt":"2019-04-18T11:24:15","slug":"alzira-valora-la-situacio-meteorologica-de-cara-als-propers-dies","status":"publish","type":"post","link":"https:\/\/alzira.es\/es\/alzira-valora-la-situacio-meteorologica-de-cara-als-propers-dies\/","title":{"rendered":"Alzira valora la situaci\u00f3 meteorol\u00f2gica de cara als propers dies"},"content":{"rendered":"<p style=\"text-align: justify;\"><strong><a href=\"https:\/\/alzira.es\/wp-content\/uploads\/2019\/04\/IMG000011869.jpg\" target=\"_blank\" rel=\"noopener\"><img fetchpriority=\"high\" decoding=\"async\" class=\" alignleft size-full wp-image-41159\" style=\"margin-right: 10px; float: left;\" title=\"Alzira valora la situaci\u00f3 meteorol\u00f2gica de cara als propers dies \" src=\"https:\/\/alzira.es\/wp-content\/uploads\/2019\/04\/IMG000011869.jpg\" alt=\"IMG000011869\" width=\"600\" height=\"302\" srcset=\"https:\/\/alzira.es\/wp-content\/uploads\/2019\/04\/IMG000011869.jpg 1200w, https:\/\/alzira.es\/wp-content\/uploads\/2019\/04\/IMG000011869-680x342.jpg 680w, https:\/\/alzira.es\/wp-content\/uploads\/2019\/04\/IMG000011869-768x387.jpg 768w\" sizes=\"(max-width: 600px) 100vw, 600px\" \/><\/a>Alzira, 18 d&#8217;abril de 2019 \u2013<\/strong> L&#8217;Ajuntament d&#8217;Alzira ha celebrat este mat\u00ed una reuni\u00f3 per a valorar la situaci\u00f3 climatol\u00f2gica adversa que anuncien les previsions de pluja en quantitat elevada a partir de dem\u00e0.<\/p>\n<p style=\"text-align: justify;\">L&#8217;alcalde, Diego G\u00f3mez, la Regidora de Seguretat, Sara Gar\u00e9s, El Regidor de Serveis P\u00fablics, Fernando Pascual els t\u00e8cnics municipals dels departaments d&#8217;Infraestructures, Oficina T\u00e8cnica i Policia Local han assistit a esta reuni\u00f3 en la que s&#8217;ha fet una valoraci\u00f3 de les possibles actuacions en funci\u00f3 de les situacions de pluja.<\/p>\n<p style=\"text-align: justify;\">\u00abEstem molt atents a l&#8217;evoluci\u00f3 de les previsions de l&#8217;oratge. Tots els dispositius al nostre abast estan preparats\u00bb assegura l&#8217;alcalde.<\/p>\n<p style=\"text-align: justify;\">A la reuni\u00f3 s&#8217;ha programat fer un seguiment exhaustiu de les pluges als diferents punts de la Ciutat, especialment als barrancs, el Canal de les Bases, la zona alta del Respirall i el Rac\u00f3. En primer lloc s&#8217;ha procedit de manera immediata a revisar les infraestructures del municipi al Canal de les Bases i esta mateixa setmana s&#8217;han comprovat el correcte funcionament dels dispositius autom\u00e0tics del Pont de X\u00e0tiva al Barranc de la Casella.<\/p>\n<p style=\"text-align: justify;\">A hores d&#8217;ara s&#8217;han portat a terme les tasques de neteja dels albellons especialment en les zones amb m\u00e9s arbratge, per tal de facilitar el pas de l&#8217;aigua. A m\u00e9s, com indica el protocol de pluja, en cas de que es decrete preemerg\u00e8ncia taronja es procediria a obrir les trapes dels claveguerams.<\/p>\n<p style=\"text-align: justify;\">Ahir per la vesprada ja es va celebrar una primera reuni\u00f3 amb serveis P\u00fablics, Aig\u00fces de Val\u00e8ncia i l&#8217;empresa FCC per tal de coordinar les possibles actuacions.<\/p>\n<p style=\"text-align: justify;\">Tota la informaci\u00f3 estar\u00e0 a l&#8217;abast dels ciutadans i ciutadanes a trav\u00e9s de les xarxes Socials de l&#8217;Ajuntament d&#8217;Alzira, Alzira R\u00e0dio i Policia Local.<br \/>A m\u00e9s es pot consultar la previsi\u00f3 meteorol\u00f2gica a la web <span style=\"color: #0000ff;\">www.alzira.es<\/span>.<\/p>\n<p style=\"text-align: justify;\"><strong>Consells Pluja 112<\/strong><\/p>\n<p style=\"text-align: justify;\">\u2022 Informa&#8217;t del nivell de risc del teu municipi i si el lloc on vius est\u00e0 situat en una zona inundable.<br \/>\u2022 Revisa la vivenda. Neteja les baixants i canalitzacions.<br \/>\u2022 Procura estar informat de l&#8217;evoluci\u00f3 de la situaci\u00f3.<br \/>\u2022 Informa&#8217;t de l&#8217;evoluci\u00f3 de la situaci\u00f3 pels mitjans de comunicaci\u00f3 m\u00e9s fiables i no propagues rumors o not\u00edcies exagerades de danys.<br \/>\u2022 Retira els vehicles de les zones que puguen inundar-se i allunya&#8217;t de les riberes dels rius i barrancs.<br \/>\u2022 Circula preferentment per carreteres principals i autopistes, moderant la velocitat i mai creues amb el teu vehicle guals que salven barrancs o altres trams de carretera si estan inundats.<br \/>\u2022 Per a m\u00e9s informaci\u00f3 tamb\u00e9 poden consultar la web del 112 CV:<span style=\"color: #0000ff;\">www.112cv.gva.es<\/span><\/p>\n<p style=\"text-align: justify;\"><span style=\"color: #0000ff;\"><\/span><\/p>\n","protected":false},"excerpt":{"rendered":"<p>Alzira, 18 d&#8217;abril de 2019 \u2013 L&#8217;Ajuntament d&#8217;Alzira ha celebrat este mat\u00ed una reuni\u00f3 per a valorar la situaci\u00f3 climatol\u00f2gica adversa que anuncien les previsions de pluja en quantitat elevada a partir de dem\u00e0. L&#8217;alcalde, Diego G\u00f3mez, la Regidora de Seguretat, Sara Gar\u00e9s, El Regidor de Serveis P\u00fablics, Fernando Pascual els t\u00e8cnics municipals dels departaments &hellip; <\/p>\n<p class=\"link-more\"><a href=\"https:\/\/alzira.es\/es\/alzira-valora-la-situacio-meteorologica-de-cara-als-propers-dies\/\" class=\"more-link\">Continuar leyendo<span class=\"screen-reader-text\"> \u00abAlzira valora la situaci\u00f3 meteorol\u00f2gica de cara als propers dies\u00bb<\/span><\/a><\/p>\n","protected":false},"author":12,"featured_media":41159,"comment_status":"","ping_status":"","sticky":false,"template":"","format":"standard","meta":{"_acf_changed":false,"footnotes":""},"categories":[],"tags":[],"class_list":["post-41162","post","type-post","status-publish","format-standard","has-post-thumbnail","hentry"],"acf":[],"_links":{"self":[{"href":"https:\/\/alzira.es\/es\/wp-json\/wp\/v2\/posts\/41162","targetHints":{"allow":["GET"]}}],"collection":[{"href":"https:\/\/alzira.es\/es\/wp-json\/wp\/v2\/posts"}],"about":[{"href":"https:\/\/alzira.es\/es\/wp-json\/wp\/v2\/types\/post"}],"author":[{"embeddable":true,"href":"https:\/\/alzira.es\/es\/wp-json\/wp\/v2\/users\/12"}],"replies":[{"embeddable":true,"href":"https:\/\/alzira.es\/es\/wp-json\/wp\/v2\/comments?post=41162"}],"version-history":[{"count":0,"href":"https:\/\/alzira.es\/es\/wp-json\/wp\/v2\/posts\/41162\/revisions"}],"wp:featuredmedia":[{"embeddable":true,"href":"https:\/\/alzira.es\/es\/wp-json\/wp\/v2\/media\/41159"}],"wp:attachment":[{"href":"https:\/\/alzira.es\/es\/wp-json\/wp\/v2\/media?parent=41162"}],"wp:term":[{"taxonomy":"category","embeddable":true,"href":"https:\/\/alzira.es\/es\/wp-json\/wp\/v2\/categories?post=41162"},{"taxonomy":"post_tag","embeddable":true,"href":"https:\/\/alzira.es\/es\/wp-json\/wp\/v2\/tags?post=41162"}],"curies":[{"name":"wp","href":"https:\/\/api.w.org\/{rel}","templated":true}]}}