{"id":41161,"date":"2019-04-18T13:24:15","date_gmt":"2019-04-18T11:24:15","guid":{"rendered":"https:\/\/alzira.es\/alzira-valora-la-situacion-meteorologica-para-los-proximos-dias\/"},"modified":"2019-04-18T13:24:15","modified_gmt":"2019-04-18T11:24:15","slug":"alzira-valora-la-situacion-meteorologica-para-los-proximos-dias","status":"publish","type":"post","link":"https:\/\/alzira.es\/es\/alzira-valora-la-situacion-meteorologica-para-los-proximos-dias\/","title":{"rendered":"Alzira valora la situaci\u00f3n meteorol\u00f3gica para los pr\u00f3ximos d\u00edas"},"content":{"rendered":"<p style=\"text-align: justify;\"><strong><a href=\"https:\/\/alzira.es\/wp-content\/uploads\/2019\/04\/IMG000011869.jpg\" target=\"_blank\" rel=\"noopener\"><img fetchpriority=\"high\" decoding=\"async\" class=\" alignleft size-full wp-image-41159\" style=\"margin-right: 10px; float: left;\" title=\"Alzira valora la situaci\u00f3n meteorol\u00f3gica para los pr\u00f3ximos d\u00edas\" src=\"https:\/\/alzira.es\/wp-content\/uploads\/2019\/04\/IMG000011869.jpg\" alt=\"IMG000011869\" width=\"600\" height=\"302\" srcset=\"https:\/\/alzira.es\/wp-content\/uploads\/2019\/04\/IMG000011869.jpg 1200w, https:\/\/alzira.es\/wp-content\/uploads\/2019\/04\/IMG000011869-680x342.jpg 680w, https:\/\/alzira.es\/wp-content\/uploads\/2019\/04\/IMG000011869-768x387.jpg 768w\" sizes=\"(max-width: 600px) 100vw, 600px\" \/><\/a>Alzira, 18 de abril de 2019 &#8211;<\/strong> El Ayuntamiento de Alzira ha celebrado esta ma\u00f1ana una reuni\u00f3n para valorar la situaci\u00f3n climatol\u00f3gica adversa que anuncian las previsiones de lluvia en cantidad elevada a partir de ma\u00f1ana.<\/p>\n<p style=\"text-align: justify;\">El alcalde, Diego G\u00f3mez; la Concejala de Seguridad, Sara Gar\u00e9s; el Concejal de Servicios P\u00fablicos, Fernando Pascual; y los t\u00e9cnicos municipales de los departamentos de Infraestructuras, Oficina T\u00e9cnica y Polic\u00eda Local han asistido a esta reuni\u00f3n en la que se ha hecho una valoraci\u00f3n de las posibles actuaciones en funci\u00f3n de las situaciones de lluvia.<\/p>\n<p style=\"text-align: justify;\">\u00abEstamos muy atentos a la evoluci\u00f3n de las previsiones del tiempo. Todos los dispositivos a nuestro alcance est\u00e1n preparados\u00bb asegura el alcalde.<\/p>\n<p style=\"text-align: justify;\">En la reuni\u00f3n se ha programado para hacer un seguimiento exhaustivo de las lluvias en los diferentes puntos de la ciudad, especialmente a los barrancos, el canal de las Bases, la zona alta del Respirall y el Rac\u00f3. En primer lugar se ha procedido de manera inmediata a revisar las infraestructuras del municipio en el Canal de les Basses y esta misma semana se ha comprobado el correcto funcionamiento de los dispositivos autom\u00e1ticos del Puente de X\u00e0tiva y el Barranc de la Casella.<\/p>\n<p style=\"text-align: justify;\">A estas alturas se han llevado a cabo las tareas de limpieza de los sumideros, especialmente en las zonas con m\u00e1s arbolado, para facilitar el paso del agua. Adem\u00e1s, como indica el protocolo de lluvia, en caso de que se decrete preemergencia naranja se proceder\u00eda a abrir las trampillas de los alcantarillados.<\/p>\n<p style=\"text-align: justify;\">Ayer por la tarde ya se celebr\u00f3 una primera reuni\u00f3n con servicios P\u00fablicos, Aguas de Valencia y la empresa FCC para coordinar las posibles actuaciones.<\/p>\n<p style=\"text-align: justify;\">Toda la informaci\u00f3n estar\u00e1 al alcance de los ciudadanos a trav\u00e9s de las redes sociales del Ayuntamiento de Alzira, Alzira Radio y Polic\u00eda Local.<br \/>Adem\u00e1s se puede consultar la previsi\u00f3n meteorol\u00f3gica en la web <span style=\"color: #0000ff;\">www.alzira.es<\/span>.<\/p>\n<p style=\"text-align: justify;\"><strong>Consejos Lluvia 112<\/strong><\/p>\n<p style=\"text-align: justify;\">\u2022 Inf\u00f3rmate del nivel de riesgo de tu municipio y si el lugar donde vives est\u00e1 situado en una zona inundable.<br \/>\u2022 Revisa la vivienda. Limpia las bajantes y canalizaciones.<br \/>\u2022 Procura estar informado de la evoluci\u00f3n de la situaci\u00f3n.<br \/>\u2022 Inf\u00f3rmate de la evoluci\u00f3n de la situaci\u00f3n por los medios de comunicaci\u00f3n m\u00e1s fiables y no propague rumores o noticias exageradas de da\u00f1os.<br \/>\u2022 Retirar los veh\u00edculos de las zonas que puedan inundarse y alejarse de las riberas de los r\u00edos y barrancos.<br \/>\u2022 Circula preferentemente por carreteras principales y autopistas, moderando la velocidad y nunca cruzar con el veh\u00edculo&nbsp; barrancos u otros tramos de carretera si est\u00e1n inundados.<br \/>\u2022 Para m\u00e1s informaci\u00f3n tambi\u00e9n pueden consultar la web del 112 CV:<span style=\"color: #0000ff;\"> www.112cv.gva.es<\/span><\/p>\n","protected":false},"excerpt":{"rendered":"<p>Alzira, 18 de abril de 2019 &#8211; El Ayuntamiento de Alzira ha celebrado esta ma\u00f1ana una reuni\u00f3n para valorar la situaci\u00f3n climatol\u00f3gica adversa que anuncian las previsiones de lluvia en cantidad elevada a partir de ma\u00f1ana. El alcalde, Diego G\u00f3mez; la Concejala de Seguridad, Sara Gar\u00e9s; el Concejal de Servicios P\u00fablicos, Fernando Pascual; y los &hellip; <\/p>\n<p class=\"link-more\"><a href=\"https:\/\/alzira.es\/es\/alzira-valora-la-situacion-meteorologica-para-los-proximos-dias\/\" class=\"more-link\">Continuar leyendo<span class=\"screen-reader-text\"> \u00abAlzira valora la situaci\u00f3n meteorol\u00f3gica para los pr\u00f3ximos d\u00edas\u00bb<\/span><\/a><\/p>\n","protected":false},"author":12,"featured_media":41159,"comment_status":"","ping_status":"","sticky":false,"template":"","format":"standard","meta":{"_acf_changed":false,"footnotes":""},"categories":[4936],"tags":[],"class_list":["post-41161","post","type-post","status-publish","format-standard","has-post-thumbnail","hentry","category-hemeroteca-es"],"acf":[],"_links":{"self":[{"href":"https:\/\/alzira.es\/es\/wp-json\/wp\/v2\/posts\/41161","targetHints":{"allow":["GET"]}}],"collection":[{"href":"https:\/\/alzira.es\/es\/wp-json\/wp\/v2\/posts"}],"about":[{"href":"https:\/\/alzira.es\/es\/wp-json\/wp\/v2\/types\/post"}],"author":[{"embeddable":true,"href":"https:\/\/alzira.es\/es\/wp-json\/wp\/v2\/users\/12"}],"replies":[{"embeddable":true,"href":"https:\/\/alzira.es\/es\/wp-json\/wp\/v2\/comments?post=41161"}],"version-history":[{"count":0,"href":"https:\/\/alzira.es\/es\/wp-json\/wp\/v2\/posts\/41161\/revisions"}],"wp:featuredmedia":[{"embeddable":true,"href":"https:\/\/alzira.es\/es\/wp-json\/wp\/v2\/media\/41159"}],"wp:attachment":[{"href":"https:\/\/alzira.es\/es\/wp-json\/wp\/v2\/media?parent=41161"}],"wp:term":[{"taxonomy":"category","embeddable":true,"href":"https:\/\/alzira.es\/es\/wp-json\/wp\/v2\/categories?post=41161"},{"taxonomy":"post_tag","embeddable":true,"href":"https:\/\/alzira.es\/es\/wp-json\/wp\/v2\/tags?post=41161"}],"curies":[{"name":"wp","href":"https:\/\/api.w.org\/{rel}","templated":true}]}}