{"id":41157,"date":"2019-04-18T12:17:37","date_gmt":"2019-04-18T10:17:37","guid":{"rendered":"https:\/\/alzira.es\/la-casa-consistorial-d-alzira-completa-la-seua-adaptacio-per-a-persones-amb-autisme\/"},"modified":"2019-04-18T12:17:37","modified_gmt":"2019-04-18T10:17:37","slug":"la-casa-consistorial-d-alzira-completa-la-seua-adaptacio-per-a-persones-amb-autisme","status":"publish","type":"post","link":"https:\/\/alzira.es\/es\/la-casa-consistorial-d-alzira-completa-la-seua-adaptacio-per-a-persones-amb-autisme\/","title":{"rendered":"La Casa Consistorial d\u2019Alzira completa la seua adaptaci\u00f3 per a persones amb autisme"},"content":{"rendered":"<p style=\"text-align: justify;\"><strong>Alzira, 18 d&#8217;abril de 2019.-<\/strong> Hui es completa l&#8217;adaptaci\u00f3 dels diferents departaments de la Casa Consistorial amb senyalectica que fa \u00fas de pictogrames.<\/p>\n<p style=\"text-align: justify;\">La passada setmana es va instal\u2022lar el directori de totes les plantes i departaments de l&#8217;Ajuntament en l&#8217;entrada de l&#8217;edifici i hui es completar\u00e0 amb les indicacions de cada planta. Aix\u00ed mateix tamb\u00e9 s&#8217;ha completat la instal\u2022laci\u00f3 dels elements identificatius en la biblioteca i s&#8217;est\u00e0 treballant en els de l&#8217;edifici de La Clau i Idea.<br \/>Per a poder fer-ho possible s&#8217;han utilitzat pictogrames, proporcionats en la majoria per Arasaac, el Portal Aragon\u00e9s de la Comunicaci\u00f3 Augmentativa i Alternativa.<\/p>\n<p style=\"text-align: justify;\">El projecte sorgix en vore que els espais, tant p\u00fablics com privats, no estaven adaptats a les persones amb necessitats educatives i, m\u00e9s concretament, a les persones amb autisme.<br \/>La comunicaci\u00f3 i el llenguatge s\u00f3n essencials per a relacionar-se, aprendre i per a participar en la societat. Gr\u00e0cies a estos sistemes les persones, que, per qualsevol causa, no han adquirit o han perdut un nivell de parla suficient per comunicar-se de forma satisfact\u00f2ria, necessiten utilitzar un SAAC, un Sistema Alternatiu i Augmentatiu de Comunicaci\u00f3.<\/p>\n<p style=\"text-align: justify;\">La finalitat d&#8217;este programa \u00e9s proporcionar anticipadors visuals que ajuden a una major comprensi\u00f3 de l&#8217;entorn i de les seues rutines, ja que \u00e9s necessari adaptar i facilitar espais p\u00fablics perqu\u00e8 la informaci\u00f3 puga ser accessible per a les persones amb TEA o amb altres condicions que provoquen dificultats per a accedir a la informaci\u00f3.<br \/>Cal recordar, a m\u00e9s, que la senyalitzaci\u00f3 de la Casa Consistorial es trobava obsoleta i no aprofitava per a la seua finalitat. D&#8217;altra banda, l&#8217;Ajuntament ha considerat que la instal\u2022laci\u00f3 de senyalitzacions amb pictogrames en depend\u00e8ncies municipals destinades a un servici p\u00fablic faria accessible la informaci\u00f3 institucional tant a les persones estrangeres com a les persones amb dificultat visual o d&#8217;altres tipus.<\/p>\n<p style=\"text-align: justify;\"><strong>Projecte d&#8217;IDINEA (Institut de Diagnostic i Intervenci\u00f3 de persones dins de l&#8217;Espectre Autista)<\/strong><\/p>\n<p style=\"text-align: justify;\">L&#8217;Ajuntament d&#8217;Alzira, va aprovar en Junta de Govern l&#8217;adaptaci\u00f3 i accessibilitat d&#8217;espais p\u00fablics de la ciutat per a persones amb necessitats educatives i amb Trastorn de l&#8217;Espectre Autista (TEA), ha accedit en l&#8217;\u00faltima Junta de Govern a aprovar un projecte que beneficiar\u00e0 i ajudar\u00e0 este col\u2022lectiu de persones. Es tracta d&#8217;una iniciativa del programa IDINEA que desenvolupa la seua activitat dins de l&#8217;Associaci\u00f3 La Nostra Veu.<\/p>\n<p style=\"text-align: justify;\">Els espais que finalment comptaran amb l&#8217;adaptaci\u00f3 visual s\u00f3n: la Casa Consistorial, les depend\u00e8ncies de Recaptaci\u00f3, Guarda Rural, IDEA, l&#8217;edifici de la Clau i els Paratges Naturals de la Murta i la Casella, la Casa de la Cultura, la Biblioteca, el Gran Teatre i el Museu Faller.<\/p>\n<p style=\"text-align: justify;\">&nbsp;<\/p>\n<p style=\"text-align: center;\"><a href=\"https:\/\/alzira.es\/wp-content\/uploads\/2019\/04\/IMG-20190411-WA0012.jpg\" target=\"_blank\" rel=\"noopener\"><img fetchpriority=\"high\" decoding=\"async\" class=\" size-full wp-image-41138\" title=\"La Casa Consistorial d\u2019Alzira completa la seua adaptaci\u00f3 per a persones amb autisme\" src=\"https:\/\/alzira.es\/wp-content\/uploads\/2019\/04\/IMG-20190411-WA0012.jpg\" alt=\"IMG-20190411-WA0012\" width=\"300\" height=\"400\" srcset=\"https:\/\/alzira.es\/wp-content\/uploads\/2019\/04\/IMG-20190411-WA0012.jpg 1200w, https:\/\/alzira.es\/wp-content\/uploads\/2019\/04\/IMG-20190411-WA0012-383x510.jpg 383w, https:\/\/alzira.es\/wp-content\/uploads\/2019\/04\/IMG-20190411-WA0012-804x1072.jpg 804w, https:\/\/alzira.es\/wp-content\/uploads\/2019\/04\/IMG-20190411-WA0012-768x1024.jpg 768w, https:\/\/alzira.es\/wp-content\/uploads\/2019\/04\/IMG-20190411-WA0012-1152x1536.jpg 1152w\" sizes=\"(max-width: 300px) 100vw, 300px\" \/><\/a>&nbsp;<a href=\"https:\/\/alzira.es\/wp-content\/uploads\/2019\/04\/IMG-20190411-WA0002.jpg\" target=\"_blank\" rel=\"noopener\"><img decoding=\"async\" class=\"size-full wp-image-41141 lazyload\" title=\"La Casa Consistorial d\u2019Alzira completa la seua adaptaci\u00f3 per a persones amb autisme\" data-src=\"https:\/\/alzira.es\/wp-content\/uploads\/2019\/04\/IMG-20190411-WA0002.jpg\" alt=\"IMG-20190411-WA0002\" width=\"300\" height=\"400\" data-srcset=\"https:\/\/alzira.es\/wp-content\/uploads\/2019\/04\/IMG-20190411-WA0002.jpg 1200w, https:\/\/alzira.es\/wp-content\/uploads\/2019\/04\/IMG-20190411-WA0002-383x510.jpg 383w, https:\/\/alzira.es\/wp-content\/uploads\/2019\/04\/IMG-20190411-WA0002-804x1072.jpg 804w, https:\/\/alzira.es\/wp-content\/uploads\/2019\/04\/IMG-20190411-WA0002-768x1024.jpg 768w, https:\/\/alzira.es\/wp-content\/uploads\/2019\/04\/IMG-20190411-WA0002-1152x1536.jpg 1152w\" data-sizes=\"(max-width: 300px) 100vw, 300px\" src=\"data:image\/svg+xml;base64,PHN2ZyB3aWR0aD0iMSIgaGVpZ2h0PSIxIiB4bWxucz0iaHR0cDovL3d3dy53My5vcmcvMjAwMC9zdmciPjwvc3ZnPg==\" style=\"--smush-placeholder-width: 300px; --smush-placeholder-aspect-ratio: 300\/400;\" \/><\/a>&nbsp;<a href=\"https:\/\/alzira.es\/wp-content\/uploads\/2019\/04\/IMG-20190411-WA0003.jpg\" target=\"_blank\" rel=\"noopener\"><img decoding=\"async\" class=\"size-full wp-image-41143 lazyload\" title=\"La Casa Consistorial d\u2019Alzira completa la seua adaptaci\u00f3 per a persones amb autisme\" data-src=\"https:\/\/alzira.es\/wp-content\/uploads\/2019\/04\/IMG-20190411-WA0003.jpg\" alt=\"IMG-20190411-WA0003\" width=\"300\" height=\"400\" data-srcset=\"https:\/\/alzira.es\/wp-content\/uploads\/2019\/04\/IMG-20190411-WA0003.jpg 1200w, https:\/\/alzira.es\/wp-content\/uploads\/2019\/04\/IMG-20190411-WA0003-383x510.jpg 383w, https:\/\/alzira.es\/wp-content\/uploads\/2019\/04\/IMG-20190411-WA0003-804x1072.jpg 804w, https:\/\/alzira.es\/wp-content\/uploads\/2019\/04\/IMG-20190411-WA0003-768x1024.jpg 768w, https:\/\/alzira.es\/wp-content\/uploads\/2019\/04\/IMG-20190411-WA0003-1152x1536.jpg 1152w\" data-sizes=\"(max-width: 300px) 100vw, 300px\" src=\"data:image\/svg+xml;base64,PHN2ZyB3aWR0aD0iMSIgaGVpZ2h0PSIxIiB4bWxucz0iaHR0cDovL3d3dy53My5vcmcvMjAwMC9zdmciPjwvc3ZnPg==\" style=\"--smush-placeholder-width: 300px; --smush-placeholder-aspect-ratio: 300\/400;\" \/><\/a><\/p>\n<p style=\"text-align: center;\"><a href=\"https:\/\/alzira.es\/wp-content\/uploads\/2019\/04\/IMG-20190411-WA0009.jpg\" target=\"_blank\" rel=\"noopener\"><img decoding=\"async\" class=\"size-full wp-image-41146 lazyload\" title=\"La Casa Consistorial d\u2019Alzira completa la seua adaptaci\u00f3 per a persones amb autisme\" data-src=\"https:\/\/alzira.es\/wp-content\/uploads\/2019\/04\/IMG-20190411-WA0009.jpg\" alt=\"IMG-20190411-WA0009\" width=\"400\" height=\"300\" data-srcset=\"https:\/\/alzira.es\/wp-content\/uploads\/2019\/04\/IMG-20190411-WA0009.jpg 1600w, https:\/\/alzira.es\/wp-content\/uploads\/2019\/04\/IMG-20190411-WA0009-680x510.jpg 680w, https:\/\/alzira.es\/wp-content\/uploads\/2019\/04\/IMG-20190411-WA0009-1430x1072.jpg 1430w, https:\/\/alzira.es\/wp-content\/uploads\/2019\/04\/IMG-20190411-WA0009-768x576.jpg 768w, https:\/\/alzira.es\/wp-content\/uploads\/2019\/04\/IMG-20190411-WA0009-1536x1152.jpg 1536w\" data-sizes=\"(max-width: 400px) 100vw, 400px\" src=\"data:image\/svg+xml;base64,PHN2ZyB3aWR0aD0iMSIgaGVpZ2h0PSIxIiB4bWxucz0iaHR0cDovL3d3dy53My5vcmcvMjAwMC9zdmciPjwvc3ZnPg==\" style=\"--smush-placeholder-width: 400px; --smush-placeholder-aspect-ratio: 400\/300;\" \/><\/a>&nbsp;<a href=\"https:\/\/alzira.es\/wp-content\/uploads\/2019\/04\/IMG-20190411-WA0005.jpg\" target=\"_blank\" rel=\"noopener\"><img decoding=\"async\" class=\"size-full wp-image-41149 lazyload\" title=\"La Casa Consistorial d\u2019Alzira completa la seua adaptaci\u00f3 per a persones amb autisme\" data-src=\"https:\/\/alzira.es\/wp-content\/uploads\/2019\/04\/IMG-20190411-WA0005.jpg\" alt=\"IMG-20190411-WA0005\" width=\"225\" height=\"300\" data-srcset=\"https:\/\/alzira.es\/wp-content\/uploads\/2019\/04\/IMG-20190411-WA0005.jpg 1200w, https:\/\/alzira.es\/wp-content\/uploads\/2019\/04\/IMG-20190411-WA0005-383x510.jpg 383w, https:\/\/alzira.es\/wp-content\/uploads\/2019\/04\/IMG-20190411-WA0005-804x1072.jpg 804w, https:\/\/alzira.es\/wp-content\/uploads\/2019\/04\/IMG-20190411-WA0005-768x1024.jpg 768w, https:\/\/alzira.es\/wp-content\/uploads\/2019\/04\/IMG-20190411-WA0005-1152x1536.jpg 1152w\" data-sizes=\"(max-width: 225px) 100vw, 225px\" src=\"data:image\/svg+xml;base64,PHN2ZyB3aWR0aD0iMSIgaGVpZ2h0PSIxIiB4bWxucz0iaHR0cDovL3d3dy53My5vcmcvMjAwMC9zdmciPjwvc3ZnPg==\" style=\"--smush-placeholder-width: 225px; --smush-placeholder-aspect-ratio: 225\/300;\" \/><\/a>&nbsp;<a href=\"https:\/\/alzira.es\/wp-content\/uploads\/2019\/04\/IMG-20190411-WA0006.jpg\" target=\"_blank\" rel=\"noopener\"><img decoding=\"async\" class=\"size-full wp-image-41151 lazyload\" title=\"La Casa Consistorial d\u2019Alzira completa la seua adaptaci\u00f3 per a persones amb autisme\" data-src=\"https:\/\/alzira.es\/wp-content\/uploads\/2019\/04\/IMG-20190411-WA0006.jpg\" alt=\"IMG-20190411-WA0006\" width=\"225\" height=\"300\" data-srcset=\"https:\/\/alzira.es\/wp-content\/uploads\/2019\/04\/IMG-20190411-WA0006.jpg 1200w, https:\/\/alzira.es\/wp-content\/uploads\/2019\/04\/IMG-20190411-WA0006-383x510.jpg 383w, https:\/\/alzira.es\/wp-content\/uploads\/2019\/04\/IMG-20190411-WA0006-804x1072.jpg 804w, https:\/\/alzira.es\/wp-content\/uploads\/2019\/04\/IMG-20190411-WA0006-768x1024.jpg 768w, https:\/\/alzira.es\/wp-content\/uploads\/2019\/04\/IMG-20190411-WA0006-1152x1536.jpg 1152w\" data-sizes=\"(max-width: 225px) 100vw, 225px\" src=\"data:image\/svg+xml;base64,PHN2ZyB3aWR0aD0iMSIgaGVpZ2h0PSIxIiB4bWxucz0iaHR0cDovL3d3dy53My5vcmcvMjAwMC9zdmciPjwvc3ZnPg==\" style=\"--smush-placeholder-width: 225px; --smush-placeholder-aspect-ratio: 225\/300;\" \/><\/a><\/p>\n","protected":false},"excerpt":{"rendered":"<p>Alzira, 18 d&#8217;abril de 2019.- Hui es completa l&#8217;adaptaci\u00f3 dels diferents departaments de la Casa Consistorial amb senyalectica que fa \u00fas de pictogrames. La passada setmana es va instal\u2022lar el directori de totes les plantes i departaments de l&#8217;Ajuntament en l&#8217;entrada de l&#8217;edifici i hui es completar\u00e0 amb les indicacions de cada planta. Aix\u00ed mateix &hellip; <\/p>\n<p class=\"link-more\"><a href=\"https:\/\/alzira.es\/es\/la-casa-consistorial-d-alzira-completa-la-seua-adaptacio-per-a-persones-amb-autisme\/\" class=\"more-link\">Continuar leyendo<span class=\"screen-reader-text\"> \u00abLa Casa Consistorial d\u2019Alzira completa la seua adaptaci\u00f3 per a persones amb autisme\u00bb<\/span><\/a><\/p>\n","protected":false},"author":12,"featured_media":41138,"comment_status":"","ping_status":"","sticky":false,"template":"","format":"standard","meta":{"_acf_changed":false,"footnotes":""},"categories":[],"tags":[],"class_list":["post-41157","post","type-post","status-publish","format-standard","has-post-thumbnail","hentry"],"acf":[],"_links":{"self":[{"href":"https:\/\/alzira.es\/es\/wp-json\/wp\/v2\/posts\/41157","targetHints":{"allow":["GET"]}}],"collection":[{"href":"https:\/\/alzira.es\/es\/wp-json\/wp\/v2\/posts"}],"about":[{"href":"https:\/\/alzira.es\/es\/wp-json\/wp\/v2\/types\/post"}],"author":[{"embeddable":true,"href":"https:\/\/alzira.es\/es\/wp-json\/wp\/v2\/users\/12"}],"replies":[{"embeddable":true,"href":"https:\/\/alzira.es\/es\/wp-json\/wp\/v2\/comments?post=41157"}],"version-history":[{"count":0,"href":"https:\/\/alzira.es\/es\/wp-json\/wp\/v2\/posts\/41157\/revisions"}],"wp:featuredmedia":[{"embeddable":true,"href":"https:\/\/alzira.es\/es\/wp-json\/wp\/v2\/media\/41138"}],"wp:attachment":[{"href":"https:\/\/alzira.es\/es\/wp-json\/wp\/v2\/media?parent=41157"}],"wp:term":[{"taxonomy":"category","embeddable":true,"href":"https:\/\/alzira.es\/es\/wp-json\/wp\/v2\/categories?post=41157"},{"taxonomy":"post_tag","embeddable":true,"href":"https:\/\/alzira.es\/es\/wp-json\/wp\/v2\/tags?post=41157"}],"curies":[{"name":"wp","href":"https:\/\/api.w.org\/{rel}","templated":true}]}}