{"id":41154,"date":"2019-04-18T12:17:37","date_gmt":"2019-04-18T10:17:37","guid":{"rendered":"https:\/\/alzira.es\/la-casa-consistorial-de-alzira-completa-su-adaptacion-para-personas-con-autismo\/"},"modified":"2019-04-18T12:17:37","modified_gmt":"2019-04-18T10:17:37","slug":"la-casa-consistorial-de-alzira-completa-su-adaptacion-para-personas-con-autismo","status":"publish","type":"post","link":"https:\/\/alzira.es\/es\/la-casa-consistorial-de-alzira-completa-su-adaptacion-para-personas-con-autismo\/","title":{"rendered":"La Casa Consistorial de Alzira completa su adaptaci\u00f3n para personas con autismo"},"content":{"rendered":"<p style=\"text-align: justify;\"><strong>Alzira, 18 de abril de 2019.-<\/strong> Hoy se completa la adaptaci\u00f3n de los diferentes departamentos de la Casa Consistorial con se\u00f1al\u00e9tica que hace uso de pictogramas.<\/p>\n<p style=\"text-align: justify;\">La pasada semana se instal\u00f3 el directorio de todas las plantas y departamentos del Ayuntamiento en la entrada del edificio y hoy se completar\u00e1 con las indicaciones de cada planta. Asimismo tambi\u00e9n se ha completado la instalaci\u00f3n de los elementos identificativos en la biblioteca y se est\u00e1 trabajando en los del edificio de La Clau e Idea.<br \/>Para poder hacerlo posible se han utilizado pictogramas, proporcionados en la mayor\u00eda por ARASAAC, el Portal Aragon\u00e9s de la Comunicaci\u00f3n Aumentativa y Alternativa.<\/p>\n<p style=\"text-align: justify;\">El proyecto surge al ver que los espacios, tanto p\u00fablicos como privados, no estaban adaptados a las personas con necesidades educativas y, m\u00e1s concretamente, a las personas con autismo.<\/p>\n<p style=\"text-align: justify;\">La comunicaci\u00f3n y el lenguaje son esenciales para relacionarse, aprender y para participar en la sociedad. Gracias a estos sistemas las personas que, por cualquier causa, no han adquirido o han perdido un nivel de habla suficiente para comunicarse de forma satisfactoria, necesitan utilizar un SAAC, un Sistema Alternativo y aumentados de Comunicaci\u00f3n.<\/p>\n<p style=\"text-align: justify;\">La finalidad de este programa es proporcionar anticipadores visuales que ayuden a una mayor comprensi\u00f3n del entorno y de sus rutinas, ya que es necesario adaptar y facilitar espacios p\u00fablicos para que la informaci\u00f3n pueda ser accesible para las personas con TEA o con otras condiciones que provoquen dificultades para acceder a la informaci\u00f3n.<\/p>\n<p style=\"text-align: justify;\">Hay que recordar, adem\u00e1s, que la se\u00f1alizaci\u00f3n de la Casa Consistorial se encontraba obsoleta y no se aprovechaba para su finalidad. Por otra parte, el Ayuntamiento ha considerado que la instalaci\u00f3n de se\u00f1alizaciones con pictogramas en dependencias municipales destinadas a un servicio p\u00fablico har\u00eda accesible la informaci\u00f3n institucional tanto a las personas extranjeras como a las personas con dificultad visual o de otro tipo.<\/p>\n<p style=\"text-align: justify;\"><strong>Proyecto de IDINEA (Instituto de Diagn\u00f3stico e Intervenci\u00f3n de personas dentro del espectro autista)<\/strong><\/p>\n<p style=\"text-align: justify;\">El Ayuntamiento de Alzira, que aprob\u00f3 en Junta de Gobierno la adaptaci\u00f3n y accesibilidad de espacios p\u00fablicos de la ciudad para personas con necesidades educativas y con Trastorno del Espectro Autista (TEA), ha accedido en la \u00faltima Junta de Gobierno a aprobar un proyecto que beneficiar\u00e1 y ayudar\u00e1 este colectivo de personas. Se trata de una iniciativa del programa IDINEA que desarrolla su actividad dentro de la Asociaci\u00f3n La Nostra Veu.<\/p>\n<p style=\"text-align: justify;\">Los espacios que finalmente contar\u00e1n con la adaptaci\u00f3n visual son: la Casa Consistorial, las dependencias de Recaudaci\u00f3n, Guarda Rural, IDEA, el edificio de La Clau y los Parajes Naturales de la Murta y la Casella, la Casa de la Cultura, la Biblioteca, el Gran Teatro y el Museu Faller.<\/p>\n<p style=\"text-align: center;\"><a href=\"https:\/\/alzira.es\/wp-content\/uploads\/2019\/04\/IMG-20190411-WA0012.jpg\" target=\"_blank\" rel=\"noopener\"><img fetchpriority=\"high\" decoding=\"async\" class=\" size-full wp-image-41138\" title=\"La Casa Consistorial de Alzira completa su adaptaci\u00f3n para personas con autismo\" src=\"https:\/\/alzira.es\/wp-content\/uploads\/2019\/04\/IMG-20190411-WA0012.jpg\" alt=\"IMG-20190411-WA0012\" width=\"300\" height=\"400\" srcset=\"https:\/\/alzira.es\/wp-content\/uploads\/2019\/04\/IMG-20190411-WA0012.jpg 1200w, https:\/\/alzira.es\/wp-content\/uploads\/2019\/04\/IMG-20190411-WA0012-383x510.jpg 383w, https:\/\/alzira.es\/wp-content\/uploads\/2019\/04\/IMG-20190411-WA0012-804x1072.jpg 804w, https:\/\/alzira.es\/wp-content\/uploads\/2019\/04\/IMG-20190411-WA0012-768x1024.jpg 768w, https:\/\/alzira.es\/wp-content\/uploads\/2019\/04\/IMG-20190411-WA0012-1152x1536.jpg 1152w\" sizes=\"(max-width: 300px) 100vw, 300px\" \/><\/a>&nbsp;<a href=\"https:\/\/alzira.es\/wp-content\/uploads\/2019\/04\/IMG-20190411-WA0002.jpg\" target=\"_blank\" rel=\"noopener\"><img decoding=\"async\" class=\"size-full wp-image-41141 lazyload\" title=\"La Casa Consistorial de Alzira completa su adaptaci\u00f3n para personas con autismo\" data-src=\"https:\/\/alzira.es\/wp-content\/uploads\/2019\/04\/IMG-20190411-WA0002.jpg\" alt=\"IMG-20190411-WA0002\" width=\"300\" height=\"400\" data-srcset=\"https:\/\/alzira.es\/wp-content\/uploads\/2019\/04\/IMG-20190411-WA0002.jpg 1200w, https:\/\/alzira.es\/wp-content\/uploads\/2019\/04\/IMG-20190411-WA0002-383x510.jpg 383w, https:\/\/alzira.es\/wp-content\/uploads\/2019\/04\/IMG-20190411-WA0002-804x1072.jpg 804w, https:\/\/alzira.es\/wp-content\/uploads\/2019\/04\/IMG-20190411-WA0002-768x1024.jpg 768w, https:\/\/alzira.es\/wp-content\/uploads\/2019\/04\/IMG-20190411-WA0002-1152x1536.jpg 1152w\" data-sizes=\"(max-width: 300px) 100vw, 300px\" src=\"data:image\/svg+xml;base64,PHN2ZyB3aWR0aD0iMSIgaGVpZ2h0PSIxIiB4bWxucz0iaHR0cDovL3d3dy53My5vcmcvMjAwMC9zdmciPjwvc3ZnPg==\" style=\"--smush-placeholder-width: 300px; --smush-placeholder-aspect-ratio: 300\/400;\" \/><\/a>&nbsp;<a href=\"https:\/\/alzira.es\/wp-content\/uploads\/2019\/04\/IMG-20190411-WA0003.jpg\" target=\"_blank\" rel=\"noopener\"><img decoding=\"async\" class=\"size-full wp-image-41143 lazyload\" title=\"La Casa Consistorial de Alzira completa su adaptaci\u00f3n para personas con autismo\" data-src=\"https:\/\/alzira.es\/wp-content\/uploads\/2019\/04\/IMG-20190411-WA0003.jpg\" alt=\"IMG-20190411-WA0003\" width=\"300\" height=\"400\" data-srcset=\"https:\/\/alzira.es\/wp-content\/uploads\/2019\/04\/IMG-20190411-WA0003.jpg 1200w, https:\/\/alzira.es\/wp-content\/uploads\/2019\/04\/IMG-20190411-WA0003-383x510.jpg 383w, https:\/\/alzira.es\/wp-content\/uploads\/2019\/04\/IMG-20190411-WA0003-804x1072.jpg 804w, https:\/\/alzira.es\/wp-content\/uploads\/2019\/04\/IMG-20190411-WA0003-768x1024.jpg 768w, https:\/\/alzira.es\/wp-content\/uploads\/2019\/04\/IMG-20190411-WA0003-1152x1536.jpg 1152w\" data-sizes=\"(max-width: 300px) 100vw, 300px\" src=\"data:image\/svg+xml;base64,PHN2ZyB3aWR0aD0iMSIgaGVpZ2h0PSIxIiB4bWxucz0iaHR0cDovL3d3dy53My5vcmcvMjAwMC9zdmciPjwvc3ZnPg==\" style=\"--smush-placeholder-width: 300px; --smush-placeholder-aspect-ratio: 300\/400;\" \/><\/a><\/p>\n<p style=\"text-align: center;\"><a href=\"https:\/\/alzira.es\/wp-content\/uploads\/2019\/04\/IMG-20190411-WA0009.jpg\" target=\"_blank\" rel=\"noopener\"><img decoding=\"async\" class=\"size-full wp-image-41146 lazyload\" title=\"La Casa Consistorial de Alzira completa su adaptaci\u00f3n para personas con autismo\" data-src=\"https:\/\/alzira.es\/wp-content\/uploads\/2019\/04\/IMG-20190411-WA0009.jpg\" alt=\"IMG-20190411-WA0009\" width=\"400\" height=\"300\" data-srcset=\"https:\/\/alzira.es\/wp-content\/uploads\/2019\/04\/IMG-20190411-WA0009.jpg 1600w, https:\/\/alzira.es\/wp-content\/uploads\/2019\/04\/IMG-20190411-WA0009-680x510.jpg 680w, https:\/\/alzira.es\/wp-content\/uploads\/2019\/04\/IMG-20190411-WA0009-1430x1072.jpg 1430w, https:\/\/alzira.es\/wp-content\/uploads\/2019\/04\/IMG-20190411-WA0009-768x576.jpg 768w, https:\/\/alzira.es\/wp-content\/uploads\/2019\/04\/IMG-20190411-WA0009-1536x1152.jpg 1536w\" data-sizes=\"(max-width: 400px) 100vw, 400px\" src=\"data:image\/svg+xml;base64,PHN2ZyB3aWR0aD0iMSIgaGVpZ2h0PSIxIiB4bWxucz0iaHR0cDovL3d3dy53My5vcmcvMjAwMC9zdmciPjwvc3ZnPg==\" style=\"--smush-placeholder-width: 400px; --smush-placeholder-aspect-ratio: 400\/300;\" \/><\/a>&nbsp;<a href=\"https:\/\/alzira.es\/wp-content\/uploads\/2019\/04\/IMG-20190411-WA0005.jpg\" target=\"_blank\" rel=\"noopener\"><img decoding=\"async\" class=\"size-full wp-image-41149 lazyload\" title=\"La Casa Consistorial de Alzira completa su adaptaci\u00f3n para personas con autismo\" data-src=\"https:\/\/alzira.es\/wp-content\/uploads\/2019\/04\/IMG-20190411-WA0005.jpg\" alt=\"IMG-20190411-WA0005\" width=\"225\" height=\"300\" data-srcset=\"https:\/\/alzira.es\/wp-content\/uploads\/2019\/04\/IMG-20190411-WA0005.jpg 1200w, https:\/\/alzira.es\/wp-content\/uploads\/2019\/04\/IMG-20190411-WA0005-383x510.jpg 383w, https:\/\/alzira.es\/wp-content\/uploads\/2019\/04\/IMG-20190411-WA0005-804x1072.jpg 804w, https:\/\/alzira.es\/wp-content\/uploads\/2019\/04\/IMG-20190411-WA0005-768x1024.jpg 768w, https:\/\/alzira.es\/wp-content\/uploads\/2019\/04\/IMG-20190411-WA0005-1152x1536.jpg 1152w\" data-sizes=\"(max-width: 225px) 100vw, 225px\" src=\"data:image\/svg+xml;base64,PHN2ZyB3aWR0aD0iMSIgaGVpZ2h0PSIxIiB4bWxucz0iaHR0cDovL3d3dy53My5vcmcvMjAwMC9zdmciPjwvc3ZnPg==\" style=\"--smush-placeholder-width: 225px; --smush-placeholder-aspect-ratio: 225\/300;\" \/><\/a>&nbsp;<a href=\"https:\/\/alzira.es\/wp-content\/uploads\/2019\/04\/IMG-20190411-WA0006.jpg\" target=\"_blank\" rel=\"noopener\"><img decoding=\"async\" class=\"size-full wp-image-41151 lazyload\" title=\"La Casa Consistorial de Alzira completa su adaptaci\u00f3n para personas con autismo\" data-src=\"https:\/\/alzira.es\/wp-content\/uploads\/2019\/04\/IMG-20190411-WA0006.jpg\" alt=\"IMG-20190411-WA0006\" width=\"225\" height=\"300\" data-srcset=\"https:\/\/alzira.es\/wp-content\/uploads\/2019\/04\/IMG-20190411-WA0006.jpg 1200w, https:\/\/alzira.es\/wp-content\/uploads\/2019\/04\/IMG-20190411-WA0006-383x510.jpg 383w, https:\/\/alzira.es\/wp-content\/uploads\/2019\/04\/IMG-20190411-WA0006-804x1072.jpg 804w, https:\/\/alzira.es\/wp-content\/uploads\/2019\/04\/IMG-20190411-WA0006-768x1024.jpg 768w, https:\/\/alzira.es\/wp-content\/uploads\/2019\/04\/IMG-20190411-WA0006-1152x1536.jpg 1152w\" data-sizes=\"(max-width: 225px) 100vw, 225px\" src=\"data:image\/svg+xml;base64,PHN2ZyB3aWR0aD0iMSIgaGVpZ2h0PSIxIiB4bWxucz0iaHR0cDovL3d3dy53My5vcmcvMjAwMC9zdmciPjwvc3ZnPg==\" style=\"--smush-placeholder-width: 225px; --smush-placeholder-aspect-ratio: 225\/300;\" \/><\/a><\/p>\n","protected":false},"excerpt":{"rendered":"<p>Alzira, 18 de abril de 2019.- Hoy se completa la adaptaci\u00f3n de los diferentes departamentos de la Casa Consistorial con se\u00f1al\u00e9tica que hace uso de pictogramas. La pasada semana se instal\u00f3 el directorio de todas las plantas y departamentos del Ayuntamiento en la entrada del edificio y hoy se completar\u00e1 con las indicaciones de cada &hellip; <\/p>\n<p class=\"link-more\"><a href=\"https:\/\/alzira.es\/es\/la-casa-consistorial-de-alzira-completa-su-adaptacion-para-personas-con-autismo\/\" class=\"more-link\">Continuar leyendo<span class=\"screen-reader-text\"> \u00abLa Casa Consistorial de Alzira completa su adaptaci\u00f3n para personas con autismo\u00bb<\/span><\/a><\/p>\n","protected":false},"author":12,"featured_media":41138,"comment_status":"","ping_status":"","sticky":false,"template":"","format":"standard","meta":{"_acf_changed":false,"footnotes":""},"categories":[4936],"tags":[],"class_list":["post-41154","post","type-post","status-publish","format-standard","has-post-thumbnail","hentry","category-hemeroteca-es"],"acf":[],"_links":{"self":[{"href":"https:\/\/alzira.es\/es\/wp-json\/wp\/v2\/posts\/41154","targetHints":{"allow":["GET"]}}],"collection":[{"href":"https:\/\/alzira.es\/es\/wp-json\/wp\/v2\/posts"}],"about":[{"href":"https:\/\/alzira.es\/es\/wp-json\/wp\/v2\/types\/post"}],"author":[{"embeddable":true,"href":"https:\/\/alzira.es\/es\/wp-json\/wp\/v2\/users\/12"}],"replies":[{"embeddable":true,"href":"https:\/\/alzira.es\/es\/wp-json\/wp\/v2\/comments?post=41154"}],"version-history":[{"count":0,"href":"https:\/\/alzira.es\/es\/wp-json\/wp\/v2\/posts\/41154\/revisions"}],"wp:featuredmedia":[{"embeddable":true,"href":"https:\/\/alzira.es\/es\/wp-json\/wp\/v2\/media\/41138"}],"wp:attachment":[{"href":"https:\/\/alzira.es\/es\/wp-json\/wp\/v2\/media?parent=41154"}],"wp:term":[{"taxonomy":"category","embeddable":true,"href":"https:\/\/alzira.es\/es\/wp-json\/wp\/v2\/categories?post=41154"},{"taxonomy":"post_tag","embeddable":true,"href":"https:\/\/alzira.es\/es\/wp-json\/wp\/v2\/tags?post=41154"}],"curies":[{"name":"wp","href":"https:\/\/api.w.org\/{rel}","templated":true}]}}