{"id":41130,"date":"2019-04-17T14:02:21","date_gmt":"2019-04-17T12:02:21","guid":{"rendered":"https:\/\/alzira.es\/previsio-meteorologica-per-a-esta-setmana\/"},"modified":"2019-04-17T14:02:21","modified_gmt":"2019-04-17T12:02:21","slug":"previsio-meteorologica-per-a-esta-setmana","status":"publish","type":"post","link":"https:\/\/alzira.es\/es\/previsio-meteorologica-per-a-esta-setmana\/","title":{"rendered":"Previsi\u00f3 meteorol\u00f2gica per a esta setmana"},"content":{"rendered":"<p style=\"text-align: justify;\"><span style=\"text-decoration: underline;\"><strong><a href=\"https:\/\/alzira.es\/wp-content\/uploads\/2019\/04\/hombre-camina-paraguas-San-Sebastianjpg_1190291016_12871710_1020x574.jpg\" target=\"_blank\" rel=\"noopener\"><img fetchpriority=\"high\" decoding=\"async\" class=\" alignleft size-full wp-image-41125\" style=\"margin-right: 10px; float: left;\" title=\"Previsi\u00f3n meteorol\u00f3gica para esta semana\" src=\"https:\/\/alzira.es\/wp-content\/uploads\/2019\/04\/hombre-camina-paraguas-San-Sebastianjpg_1190291016_12871710_1020x574.jpg\" alt=\"hombre-camina-paraguas-San-Sebastianjpg 1190291016 12871710 1020x574\" width=\"600\" height=\"338\" srcset=\"https:\/\/alzira.es\/wp-content\/uploads\/2019\/04\/hombre-camina-paraguas-San-Sebastianjpg_1190291016_12871710_1020x574.jpg 1020w, https:\/\/alzira.es\/wp-content\/uploads\/2019\/04\/hombre-camina-paraguas-San-Sebastianjpg_1190291016_12871710_1020x574-680x383.jpg 680w, https:\/\/alzira.es\/wp-content\/uploads\/2019\/04\/hombre-camina-paraguas-San-Sebastianjpg_1190291016_12871710_1020x574-768x432.jpg 768w\" sizes=\"(max-width: 600px) 100vw, 600px\" \/><\/a><a href=\"https:\/\/alzira.es\/wp-content\/uploads\/2019\/04\/hombre-camina-paraguas-San-Sebastianjpg_1190291016_12871710_1020x574.jpg\" target=\"_blank\" rel=\"noopener\"><\/a>Previsi\u00f3 per a hui<\/strong><\/span><\/p>\n<p style=\"text-align: justify;\">La pres\u00e8ncia d&#8217;una vaguada a l&#8217;oest peninsular derivar\u00e0 en les pr\u00f2ximes hores en la formaci\u00f3 d&#8217;un embossament d&#8217;aire fred en altura (DANA o gota freda) que s&#8217;ubicar\u00e0 pel sud del pa\u00eds i ens deixar\u00e0, a partir de dem\u00e0, un panorama radicalment diferent al que tenim. Aix\u00f2 s\u00ed, hui el dia comen\u00e7a amb abundants n\u00favols baixos pegats al litoral que no deixaran precipitacions i aniran desfent-se lentament. De fet, l&#8217;oratge hui encara aguantar\u00e0 sense complicacions i al cel vorem passar intervals de n\u00favols que nom\u00e9s estaran de pas (b\u00e9, a \u00faltimes hores del dia alguna gota podria escapar-se per la meitat nord de la nostra Comunitat).<\/p>\n<p style=\"text-align: justify;\"><span style=\"text-decoration: underline;\"><\/span><\/p>\n<p style=\"text-align: justify;\">De mat\u00ed les boires tornaran a fer acte de pres\u00e8ncia i les temperatures continuaran en valors semblants als d&#8217;ahir. Respecte al vent, de mat\u00ed estar\u00e0 m\u00e9s tranquil i molt humit, mentre que de vesprada rolar\u00e0 a component mar\u00edtima (entre llevant i gregal, amb ratxes moderades este \u00faltim pel litoral alacant\u00ed).<\/p>\n<p style=\"text-align: justify;\"><span style=\"text-decoration: underline;\"><\/span><\/p>\n<p style=\"text-align: justify;\"><span style=\"text-decoration: underline;\"><strong>Previsi\u00f3 per a dem\u00e0<\/strong><\/span><br \/>L&#8217;arribada d&#8217;un front nuvol\u00f3s a la nostra Comunitat des de l&#8217;interior peninsular far\u00e0 que els n\u00favols siguen ben presents i que les precipitacions vagen deixant-se vore cada vegada m\u00e9s per les nostres comarques. Seran entre d\u00e8bils i moderades, i puntualment fortes a \u00faltimes hores del dia per la meitat nord del nostre territori.<\/p>\n<p style=\"text-align: justify;\"><span style=\"text-decoration: underline;\"><\/span><\/p>\n<p style=\"text-align: justify;\">Les temperatures es desplomaran i cauran de manera brusca especialment per l&#8217;interior (entre 5\u00ba i 7\u00baC respecte a hui). Pel que fa al vent, en el litoral el gregal (nord-est) ser\u00e0 molt molest i pegar\u00e0 fort, mentre que per l&#8217;interior ser\u00e0 m\u00e9s moderat.<\/p>\n<p style=\"text-align: justify;\"><span style=\"text-decoration: underline;\"><\/span><\/p>\n<p style=\"text-align: justify;\"><span style=\"text-decoration: underline;\"><strong>Previsi\u00f3 per als pr\u00f2xims dies<\/strong><\/span><br \/>Seguint la previsi\u00f3 per als seg\u00fcents dies, a dia de hui els models apunten a esta evoluci\u00f3:<\/p>\n<p style=\"text-align: justify;\"><span style=\"text-decoration: underline;\"><\/span><\/p>\n<p style=\"text-align: justify;\"><strong>Divendres Sant:<\/strong> El pitjor es podria concentrar clarament entre este dia i la primera part del Dissabte 20, afectant m\u00e9s clarament a la prov\u00edncia de Val\u00e8ncia.<\/p>\n<p style=\"text-align: justify;\"><span style=\"text-decoration: underline;\"><\/span><\/p>\n<p style=\"text-align: justify;\">D&#8217;altra banda, fins al <strong>Dilluns 22<\/strong> seguir\u00e0 este oratge rebolicat, fred, amb dur temporal mar\u00edtim de llevant i ambient fred per\u00f2&#8230; les precipitacions anirien afluixant i serien menys importants.<\/p>\n<p style=\"text-align: justify;\"><span style=\"text-decoration: underline;\"><\/span><\/p>\n<p style=\"text-align: justify;\">Per \u00faltim, el <strong>Dimarts 23<\/strong> entraria el ponent i afavoriria una millora m\u00e9s que notable de l&#8217;oratge amb pujada tamb\u00e9 de les temperatures.<\/p>\n<p style=\"text-align: justify;\"><span style=\"text-decoration: underline;\"><\/span><\/p>\n<p style=\"text-align: justify;\">Per \u00faltim, \u00e9s important tindre en compte que en les pr\u00f2ximes eixides dels models podran haver alguns canvis en la localitzaci\u00f3 i distribuci\u00f3 d&#8217;estes precipitacions en funci\u00f3 d&#8217;on es situe finalment esta DANA o gota freda que ens podr\u00e0 afectar.<\/p>\n<p style=\"text-align: justify;\"><span style=\"text-decoration: underline;\"><\/span><\/p>\n<p style=\"text-align: justify;\"><em>Inforatge estar\u00e0 pendent de cada un dels detalls d&#8217;esta delicada situaci\u00f3 que tenim a la vista.<\/em><\/p>\n<p style=\"text-align: justify;\">&nbsp;<\/p>\n","protected":false},"excerpt":{"rendered":"<p>Previsi\u00f3 per a hui La pres\u00e8ncia d&#8217;una vaguada a l&#8217;oest peninsular derivar\u00e0 en les pr\u00f2ximes hores en la formaci\u00f3 d&#8217;un embossament d&#8217;aire fred en altura (DANA o gota freda) que s&#8217;ubicar\u00e0 pel sud del pa\u00eds i ens deixar\u00e0, a partir de dem\u00e0, un panorama radicalment diferent al que tenim. Aix\u00f2 s\u00ed, hui el dia comen\u00e7a &hellip; <\/p>\n<p class=\"link-more\"><a href=\"https:\/\/alzira.es\/es\/previsio-meteorologica-per-a-esta-setmana\/\" class=\"more-link\">Continuar leyendo<span class=\"screen-reader-text\"> \u00abPrevisi\u00f3 meteorol\u00f2gica per a esta setmana\u00bb<\/span><\/a><\/p>\n","protected":false},"author":12,"featured_media":41125,"comment_status":"","ping_status":"","sticky":false,"template":"","format":"standard","meta":{"_acf_changed":false,"footnotes":""},"categories":[],"tags":[],"class_list":["post-41130","post","type-post","status-publish","format-standard","has-post-thumbnail","hentry"],"acf":[],"_links":{"self":[{"href":"https:\/\/alzira.es\/es\/wp-json\/wp\/v2\/posts\/41130","targetHints":{"allow":["GET"]}}],"collection":[{"href":"https:\/\/alzira.es\/es\/wp-json\/wp\/v2\/posts"}],"about":[{"href":"https:\/\/alzira.es\/es\/wp-json\/wp\/v2\/types\/post"}],"author":[{"embeddable":true,"href":"https:\/\/alzira.es\/es\/wp-json\/wp\/v2\/users\/12"}],"replies":[{"embeddable":true,"href":"https:\/\/alzira.es\/es\/wp-json\/wp\/v2\/comments?post=41130"}],"version-history":[{"count":0,"href":"https:\/\/alzira.es\/es\/wp-json\/wp\/v2\/posts\/41130\/revisions"}],"wp:featuredmedia":[{"embeddable":true,"href":"https:\/\/alzira.es\/es\/wp-json\/wp\/v2\/media\/41125"}],"wp:attachment":[{"href":"https:\/\/alzira.es\/es\/wp-json\/wp\/v2\/media?parent=41130"}],"wp:term":[{"taxonomy":"category","embeddable":true,"href":"https:\/\/alzira.es\/es\/wp-json\/wp\/v2\/categories?post=41130"},{"taxonomy":"post_tag","embeddable":true,"href":"https:\/\/alzira.es\/es\/wp-json\/wp\/v2\/tags?post=41130"}],"curies":[{"name":"wp","href":"https:\/\/api.w.org\/{rel}","templated":true}]}}