{"id":41128,"date":"2019-04-17T14:02:21","date_gmt":"2019-04-17T12:02:21","guid":{"rendered":"https:\/\/alzira.es\/prevision-meteorologica-para-esta-semana\/"},"modified":"2019-04-17T14:02:21","modified_gmt":"2019-04-17T12:02:21","slug":"prevision-meteorologica-para-esta-semana","status":"publish","type":"post","link":"https:\/\/alzira.es\/es\/prevision-meteorologica-para-esta-semana\/","title":{"rendered":"Previsi\u00f3n meteorol\u00f3gica para esta semana"},"content":{"rendered":"<p style=\"text-align: justify;\"><span style=\"text-decoration: underline;\"><strong><a href=\"https:\/\/alzira.es\/wp-content\/uploads\/2019\/04\/hombre-camina-paraguas-San-Sebastianjpg_1190291016_12871710_1020x574.jpg\" target=\"_blank\" rel=\"noopener\"><img fetchpriority=\"high\" decoding=\"async\" class=\" alignleft size-full wp-image-41125\" style=\"margin-right: 10px; float: left;\" title=\"Previsi\u00f3n meteorol\u00f3gica para esta semana\" src=\"https:\/\/alzira.es\/wp-content\/uploads\/2019\/04\/hombre-camina-paraguas-San-Sebastianjpg_1190291016_12871710_1020x574.jpg\" alt=\"hombre-camina-paraguas-San-Sebastianjpg 1190291016 12871710 1020x574\" width=\"600\" height=\"338\" srcset=\"https:\/\/alzira.es\/wp-content\/uploads\/2019\/04\/hombre-camina-paraguas-San-Sebastianjpg_1190291016_12871710_1020x574.jpg 1020w, https:\/\/alzira.es\/wp-content\/uploads\/2019\/04\/hombre-camina-paraguas-San-Sebastianjpg_1190291016_12871710_1020x574-680x383.jpg 680w, https:\/\/alzira.es\/wp-content\/uploads\/2019\/04\/hombre-camina-paraguas-San-Sebastianjpg_1190291016_12871710_1020x574-768x432.jpg 768w\" sizes=\"(max-width: 600px) 100vw, 600px\" \/><\/a>Previsi\u00f3n para hoy<\/strong><\/span><\/p>\n<p style=\"text-align: justify;\">La presencia de una vaguada en el oeste peninsular derivar\u00e1 en las pr\u00f3ximas horas en la formaci\u00f3n de un embolsamiento de aire fr\u00edo en altura (DANA o gota fr\u00eda) que se ubicar\u00e1 por el sur del pa\u00eds y nos dejar\u00e1, a partir de ma\u00f1ana, un panorama radicalmente diferente al que tenemos. Eso s\u00ed, hoy el d\u00eda comienza con abundantes nubes bajas pegadas al litoral que no dejar\u00e1n precipitaciones e ir\u00e1n deshaci\u00e9ndose lentamente. De hecho, el tiempo hoy todav\u00eda aguantar\u00e1 sin complicaciones y en el cielo veremos pasar intervalos de nubes que s\u00f3lo estar\u00e1n de paso (bueno, a \u00faltimas horas del d\u00eda alguna gota podr\u00eda escaparse por la mitad norte de nuestra Comunidad).<\/p>\n<p style=\"text-align: justify;\">Ma\u00f1ana las nieblas volver\u00e1n a hacer acto de presencia y las temperaturas continuar\u00e1n en valores parecidos a los de ayer. Respecto al viento, ma\u00f1ana estar\u00e1 m\u00e1s tranquilo y muy h\u00famedo, mientras que por la tarde predominar\u00e1 una componente mar\u00edtima (entre levante y gregal, con rachas moderadas este \u00faltimo por el litoral alicantino).<\/p>\n<p style=\"text-align: justify;\"><span style=\"text-decoration: underline;\"><strong>Previsi\u00f3n para ma\u00f1ana<\/strong><\/span><br \/>La llegada de un frente nuboso en nuestra Comunidad desde el interior peninsular har\u00e1 que las nubes sean bien presentes y que las precipitaciones vayan dej\u00e1ndose ver cada vez m\u00e1s por nuestra comarca. Ser\u00e1n entre d\u00e9biles y moderadas, y puntualmente fuertes a \u00faltimas horas del d\u00eda por la mitad norte de nuestro territorio.<\/p>\n<p style=\"text-align: justify;\">Las temperaturas se desplomar\u00e1n y caer\u00e1n de manera brusca especialmente por el interior (entre 5\u00ba y 7\u00baC respecto a hoy). En cuanto al viento, en el litoral el gregal (noreste) ser\u00e1 muy molesto y pegar\u00e1 fuerte, mientras que por el interior ser\u00e1 m\u00e1s moderado.<\/p>\n<p style=\"text-align: justify;\"><span style=\"text-decoration: underline;\"><strong>Previsi\u00f3n para los pr\u00f3ximos d\u00edas<\/strong><\/span><br \/>Siguiendo la previsi\u00f3n para los siguientes d\u00edas, a d\u00eda de hoy los modelos apuntan a esta evoluci\u00f3n:<\/p>\n<p style=\"text-align: justify;\"><strong>Viernes Santo:<\/strong> El peor tiempo se podr\u00eda concentrar claramente entre este d\u00eda y la primera parte del S\u00e1bado 20, afectando m\u00e1s claramente a la provincia de Valencia.<\/p>\n<p style=\"text-align: justify;\">Por otra parte, hasta el <strong>Lunes 22<\/strong> seguir\u00e1 este tiempo revuelto, fr\u00edo, con duro temporal mar\u00edtimo de levante y ambiente fr\u00edo pero&#8230; las precipitaciones ir\u00edan aflojando y ser\u00edan menos importantes.<\/p>\n<p style=\"text-align: justify;\">Por \u00faltimo, el <strong>Martes 23<\/strong> entrar\u00eda el ponente y favorecer\u00eda una mejora m\u00e1s que notable del tiempo con subida tambi\u00e9n de las temperaturas.<\/p>\n<p style=\"text-align: justify;\">Por \u00faltimo, es importante tener en cuenta que en las pr\u00f3ximas salidas de los modelos podr\u00e1n haber algunos cambios en la localizaci\u00f3n y distribuci\u00f3n de estas precipitaciones en funci\u00f3n de d\u00f3nde se sit\u00fae finalmente esta DANA o gota fr\u00eda que nos podr\u00e1 afectar.<\/p>\n<p style=\"text-align: justify;\"><em>Inforatge estar\u00e1 pendiente de cada uno de los detalles de esta delicada situaci\u00f3n que tenemos a la vista.<\/em><\/p>\n","protected":false},"excerpt":{"rendered":"<p>Previsi\u00f3n para hoy La presencia de una vaguada en el oeste peninsular derivar\u00e1 en las pr\u00f3ximas horas en la formaci\u00f3n de un embolsamiento de aire fr\u00edo en altura (DANA o gota fr\u00eda) que se ubicar\u00e1 por el sur del pa\u00eds y nos dejar\u00e1, a partir de ma\u00f1ana, un panorama radicalmente diferente al que tenemos. Eso &hellip; <\/p>\n<p class=\"link-more\"><a href=\"https:\/\/alzira.es\/es\/prevision-meteorologica-para-esta-semana\/\" class=\"more-link\">Continuar leyendo<span class=\"screen-reader-text\"> \u00abPrevisi\u00f3n meteorol\u00f3gica para esta semana\u00bb<\/span><\/a><\/p>\n","protected":false},"author":12,"featured_media":41125,"comment_status":"","ping_status":"","sticky":false,"template":"","format":"standard","meta":{"_acf_changed":false,"footnotes":""},"categories":[4936],"tags":[],"class_list":["post-41128","post","type-post","status-publish","format-standard","has-post-thumbnail","hentry","category-hemeroteca-es"],"acf":[],"_links":{"self":[{"href":"https:\/\/alzira.es\/es\/wp-json\/wp\/v2\/posts\/41128","targetHints":{"allow":["GET"]}}],"collection":[{"href":"https:\/\/alzira.es\/es\/wp-json\/wp\/v2\/posts"}],"about":[{"href":"https:\/\/alzira.es\/es\/wp-json\/wp\/v2\/types\/post"}],"author":[{"embeddable":true,"href":"https:\/\/alzira.es\/es\/wp-json\/wp\/v2\/users\/12"}],"replies":[{"embeddable":true,"href":"https:\/\/alzira.es\/es\/wp-json\/wp\/v2\/comments?post=41128"}],"version-history":[{"count":0,"href":"https:\/\/alzira.es\/es\/wp-json\/wp\/v2\/posts\/41128\/revisions"}],"wp:featuredmedia":[{"embeddable":true,"href":"https:\/\/alzira.es\/es\/wp-json\/wp\/v2\/media\/41125"}],"wp:attachment":[{"href":"https:\/\/alzira.es\/es\/wp-json\/wp\/v2\/media?parent=41128"}],"wp:term":[{"taxonomy":"category","embeddable":true,"href":"https:\/\/alzira.es\/es\/wp-json\/wp\/v2\/categories?post=41128"},{"taxonomy":"post_tag","embeddable":true,"href":"https:\/\/alzira.es\/es\/wp-json\/wp\/v2\/tags?post=41128"}],"curies":[{"name":"wp","href":"https:\/\/api.w.org\/{rel}","templated":true}]}}