{"id":41117,"date":"2019-04-16T16:00:00","date_gmt":"2019-04-16T14:00:00","guid":{"rendered":"https:\/\/alzira.es\/transport-adaptat-per-a-eleccions\/"},"modified":"2019-04-16T16:00:00","modified_gmt":"2019-04-16T14:00:00","slug":"transport-adaptat-per-a-eleccions","status":"publish","type":"post","link":"https:\/\/alzira.es\/es\/transport-adaptat-per-a-eleccions\/","title":{"rendered":"Transport adaptat per a eleccions"},"content":{"rendered":"<p style=\"text-align: justify;\"><strong><a href=\"https:\/\/alzira.es\/wp-content\/uploads\/2019\/04\/Elecciones_ambulancia.jpg\" target=\"_blank\" rel=\"noopener\"><img fetchpriority=\"high\" decoding=\"async\" class=\" alignleft size-full wp-image-41112\" style=\"margin-right: 10px; float: left;\" title=\"Transport adaptat per a eleccions\" src=\"https:\/\/alzira.es\/wp-content\/uploads\/2019\/04\/Elecciones_ambulancia.jpg\" alt=\"Elecciones ambulancia\" width=\"710\" height=\"400\" srcset=\"https:\/\/alzira.es\/wp-content\/uploads\/2019\/04\/Elecciones_ambulancia.jpg 1200w, https:\/\/alzira.es\/wp-content\/uploads\/2019\/04\/Elecciones_ambulancia-680x383.jpg 680w, https:\/\/alzira.es\/wp-content\/uploads\/2019\/04\/Elecciones_ambulancia-768x432.jpg 768w\" sizes=\"(max-width: 710px) 100vw, 710px\" \/><\/a>Alzira, 16 d&#8217;abril de 2019. \u2013<\/strong> Amb motiu de la celebraci\u00f3 de les pr\u00f2ximes eleccions al Congr\u00e9s i Senat i a les Corts Valencianes el proper dia 28 d&#8217;abril de 2019 es torna a posar en marxa l&#8217;operatiu de la Delegaci\u00f3 del Govern per al trasllat de persones malaltes o amb mobilitat redu\u00efda.<\/p>\n<p style=\"text-align: justify;\">Es tracta d&#8217;una acci\u00f3 per tal de facilitar a les persones que aix\u00ed ho necessiten, el transport adaptat des de sa casa fins al col\u2022legi electoral per a poder exercir el seu dret al vot i que compta amb la col\u2022laboraci\u00f3 de Creu Roja.<\/p>\n<p style=\"text-align: justify;\">Durant la jornada electoral del 28 d&#8217;abril, els voluntaris de Creu Roja recolliran amb els vehicles de l&#8217;associaci\u00f3 als sol\u2022licitants.<\/p>\n<p style=\"text-align: justify;\">Totes aquelles persones interessades en aquest servei que per motiu de malaltia o problemes de mobilitat, no poden acudir fins al col\u2022legi electoral, hauran de sol\u2022licitar-ho a l&#8217;Assemblea Local de Creu Roja telefonant al <span style=\"color: #0000ff;\">96 241 0974<\/span>.<\/p>\n<p style=\"text-align: justify;\">El termini m\u00e0xim previst per tal d&#8217;arreplegar les dades de les persones interessades al municipi que desitgen fer \u00fas d&#8217;este servei finalitza dijous 25 d&#8217;abril a les 15.00 hores.<\/p>\n<p style=\"text-align: justify;\">&nbsp;<\/p>\n","protected":false},"excerpt":{"rendered":"<p>Alzira, 16 d&#8217;abril de 2019. \u2013 Amb motiu de la celebraci\u00f3 de les pr\u00f2ximes eleccions al Congr\u00e9s i Senat i a les Corts Valencianes el proper dia 28 d&#8217;abril de 2019 es torna a posar en marxa l&#8217;operatiu de la Delegaci\u00f3 del Govern per al trasllat de persones malaltes o amb mobilitat redu\u00efda. Es tracta &hellip; <\/p>\n<p class=\"link-more\"><a href=\"https:\/\/alzira.es\/es\/transport-adaptat-per-a-eleccions\/\" class=\"more-link\">Continuar leyendo<span class=\"screen-reader-text\"> \u00abTransport adaptat per a eleccions\u00bb<\/span><\/a><\/p>\n","protected":false},"author":12,"featured_media":41112,"comment_status":"","ping_status":"","sticky":false,"template":"","format":"standard","meta":{"_acf_changed":false,"footnotes":""},"categories":[],"tags":[],"class_list":["post-41117","post","type-post","status-publish","format-standard","has-post-thumbnail","hentry"],"acf":[],"_links":{"self":[{"href":"https:\/\/alzira.es\/es\/wp-json\/wp\/v2\/posts\/41117","targetHints":{"allow":["GET"]}}],"collection":[{"href":"https:\/\/alzira.es\/es\/wp-json\/wp\/v2\/posts"}],"about":[{"href":"https:\/\/alzira.es\/es\/wp-json\/wp\/v2\/types\/post"}],"author":[{"embeddable":true,"href":"https:\/\/alzira.es\/es\/wp-json\/wp\/v2\/users\/12"}],"replies":[{"embeddable":true,"href":"https:\/\/alzira.es\/es\/wp-json\/wp\/v2\/comments?post=41117"}],"version-history":[{"count":0,"href":"https:\/\/alzira.es\/es\/wp-json\/wp\/v2\/posts\/41117\/revisions"}],"wp:featuredmedia":[{"embeddable":true,"href":"https:\/\/alzira.es\/es\/wp-json\/wp\/v2\/media\/41112"}],"wp:attachment":[{"href":"https:\/\/alzira.es\/es\/wp-json\/wp\/v2\/media?parent=41117"}],"wp:term":[{"taxonomy":"category","embeddable":true,"href":"https:\/\/alzira.es\/es\/wp-json\/wp\/v2\/categories?post=41117"},{"taxonomy":"post_tag","embeddable":true,"href":"https:\/\/alzira.es\/es\/wp-json\/wp\/v2\/tags?post=41117"}],"curies":[{"name":"wp","href":"https:\/\/api.w.org\/{rel}","templated":true}]}}