{"id":41115,"date":"2019-04-16T16:00:00","date_gmt":"2019-04-16T14:00:00","guid":{"rendered":"https:\/\/alzira.es\/transporte-adaptado-para-las-elecciones\/"},"modified":"2019-04-16T16:00:00","modified_gmt":"2019-04-16T14:00:00","slug":"transporte-adaptado-para-las-elecciones","status":"publish","type":"post","link":"https:\/\/alzira.es\/es\/transporte-adaptado-para-las-elecciones\/","title":{"rendered":"Transporte adaptado para las elecciones"},"content":{"rendered":"<p style=\"text-align: justify;\"><strong><a href=\"https:\/\/alzira.es\/wp-content\/uploads\/2019\/04\/Elecciones_ambulancia.jpg\" target=\"_blank\" rel=\"noopener\"><img fetchpriority=\"high\" decoding=\"async\" class=\" alignleft size-full wp-image-41112\" style=\"margin-right: 10px; float: left;\" title=\"Transporte adaptado para las elecciones\" src=\"https:\/\/alzira.es\/wp-content\/uploads\/2019\/04\/Elecciones_ambulancia.jpg\" alt=\"Elecciones ambulancia\" width=\"710\" height=\"400\" srcset=\"https:\/\/alzira.es\/wp-content\/uploads\/2019\/04\/Elecciones_ambulancia.jpg 1200w, https:\/\/alzira.es\/wp-content\/uploads\/2019\/04\/Elecciones_ambulancia-680x383.jpg 680w, https:\/\/alzira.es\/wp-content\/uploads\/2019\/04\/Elecciones_ambulancia-768x432.jpg 768w\" sizes=\"(max-width: 710px) 100vw, 710px\" \/><\/a>Alzira, 16 de abril de 2019. &#8211;<\/strong> Con motivo de la celebraci\u00f3n de las pr\u00f3ximas elecciones al Congreso y Senado y a las Cortes Valencianas el pr\u00f3ximo d\u00eda 28 de abril de 2019 se vuelve a poner en marcha el operativo de la Delegaci\u00f3n del Gobierno para el traslado de personas enfermas o con movilidad reducida.<\/p>\n<p style=\"text-align: justify;\">Se trata de una acci\u00f3n con el fin de facilitar a las personas que as\u00ed lo necesitan, el transporte adaptado desde su casa hasta el colegio electoral para poder ejercer su derecho al voto y que cuenta con la colaboraci\u00f3n de Cruz Roja.<\/p>\n<p style=\"text-align: justify;\">Durante la jornada electoral del 28 de abril, los voluntarios de Cruz Roja recoger\u00e1n con los veh\u00edculos de la asociaci\u00f3n a los solicitantes.<\/p>\n<p style=\"text-align: justify;\">Todas aquellas personas interesadas en este servicio que por motivo de enfermedad o problemas de movilidad, no pueden acudir hasta el colegio electoral, deber\u00e1n solicitarlo a la Asamblea Local de Cruz Roja llamando al <span style=\"color: #0000ff;\">96 241 0974<\/span>.<\/p>\n<p style=\"text-align: justify;\">El plazo m\u00e1ximo previsto para recoger los datos de las personas interesadas en el municipio que deseen hacer uso de este servicio finaliza jueves 25 de abril a las 15.00 horas.<\/p>\n","protected":false},"excerpt":{"rendered":"<p>Alzira, 16 de abril de 2019. &#8211; Con motivo de la celebraci\u00f3n de las pr\u00f3ximas elecciones al Congreso y Senado y a las Cortes Valencianas el pr\u00f3ximo d\u00eda 28 de abril de 2019 se vuelve a poner en marcha el operativo de la Delegaci\u00f3n del Gobierno para el traslado de personas enfermas o con movilidad &hellip; <\/p>\n<p class=\"link-more\"><a href=\"https:\/\/alzira.es\/es\/transporte-adaptado-para-las-elecciones\/\" class=\"more-link\">Continuar leyendo<span class=\"screen-reader-text\"> \u00abTransporte adaptado para las elecciones\u00bb<\/span><\/a><\/p>\n","protected":false},"author":12,"featured_media":41112,"comment_status":"","ping_status":"","sticky":false,"template":"","format":"standard","meta":{"_acf_changed":false,"footnotes":""},"categories":[4936],"tags":[],"class_list":["post-41115","post","type-post","status-publish","format-standard","has-post-thumbnail","hentry","category-hemeroteca-es"],"acf":[],"_links":{"self":[{"href":"https:\/\/alzira.es\/es\/wp-json\/wp\/v2\/posts\/41115","targetHints":{"allow":["GET"]}}],"collection":[{"href":"https:\/\/alzira.es\/es\/wp-json\/wp\/v2\/posts"}],"about":[{"href":"https:\/\/alzira.es\/es\/wp-json\/wp\/v2\/types\/post"}],"author":[{"embeddable":true,"href":"https:\/\/alzira.es\/es\/wp-json\/wp\/v2\/users\/12"}],"replies":[{"embeddable":true,"href":"https:\/\/alzira.es\/es\/wp-json\/wp\/v2\/comments?post=41115"}],"version-history":[{"count":0,"href":"https:\/\/alzira.es\/es\/wp-json\/wp\/v2\/posts\/41115\/revisions"}],"wp:featuredmedia":[{"embeddable":true,"href":"https:\/\/alzira.es\/es\/wp-json\/wp\/v2\/media\/41112"}],"wp:attachment":[{"href":"https:\/\/alzira.es\/es\/wp-json\/wp\/v2\/media?parent=41115"}],"wp:term":[{"taxonomy":"category","embeddable":true,"href":"https:\/\/alzira.es\/es\/wp-json\/wp\/v2\/categories?post=41115"},{"taxonomy":"post_tag","embeddable":true,"href":"https:\/\/alzira.es\/es\/wp-json\/wp\/v2\/tags?post=41115"}],"curies":[{"name":"wp","href":"https:\/\/api.w.org\/{rel}","templated":true}]}}