{"id":40963,"date":"2019-04-10T16:00:00","date_gmt":"2019-04-10T14:00:00","guid":{"rendered":"https:\/\/alzira.es\/canvia-l-aparcament-al-carrer-alquenencia\/"},"modified":"2019-04-10T16:00:00","modified_gmt":"2019-04-10T14:00:00","slug":"canvia-l-aparcament-al-carrer-alquenencia","status":"publish","type":"post","link":"https:\/\/alzira.es\/es\/canvia-l-aparcament-al-carrer-alquenencia\/","title":{"rendered":"Canvia l\u2019aparcament al carrer Alquen\u00e8ncia"},"content":{"rendered":"<p style=\"text-align: justify;\"><strong>Alzira, 10 d&#8217;abril de 2019. \u2013<\/strong> La Regidoria de Seguretat, mitjan\u00e7ant la policia informa del canvi en el tipus d&#8217;estacionament al carrer Alquen\u00e8ncia, passant a ser obligatori des d&#8217;ahir l&#8217;aparcament en bateria.<\/p>\n<p style=\"text-align: justify;\">Al llarg del mat\u00ed de dimarts es va procedir a pintar la nova senyalitzaci\u00f3 indicant el aparcament en bateria i des de la mateixa vesprada va entrar en funcionament este canvi.<\/p>\n<p style=\"text-align: justify;\">Ha estat una decisi\u00f3 basada en informes t\u00e8cnics que asseguren que amb esta modalitat d&#8217;aparcament s&#8217;augmenta el nombre de places. Concretament en el tram del parc es passa de 31 a 55 places. En total, en el per\u00edmetre del parc de L&#8217;Alquen\u00e8ncia, les places d&#8217;aparcament s&#8217;incrementen en 65 amb esta disposici\u00f3.<\/p>\n<p style=\"text-align: justify;\"><span style=\"color: #ffffff;\">:<\/span><a href=\"https:\/\/alzira.es\/wp-content\/uploads\/2019\/04\/IMG-20190409-WA0003.jpg\" target=\"_blank\" rel=\"noopener\"><img fetchpriority=\"high\" decoding=\"async\" class=\" alignright size-full wp-image-40959\" style=\"margin-right: 10px; margin-left: 5px; float: right;\" title=\"Canvia l\u2019aparcament al carrer Alquen\u00e8ncia\" src=\"https:\/\/alzira.es\/wp-content\/uploads\/2019\/04\/IMG-20190409-WA0003.jpg\" alt=\"IMG-20190409-WA0003\" width=\"300\" height=\"618\" srcset=\"https:\/\/alzira.es\/wp-content\/uploads\/2019\/04\/IMG-20190409-WA0003.jpg 777w, https:\/\/alzira.es\/wp-content\/uploads\/2019\/04\/IMG-20190409-WA0003-248x510.jpg 248w, https:\/\/alzira.es\/wp-content\/uploads\/2019\/04\/IMG-20190409-WA0003-521x1072.jpg 521w, https:\/\/alzira.es\/wp-content\/uploads\/2019\/04\/IMG-20190409-WA0003-768x1581.jpg 768w, https:\/\/alzira.es\/wp-content\/uploads\/2019\/04\/IMG-20190409-WA0003-746x1536.jpg 746w\" sizes=\"(max-width: 300px) 100vw, 300px\" \/><\/a>A m\u00e9s els estudis asseguren que este tipus d&#8217;aparcament suposa avantatges com l&#8217;augment de la seguretat en reduir-se la velocitat dels vehicles<\/p>\n","protected":false},"excerpt":{"rendered":"<p>Alzira, 10 d&#8217;abril de 2019. \u2013 La Regidoria de Seguretat, mitjan\u00e7ant la policia informa del canvi en el tipus d&#8217;estacionament al carrer Alquen\u00e8ncia, passant a ser obligatori des d&#8217;ahir l&#8217;aparcament en bateria. Al llarg del mat\u00ed de dimarts es va procedir a pintar la nova senyalitzaci\u00f3 indicant el aparcament en bateria i des de la &hellip; <\/p>\n<p class=\"link-more\"><a href=\"https:\/\/alzira.es\/es\/canvia-l-aparcament-al-carrer-alquenencia\/\" class=\"more-link\">Continuar leyendo<span class=\"screen-reader-text\"> \u00abCanvia l\u2019aparcament al carrer Alquen\u00e8ncia\u00bb<\/span><\/a><\/p>\n","protected":false},"author":12,"featured_media":40959,"comment_status":"","ping_status":"","sticky":false,"template":"","format":"standard","meta":{"_acf_changed":false,"footnotes":""},"categories":[],"tags":[],"class_list":["post-40963","post","type-post","status-publish","format-standard","has-post-thumbnail","hentry"],"acf":[],"_links":{"self":[{"href":"https:\/\/alzira.es\/es\/wp-json\/wp\/v2\/posts\/40963","targetHints":{"allow":["GET"]}}],"collection":[{"href":"https:\/\/alzira.es\/es\/wp-json\/wp\/v2\/posts"}],"about":[{"href":"https:\/\/alzira.es\/es\/wp-json\/wp\/v2\/types\/post"}],"author":[{"embeddable":true,"href":"https:\/\/alzira.es\/es\/wp-json\/wp\/v2\/users\/12"}],"replies":[{"embeddable":true,"href":"https:\/\/alzira.es\/es\/wp-json\/wp\/v2\/comments?post=40963"}],"version-history":[{"count":0,"href":"https:\/\/alzira.es\/es\/wp-json\/wp\/v2\/posts\/40963\/revisions"}],"wp:featuredmedia":[{"embeddable":true,"href":"https:\/\/alzira.es\/es\/wp-json\/wp\/v2\/media\/40959"}],"wp:attachment":[{"href":"https:\/\/alzira.es\/es\/wp-json\/wp\/v2\/media?parent=40963"}],"wp:term":[{"taxonomy":"category","embeddable":true,"href":"https:\/\/alzira.es\/es\/wp-json\/wp\/v2\/categories?post=40963"},{"taxonomy":"post_tag","embeddable":true,"href":"https:\/\/alzira.es\/es\/wp-json\/wp\/v2\/tags?post=40963"}],"curies":[{"name":"wp","href":"https:\/\/api.w.org\/{rel}","templated":true}]}}