{"id":40961,"date":"2019-04-10T16:00:00","date_gmt":"2019-04-10T14:00:00","guid":{"rendered":"https:\/\/alzira.es\/cambia-el-aparcamiento-en-la-calle-alquenencia\/"},"modified":"2019-04-10T16:00:00","modified_gmt":"2019-04-10T14:00:00","slug":"cambia-el-aparcamiento-en-la-calle-alquenencia","status":"publish","type":"post","link":"https:\/\/alzira.es\/es\/cambia-el-aparcamiento-en-la-calle-alquenencia\/","title":{"rendered":"Cambia el aparcamiento en la calle Alquenencia"},"content":{"rendered":"<p><strong>Alzira, 10 de abril de 2019. &#8211;<\/strong> La Concejal\u00eda de Seguridad, mediante la polic\u00eda informa del cambio en el tipo de estacionamiento en la calle Alquenencia, pasando a ser obligatorio desde ayer el aparcamiento en bater\u00eda.<\/p>\n<p>A lo largo de la ma\u00f1ana del martes se procedi\u00f3 a pintar la nueva se\u00f1alizaci\u00f3n indicando el aparcamiento en bater\u00eda y desde la misma tarde entr\u00f3 en funcionamiento este cambio.<\/p>\n<p>Ha sido una decisi\u00f3n basada en informes t\u00e9cnicos que aseguran que con esta modalidad de aparcamiento se aumenta el n\u00famero de plazas. Concretamente en el tramo del parque se pasa de 31 a 55 plazas. En total, en el per\u00edmetro del parque de La Alquenencia, las plazas de aparcamiento se incrementan en 65 con esta disposici\u00f3n.<\/p>\n<p>Adem\u00e1s<a href=\"https:\/\/alzira.es\/wp-content\/uploads\/2019\/04\/IMG-20190409-WA0003.jpg\" target=\"_blank\" rel=\"noopener\"><img fetchpriority=\"high\" decoding=\"async\" class=\" alignright size-full wp-image-40959\" style=\"margin-right: 10px; margin-left: 10px; float: right;\" title=\"Cambia el aparcamiento en la calle Alquenencia\" src=\"https:\/\/alzira.es\/wp-content\/uploads\/2019\/04\/IMG-20190409-WA0003.jpg\" alt=\"IMG-20190409-WA0003\" width=\"300\" height=\"617\" srcset=\"https:\/\/alzira.es\/wp-content\/uploads\/2019\/04\/IMG-20190409-WA0003.jpg 777w, https:\/\/alzira.es\/wp-content\/uploads\/2019\/04\/IMG-20190409-WA0003-248x510.jpg 248w, https:\/\/alzira.es\/wp-content\/uploads\/2019\/04\/IMG-20190409-WA0003-521x1072.jpg 521w, https:\/\/alzira.es\/wp-content\/uploads\/2019\/04\/IMG-20190409-WA0003-768x1581.jpg 768w, https:\/\/alzira.es\/wp-content\/uploads\/2019\/04\/IMG-20190409-WA0003-746x1536.jpg 746w\" sizes=\"(max-width: 300px) 100vw, 300px\" \/><\/a>&nbsp;los estudios aseguran que este tipo de aparcamiento supone ventajas como el aumento de la seguridad al reducirse la velocidad de los veh\u00edculos<\/p>\n","protected":false},"excerpt":{"rendered":"<p>Alzira, 10 de abril de 2019. &#8211; La Concejal\u00eda de Seguridad, mediante la polic\u00eda informa del cambio en el tipo de estacionamiento en la calle Alquenencia, pasando a ser obligatorio desde ayer el aparcamiento en bater\u00eda. A lo largo de la ma\u00f1ana del martes se procedi\u00f3 a pintar la nueva se\u00f1alizaci\u00f3n indicando el aparcamiento en &hellip; <\/p>\n<p class=\"link-more\"><a href=\"https:\/\/alzira.es\/es\/cambia-el-aparcamiento-en-la-calle-alquenencia\/\" class=\"more-link\">Continuar leyendo<span class=\"screen-reader-text\"> \u00abCambia el aparcamiento en la calle Alquenencia\u00bb<\/span><\/a><\/p>\n","protected":false},"author":12,"featured_media":40959,"comment_status":"","ping_status":"","sticky":false,"template":"","format":"standard","meta":{"_acf_changed":false,"footnotes":""},"categories":[4936],"tags":[],"class_list":["post-40961","post","type-post","status-publish","format-standard","has-post-thumbnail","hentry","category-hemeroteca-es"],"acf":[],"_links":{"self":[{"href":"https:\/\/alzira.es\/es\/wp-json\/wp\/v2\/posts\/40961","targetHints":{"allow":["GET"]}}],"collection":[{"href":"https:\/\/alzira.es\/es\/wp-json\/wp\/v2\/posts"}],"about":[{"href":"https:\/\/alzira.es\/es\/wp-json\/wp\/v2\/types\/post"}],"author":[{"embeddable":true,"href":"https:\/\/alzira.es\/es\/wp-json\/wp\/v2\/users\/12"}],"replies":[{"embeddable":true,"href":"https:\/\/alzira.es\/es\/wp-json\/wp\/v2\/comments?post=40961"}],"version-history":[{"count":0,"href":"https:\/\/alzira.es\/es\/wp-json\/wp\/v2\/posts\/40961\/revisions"}],"wp:featuredmedia":[{"embeddable":true,"href":"https:\/\/alzira.es\/es\/wp-json\/wp\/v2\/media\/40959"}],"wp:attachment":[{"href":"https:\/\/alzira.es\/es\/wp-json\/wp\/v2\/media?parent=40961"}],"wp:term":[{"taxonomy":"category","embeddable":true,"href":"https:\/\/alzira.es\/es\/wp-json\/wp\/v2\/categories?post=40961"},{"taxonomy":"post_tag","embeddable":true,"href":"https:\/\/alzira.es\/es\/wp-json\/wp\/v2\/tags?post=40961"}],"curies":[{"name":"wp","href":"https:\/\/api.w.org\/{rel}","templated":true}]}}