{"id":40955,"date":"2019-04-09T14:09:34","date_gmt":"2019-04-09T12:09:34","guid":{"rendered":"https:\/\/alzira.es\/presentacio-del-nou-libre-de-pilota-valenciana-joc-espai-i-xarxa-alzira-poble-o-multitud\/"},"modified":"2019-04-09T14:09:34","modified_gmt":"2019-04-09T12:09:34","slug":"presentacio-del-nou-libre-de-pilota-valenciana-joc-espai-i-xarxa-alzira-poble-o-multitud","status":"publish","type":"post","link":"https:\/\/alzira.es\/es\/presentacio-del-nou-libre-de-pilota-valenciana-joc-espai-i-xarxa-alzira-poble-o-multitud\/","title":{"rendered":"Presentaci\u00f3 del nou llibre de Pilota Valenciana: Joc, espai i xarxa: Alzira. Poble o multitud"},"content":{"rendered":"<p style=\"text-align: justify;\">El proper dijous 11 d&#8217;abril a les 20:00 hores tindr\u00e0 lloc, en col\u2022laboraci\u00f3 amb l&#8217;Ajuntament d&#8217;Alzira, la inauguraci\u00f3 de l&#8217;exposici\u00f3 i la presentaci\u00f3 del nou llibre de pilota valenciana <em>Joc, espai i xarxa: Alzira. Poble o multitud<\/em>, de l&#8217;editorial <em>aix\u00f2 \u00e9s com tot<\/em>, i ho far\u00e0 en el claustre de la Casa de la Cultura d&#8217;Alzira.<\/p>\n<p style=\"text-align: justify;\"><em>Aix\u00f2 \u00e9s com tot<\/em> vol ser un espai perif\u00e8ric des d&#8217;on treballar la cr\u00edtica de la cultura popular contempor\u00e0nia i que tracta, per tant, d&#8217;oferir diferents punts de vista d&#8217;all\u00f2 que encara est\u00e0 viu en les nostres pr\u00e0ctiques culturals de forma conflictiva, tot tractant de visibilitzar-ho. Ens interessa, per tant, no tant l&#8217;activitat esportiva sin\u00f3 el concepte de joc com a pr\u00e0ctica espont\u00e0nia creativa m\u00e9s enll\u00e0 de la norma, com a lloc de pr\u00e0ctica relacional capa\u00e7 de produir nous vincles de sentit entre els seus participants en un espai que passa, aix\u00ed, a carregar-se de significats afectius.<\/p>\n<p style=\"text-align: justify;\"><strong>Alzira: poble o multitud<\/strong><br \/>De nou, la nostra investigaci\u00f3 es mostra en un relat visual, expositiu i literari, que d\u00f3na compte de com el joc de pilota es converteix en tot un exemple de conviv\u00e8ncia en un espai p\u00fablic constru\u00eft per una col\u2022lectivitat. Joc, per tant, possibilitador de pr\u00e0ctiques comunes la continu\u00eftat del qual conv\u00e9 repensar.<\/p>\n<p style=\"text-align: justify;\">I Alzira \u00e9s l&#8217;espai oport\u00fa per fer-ho, com a poble de refer\u00e8ncia en la partida de pilota que ha vist n\u00e0ixer jugadors com Jes\u00fas Rodr\u00edguez Ferrer, Ferrer II, Enriquito d&#8217;Alzira, Francesc Fontana Ruiz, Patrik, Roc, Manuel, el Blanquet, Vicente d&#8217;Alzira, germ\u00e0 d&#8217;Enriquito, o d&#8217;altres menys coneguts com Bernardo Cuenca, Gitanet, Pepe Almi\u00f1ana, Machaco o Rafael Gim\u00e9nez, El Sabater, per\u00f2 que formen part tamb\u00e9 de la llarga llista de pilotaris d&#8217;Alzira. Alguns d&#8217;ells estan retratats en les parets del trinquet Nou, un nou espai que va generar debat dins la comunitat de la pilota d&#8217;Alzira i que mirarem tamb\u00e9 d&#8217;analitzar.<\/p>\n<p style=\"text-align: justify;\">Esperem, doncs, veure-us el proper dijous dia 11 d&#8217;abril al claustre de la Casa de la Cultura d&#8217;Alzira. L&#8217;exposici\u00f3 romandr\u00e0 oberta fins el 28 d&#8217;abril. Esteu convidades, esteu convidats.<br \/>Podeu trobar m\u00e9s informaci\u00f3 del projecte editorial en la nostra p\u00e0gina web:&nbsp;<span style=\"color: #0000ff;\">www.aixoescomtot.com<\/span><\/p>\n<p style=\"text-align: center;\"><a href=\"https:\/\/alzira.es\/wp-content\/uploads\/2019\/04\/Cartell_expo_pilota_Alzira.jpeg\" target=\"_blank\" rel=\"noopener\"><span style=\"color: #0000ff;\"><img fetchpriority=\"high\" decoding=\"async\" class=\" size-full wp-image-40952\" title=\"Presentaci\u00f3 del nou libre de Pilota Valenciana: Joc, espai i xarxa: Alzira. Poble o multitud\" src=\"https:\/\/alzira.es\/wp-content\/uploads\/2019\/04\/Cartell_expo_pilota_Alzira.jpeg\" alt=\"Cartell expo pilota Alzira\" width=\"400\" height=\"565\" srcset=\"https:\/\/alzira.es\/wp-content\/uploads\/2019\/04\/Cartell_expo_pilota_Alzira.jpeg 1132w, https:\/\/alzira.es\/wp-content\/uploads\/2019\/04\/Cartell_expo_pilota_Alzira-361x510.jpeg 361w, https:\/\/alzira.es\/wp-content\/uploads\/2019\/04\/Cartell_expo_pilota_Alzira-758x1072.jpeg 758w, https:\/\/alzira.es\/wp-content\/uploads\/2019\/04\/Cartell_expo_pilota_Alzira-768x1086.jpeg 768w, https:\/\/alzira.es\/wp-content\/uploads\/2019\/04\/Cartell_expo_pilota_Alzira-1087x1536.jpeg 1087w\" sizes=\"(max-width: 400px) 100vw, 400px\" \/><\/span><\/a><\/p>\n","protected":false},"excerpt":{"rendered":"<p>El proper dijous 11 d&#8217;abril a les 20:00 hores tindr\u00e0 lloc, en col\u2022laboraci\u00f3 amb l&#8217;Ajuntament d&#8217;Alzira, la inauguraci\u00f3 de l&#8217;exposici\u00f3 i la presentaci\u00f3 del nou llibre de pilota valenciana Joc, espai i xarxa: Alzira. Poble o multitud, de l&#8217;editorial aix\u00f2 \u00e9s com tot, i ho far\u00e0 en el claustre de la Casa de la Cultura &hellip; <\/p>\n<p class=\"link-more\"><a href=\"https:\/\/alzira.es\/es\/presentacio-del-nou-libre-de-pilota-valenciana-joc-espai-i-xarxa-alzira-poble-o-multitud\/\" class=\"more-link\">Continuar leyendo<span class=\"screen-reader-text\"> \u00abPresentaci\u00f3 del nou llibre de Pilota Valenciana: Joc, espai i xarxa: Alzira. Poble o multitud\u00bb<\/span><\/a><\/p>\n","protected":false},"author":12,"featured_media":40952,"comment_status":"","ping_status":"","sticky":false,"template":"","format":"standard","meta":{"_acf_changed":false,"footnotes":""},"categories":[],"tags":[],"class_list":["post-40955","post","type-post","status-publish","format-standard","has-post-thumbnail","hentry"],"acf":[],"_links":{"self":[{"href":"https:\/\/alzira.es\/es\/wp-json\/wp\/v2\/posts\/40955","targetHints":{"allow":["GET"]}}],"collection":[{"href":"https:\/\/alzira.es\/es\/wp-json\/wp\/v2\/posts"}],"about":[{"href":"https:\/\/alzira.es\/es\/wp-json\/wp\/v2\/types\/post"}],"author":[{"embeddable":true,"href":"https:\/\/alzira.es\/es\/wp-json\/wp\/v2\/users\/12"}],"replies":[{"embeddable":true,"href":"https:\/\/alzira.es\/es\/wp-json\/wp\/v2\/comments?post=40955"}],"version-history":[{"count":0,"href":"https:\/\/alzira.es\/es\/wp-json\/wp\/v2\/posts\/40955\/revisions"}],"wp:featuredmedia":[{"embeddable":true,"href":"https:\/\/alzira.es\/es\/wp-json\/wp\/v2\/media\/40952"}],"wp:attachment":[{"href":"https:\/\/alzira.es\/es\/wp-json\/wp\/v2\/media?parent=40955"}],"wp:term":[{"taxonomy":"category","embeddable":true,"href":"https:\/\/alzira.es\/es\/wp-json\/wp\/v2\/categories?post=40955"},{"taxonomy":"post_tag","embeddable":true,"href":"https:\/\/alzira.es\/es\/wp-json\/wp\/v2\/tags?post=40955"}],"curies":[{"name":"wp","href":"https:\/\/api.w.org\/{rel}","templated":true}]}}