{"id":40945,"date":"2019-04-09T13:20:12","date_gmt":"2019-04-09T11:20:12","guid":{"rendered":"https:\/\/alzira.es\/?p=40945"},"modified":"2019-04-09T13:20:12","modified_gmt":"2019-04-09T11:20:12","slug":"setmana-santa-d-alzira-2019","status":"publish","type":"post","link":"https:\/\/alzira.es\/es\/setmana-santa-d-alzira-2019\/","title":{"rendered":"Setmana Santa d&#8217;Alzira 2019"},"content":{"rendered":"<p style=\"text-align: center;\"><a href=\"https:\/\/alzira.es\/wp-content\/uploads\/2019\/04\/Semana_Santa_Alzira_2019_folleto_compressed.pdf\" target=\"_blank\" rel=\"noopener\"><img fetchpriority=\"high\" decoding=\"async\" class=\" size-full wp-image-40939\" title=\"Accedix al llibre oficial de la Setmana Santa d'Alzira\" src=\"https:\/\/alzira.es\/wp-content\/uploads\/2019\/04\/Semana_Santa_Alzira_2019_folleto-1_page-0001.jpg\" alt=\"Semana Santa Alzira 2019 folleto-1 page-0001\" width=\"493\" height=\"700\" srcset=\"https:\/\/alzira.es\/wp-content\/uploads\/2019\/04\/Semana_Santa_Alzira_2019_folleto-1_page-0001.jpg 873w, https:\/\/alzira.es\/wp-content\/uploads\/2019\/04\/Semana_Santa_Alzira_2019_folleto-1_page-0001-359x510.jpg 359w, https:\/\/alzira.es\/wp-content\/uploads\/2019\/04\/Semana_Santa_Alzira_2019_folleto-1_page-0001-755x1072.jpg 755w, https:\/\/alzira.es\/wp-content\/uploads\/2019\/04\/Semana_Santa_Alzira_2019_folleto-1_page-0001-768x1091.jpg 768w\" sizes=\"(max-width: 493px) 100vw, 493px\" \/><\/a><\/p>\n<p style=\"text-align: center;\">Actes oficials m\u00e9s destacats<\/p>\n<p style=\"text-align: center;\"><a href=\"index.php\/val\/agenda\/10760-processo-del-sant-enterro\" target=\"_blank\" rel=\"noopener\"><strong>Process\u00f3<\/strong><strong>&nbsp;del Sant Enterro<\/strong><\/a><\/p>\n<p style=\"text-align: center;\"><span style=\"font-size: 14.4px; text-align: center;\">Accedix a la programaci\u00f3 de la Setmana Santa d&#8217;Alzira clicant<\/span><strong><span style=\"font-size: 14.4px; text-align: center;\">&nbsp;<\/span><a style=\"font-size: 14.4px; text-align: center;\" href=\"https:\/\/alzira.es\/wp-content\/uploads\/2019\/04\/Semana_Santa_Alzira_2019_folleto_compressed.pdf\" target=\"_blank\" rel=\"noopener\"><strong>ac\u00ed<\/strong><\/a><\/strong><\/p>\n","protected":false},"excerpt":{"rendered":"<p>Actes oficials m\u00e9s destacats Process\u00f3&nbsp;del Sant Enterro Accedix a la programaci\u00f3 de la Setmana Santa d&#8217;Alzira clicant&nbsp;ac\u00ed<\/p>\n","protected":false},"author":12,"featured_media":0,"comment_status":"","ping_status":"","sticky":false,"template":"","format":"standard","meta":{"_acf_changed":false,"footnotes":""},"categories":[],"tags":[],"class_list":["post-40945","post","type-post","status-publish","format-standard","hentry"],"acf":[],"_links":{"self":[{"href":"https:\/\/alzira.es\/es\/wp-json\/wp\/v2\/posts\/40945","targetHints":{"allow":["GET"]}}],"collection":[{"href":"https:\/\/alzira.es\/es\/wp-json\/wp\/v2\/posts"}],"about":[{"href":"https:\/\/alzira.es\/es\/wp-json\/wp\/v2\/types\/post"}],"author":[{"embeddable":true,"href":"https:\/\/alzira.es\/es\/wp-json\/wp\/v2\/users\/12"}],"replies":[{"embeddable":true,"href":"https:\/\/alzira.es\/es\/wp-json\/wp\/v2\/comments?post=40945"}],"version-history":[{"count":0,"href":"https:\/\/alzira.es\/es\/wp-json\/wp\/v2\/posts\/40945\/revisions"}],"wp:attachment":[{"href":"https:\/\/alzira.es\/es\/wp-json\/wp\/v2\/media?parent=40945"}],"wp:term":[{"taxonomy":"category","embeddable":true,"href":"https:\/\/alzira.es\/es\/wp-json\/wp\/v2\/categories?post=40945"},{"taxonomy":"post_tag","embeddable":true,"href":"https:\/\/alzira.es\/es\/wp-json\/wp\/v2\/tags?post=40945"}],"curies":[{"name":"wp","href":"https:\/\/api.w.org\/{rel}","templated":true}]}}