{"id":40792,"date":"2019-04-19T18:30:00","date_gmt":"2019-04-19T16:30:00","guid":{"rendered":"https:\/\/alzira.es\/processo-del-sant-enterro\/"},"modified":"2019-04-19T18:30:00","modified_gmt":"2019-04-19T16:30:00","slug":"processo-del-sant-enterro","status":"publish","type":"post","link":"https:\/\/alzira.es\/es\/processo-del-sant-enterro\/","title":{"rendered":"Process\u00f3 del Sant Enterro"},"content":{"rendered":"<p style=\"text-align: justify;\">Aquesta \u00faltima process\u00f3, la Process\u00f3 General, t\u00e9 un recorregut establert que travessa la Ciutat de nord a sud. El trajecte sol realitzar-se en poc m\u00e9s de cinc hores des que inicia la marxa el primer pas, fins que l&#8217;\u00faltim arriba a l&#8217;Esgl\u00e9sia de la Mare de D\u00e9u del Lluch. El recorregut, tradicionalment, s&#8217;inicia a la pla\u00e7a de Santa Maria i transcorre pels carrers Major Santa Maria, Santa Ll\u00facia, Sant Roc, pla\u00e7a de la Constituci\u00f3, Maig de Santa Caterina, Faustino Blasco, Casalicis, Calder\u00f3n de la Barca, pla\u00e7a Major (centre), Benito P\u00e9rez Gald\u00f3s, Reis Cat\u00f2lics, El doctor Ferran, av. Jos\u00e9. Pau &#8216;Margantoni&#8217;, Pere Esplugues i finalment, Parr\u00f3quia Virgen del Lluch.<\/p>\n<p style=\"text-align: center;\"><img fetchpriority=\"high\" decoding=\"async\" class=\" size-full wp-image-40786\" title=\"Process\u00f3 del Sant Enterro\" src=\"https:\/\/alzira.es\/wp-content\/uploads\/2019\/04\/2018-03-31_17.11.30_1747255350216064797_setmanasantaalzira18.jpg\" alt=\"2018-03-31 17.11.30 1747255350216064797 setmanasantaalzira18\" width=\"600\" height=\"600\" srcset=\"https:\/\/alzira.es\/wp-content\/uploads\/2019\/04\/2018-03-31_17.11.30_1747255350216064797_setmanasantaalzira18.jpg 1080w, https:\/\/alzira.es\/wp-content\/uploads\/2019\/04\/2018-03-31_17.11.30_1747255350216064797_setmanasantaalzira18-510x510.jpg 510w, https:\/\/alzira.es\/wp-content\/uploads\/2019\/04\/2018-03-31_17.11.30_1747255350216064797_setmanasantaalzira18-1072x1072.jpg 1072w, https:\/\/alzira.es\/wp-content\/uploads\/2019\/04\/2018-03-31_17.11.30_1747255350216064797_setmanasantaalzira18-350x350.jpg 350w, https:\/\/alzira.es\/wp-content\/uploads\/2019\/04\/2018-03-31_17.11.30_1747255350216064797_setmanasantaalzira18-768x768.jpg 768w, https:\/\/alzira.es\/wp-content\/uploads\/2019\/04\/2018-03-31_17.11.30_1747255350216064797_setmanasantaalzira18-100x100.jpg 100w\" sizes=\"(max-width: 600px) 100vw, 600px\" \/><\/p>\n<p style=\"text-align: center;\"><img decoding=\"async\" width=\"476\" height=\"236\" class=\"size-full wp-image-40788 lazyload\" title=\"Recorregut\" data-src=\"https:\/\/alzira.es\/wp-content\/uploads\/2019\/04\/santo_entierro.PNG\" alt=\"santo entierro\" src=\"data:image\/svg+xml;base64,PHN2ZyB3aWR0aD0iMSIgaGVpZ2h0PSIxIiB4bWxucz0iaHR0cDovL3d3dy53My5vcmcvMjAwMC9zdmciPjwvc3ZnPg==\" style=\"--smush-placeholder-width: 476px; --smush-placeholder-aspect-ratio: 476\/236;\" \/><\/p>\n","protected":false},"excerpt":{"rendered":"<p>Aquesta \u00faltima process\u00f3, la Process\u00f3 General, t\u00e9 un recorregut establert que travessa la Ciutat de nord a sud. El trajecte sol realitzar-se en poc m\u00e9s de cinc hores des que inicia la marxa el primer pas, fins que l&#8217;\u00faltim arriba a l&#8217;Esgl\u00e9sia de la Mare de D\u00e9u del Lluch. El recorregut, tradicionalment, s&#8217;inicia a la &hellip; <\/p>\n<p class=\"link-more\"><a href=\"https:\/\/alzira.es\/es\/processo-del-sant-enterro\/\" class=\"more-link\">Continuar leyendo<span class=\"screen-reader-text\"> \u00abProcess\u00f3 del Sant Enterro\u00bb<\/span><\/a><\/p>\n","protected":false},"author":12,"featured_media":40786,"comment_status":"","ping_status":"","sticky":false,"template":"","format":"standard","meta":{"_acf_changed":false,"footnotes":""},"categories":[],"tags":[],"class_list":["post-40792","post","type-post","status-publish","format-standard","has-post-thumbnail","hentry"],"acf":[],"_links":{"self":[{"href":"https:\/\/alzira.es\/es\/wp-json\/wp\/v2\/posts\/40792","targetHints":{"allow":["GET"]}}],"collection":[{"href":"https:\/\/alzira.es\/es\/wp-json\/wp\/v2\/posts"}],"about":[{"href":"https:\/\/alzira.es\/es\/wp-json\/wp\/v2\/types\/post"}],"author":[{"embeddable":true,"href":"https:\/\/alzira.es\/es\/wp-json\/wp\/v2\/users\/12"}],"replies":[{"embeddable":true,"href":"https:\/\/alzira.es\/es\/wp-json\/wp\/v2\/comments?post=40792"}],"version-history":[{"count":0,"href":"https:\/\/alzira.es\/es\/wp-json\/wp\/v2\/posts\/40792\/revisions"}],"wp:featuredmedia":[{"embeddable":true,"href":"https:\/\/alzira.es\/es\/wp-json\/wp\/v2\/media\/40786"}],"wp:attachment":[{"href":"https:\/\/alzira.es\/es\/wp-json\/wp\/v2\/media?parent=40792"}],"wp:term":[{"taxonomy":"category","embeddable":true,"href":"https:\/\/alzira.es\/es\/wp-json\/wp\/v2\/categories?post=40792"},{"taxonomy":"post_tag","embeddable":true,"href":"https:\/\/alzira.es\/es\/wp-json\/wp\/v2\/tags?post=40792"}],"curies":[{"name":"wp","href":"https:\/\/api.w.org\/{rel}","templated":true}]}}