{"id":40784,"date":"2019-04-17T22:00:00","date_gmt":"2019-04-17T20:00:00","guid":{"rendered":"https:\/\/alzira.es\/?p=40784"},"modified":"2019-04-17T22:00:00","modified_gmt":"2019-04-17T20:00:00","slug":"trasllat-procesional","status":"publish","type":"post","link":"https:\/\/alzira.es\/es\/trasllat-procesional\/","title":{"rendered":"Trasllat procesional"},"content":{"rendered":"<p style=\"text-align: justify;\">A las <strong>20:45<\/strong> horas; concentraci\u00f3n en casa de los Clavarios Mayores de Alzira D. Jos\u00e9 Ignacio R\u00edos Aranda y D\u00aa Rosana Ana Peris Catoira. A las <strong>22:00<\/strong> horas Traslado de la SANTA CRUZ de la Junta de Hermandades y Cofrad\u00edas que partiendo desde el Domicilio Social de esta Junta, en Calle Mayor Santa Mar\u00eda, recorrer\u00e1 el siguiente itinerario: Santa Luc\u00eda, San Roque, Plaza Constituci\u00f3n, Mayor Santa Catalina, Faustino Blasco, Casalicios, Calder\u00f3n de la Barca, Plaza Mayor, P\u00e9rez Gald\u00f3s, Reyes Cat\u00f3licos, Hort dels Frares, Plaza Mayor, Correos a calle Santa Teresa n\u00ba 24, donde quedar\u00e1 instalado su Dosel. Est\u00e1n invitados todos los cofrades alzire\u00f1os.<\/p>\n<p style=\"text-align: center;\"><img fetchpriority=\"high\" decoding=\"async\" class=\" size-full wp-image-40778\" title=\"Trasllat procesional\" src=\"https:\/\/alzira.es\/wp-content\/uploads\/2019\/04\/2018-03-29_01.26.43_1745330271644044073_setmanasantaalzira18.jpg\" alt=\"2018-03-29 01.26.43 1745330271644044073 setmanasantaalzira18\" width=\"704\" height=\"500\" srcset=\"https:\/\/alzira.es\/wp-content\/uploads\/2019\/04\/2018-03-29_01.26.43_1745330271644044073_setmanasantaalzira18.jpg 1080w, https:\/\/alzira.es\/wp-content\/uploads\/2019\/04\/2018-03-29_01.26.43_1745330271644044073_setmanasantaalzira18-680x482.jpg 680w, https:\/\/alzira.es\/wp-content\/uploads\/2019\/04\/2018-03-29_01.26.43_1745330271644044073_setmanasantaalzira18-768x545.jpg 768w\" sizes=\"(max-width: 704px) 100vw, 704px\" \/><\/p>\n<p style=\"text-align: center;\"><img decoding=\"async\" width=\"573\" height=\"371\" class=\"size-full wp-image-40780 lazyload\" title=\"Recorregut\" data-src=\"https:\/\/alzira.es\/wp-content\/uploads\/2019\/04\/traslado.PNG\" alt=\"traslado\" src=\"data:image\/svg+xml;base64,PHN2ZyB3aWR0aD0iMSIgaGVpZ2h0PSIxIiB4bWxucz0iaHR0cDovL3d3dy53My5vcmcvMjAwMC9zdmciPjwvc3ZnPg==\" style=\"--smush-placeholder-width: 573px; --smush-placeholder-aspect-ratio: 573\/371;\" \/><\/p>\n","protected":false},"excerpt":{"rendered":"<p>A las 20:45 horas; concentraci\u00f3n en casa de los Clavarios Mayores de Alzira D. Jos\u00e9 Ignacio R\u00edos Aranda y D\u00aa Rosana Ana Peris Catoira. A las 22:00 horas Traslado de la SANTA CRUZ de la Junta de Hermandades y Cofrad\u00edas que partiendo desde el Domicilio Social de esta Junta, en Calle Mayor Santa Mar\u00eda, recorrer\u00e1 &hellip; <\/p>\n<p class=\"link-more\"><a href=\"https:\/\/alzira.es\/es\/trasllat-procesional\/\" class=\"more-link\">Continuar leyendo<span class=\"screen-reader-text\"> \u00abTrasllat procesional\u00bb<\/span><\/a><\/p>\n","protected":false},"author":12,"featured_media":40778,"comment_status":"","ping_status":"","sticky":false,"template":"","format":"standard","meta":{"_acf_changed":false,"footnotes":""},"categories":[],"tags":[],"class_list":["post-40784","post","type-post","status-publish","format-standard","has-post-thumbnail","hentry"],"acf":[],"_links":{"self":[{"href":"https:\/\/alzira.es\/es\/wp-json\/wp\/v2\/posts\/40784","targetHints":{"allow":["GET"]}}],"collection":[{"href":"https:\/\/alzira.es\/es\/wp-json\/wp\/v2\/posts"}],"about":[{"href":"https:\/\/alzira.es\/es\/wp-json\/wp\/v2\/types\/post"}],"author":[{"embeddable":true,"href":"https:\/\/alzira.es\/es\/wp-json\/wp\/v2\/users\/12"}],"replies":[{"embeddable":true,"href":"https:\/\/alzira.es\/es\/wp-json\/wp\/v2\/comments?post=40784"}],"version-history":[{"count":0,"href":"https:\/\/alzira.es\/es\/wp-json\/wp\/v2\/posts\/40784\/revisions"}],"wp:featuredmedia":[{"embeddable":true,"href":"https:\/\/alzira.es\/es\/wp-json\/wp\/v2\/media\/40778"}],"wp:attachment":[{"href":"https:\/\/alzira.es\/es\/wp-json\/wp\/v2\/media?parent=40784"}],"wp:term":[{"taxonomy":"category","embeddable":true,"href":"https:\/\/alzira.es\/es\/wp-json\/wp\/v2\/categories?post=40784"},{"taxonomy":"post_tag","embeddable":true,"href":"https:\/\/alzira.es\/es\/wp-json\/wp\/v2\/tags?post=40784"}],"curies":[{"name":"wp","href":"https:\/\/api.w.org\/{rel}","templated":true}]}}