{"id":40776,"date":"2019-04-14T11:30:00","date_gmt":"2019-04-14T09:30:00","guid":{"rendered":"https:\/\/alzira.es\/diumenge-de-rams\/"},"modified":"2019-04-14T11:30:00","modified_gmt":"2019-04-14T09:30:00","slug":"diumenge-de-rams","status":"publish","type":"post","link":"https:\/\/alzira.es\/es\/diumenge-de-rams\/","title":{"rendered":"Diumenge de Rams"},"content":{"rendered":"<p style=\"text-align: justify;\">A les <strong>11:30<\/strong> hores, concentraci\u00f3 de fidels i confrares a la Pla\u00e7a Primer de Maig. A les <strong>11:40<\/strong> hores, Benedicci\u00f3 i Process\u00f3 de Palmes amb la representaci\u00f3 de l&#8217;Entrada de Jes\u00fas a Jerusalem, por Hort de Frares, Pla\u00e7a Major, Correus, Major Santa Caterina finalitzant en Pla\u00e7a Constituci\u00f3.<\/p>\n<p style=\"text-align: center;\"><img fetchpriority=\"high\" decoding=\"async\" class=\" size-full wp-image-40770\" title=\"Diumenge de Rams\" src=\"https:\/\/alzira.es\/wp-content\/uploads\/2019\/04\/2018-03-26_11.30.05_1743459625254013101_setmanasantaalzira18.jpg\" alt=\"2018-03-26 11.30.05 1743459625254013101 setmanasantaalzira18\" width=\"600\" height=\"600\" srcset=\"https:\/\/alzira.es\/wp-content\/uploads\/2019\/04\/2018-03-26_11.30.05_1743459625254013101_setmanasantaalzira18.jpg 1080w, https:\/\/alzira.es\/wp-content\/uploads\/2019\/04\/2018-03-26_11.30.05_1743459625254013101_setmanasantaalzira18-510x510.jpg 510w, https:\/\/alzira.es\/wp-content\/uploads\/2019\/04\/2018-03-26_11.30.05_1743459625254013101_setmanasantaalzira18-1072x1072.jpg 1072w, https:\/\/alzira.es\/wp-content\/uploads\/2019\/04\/2018-03-26_11.30.05_1743459625254013101_setmanasantaalzira18-350x350.jpg 350w, https:\/\/alzira.es\/wp-content\/uploads\/2019\/04\/2018-03-26_11.30.05_1743459625254013101_setmanasantaalzira18-768x768.jpg 768w, https:\/\/alzira.es\/wp-content\/uploads\/2019\/04\/2018-03-26_11.30.05_1743459625254013101_setmanasantaalzira18-100x100.jpg 100w\" sizes=\"(max-width: 600px) 100vw, 600px\" \/><\/p>\n<p style=\"text-align: center;\"><img decoding=\"async\" class=\"size-full wp-image-40772 lazyload\" title=\"Recorregut\" data-src=\"https:\/\/alzira.es\/wp-content\/uploads\/2019\/04\/domingo_de_ramos.PNG\" alt=\"domingo de ramos\" width=\"600\" height=\"187\" data-srcset=\"https:\/\/alzira.es\/wp-content\/uploads\/2019\/04\/domingo_de_ramos.PNG 689w, https:\/\/alzira.es\/wp-content\/uploads\/2019\/04\/domingo_de_ramos-680x212.png 680w\" data-sizes=\"(max-width: 600px) 100vw, 600px\" src=\"data:image\/svg+xml;base64,PHN2ZyB3aWR0aD0iMSIgaGVpZ2h0PSIxIiB4bWxucz0iaHR0cDovL3d3dy53My5vcmcvMjAwMC9zdmciPjwvc3ZnPg==\" style=\"--smush-placeholder-width: 600px; --smush-placeholder-aspect-ratio: 600\/187;\" \/><\/p>\n<p style=\"text-align: center;\">M\u00e1s informaci\u00f3n <a href=\"http:\/\/www.semanasanta-alzira.com\/?page_id=534&amp;lang=es\" target=\"_blank\" rel=\"noopener\"><strong>aqu\u00ed<\/strong><\/a><\/p>\n","protected":false},"excerpt":{"rendered":"<p>A les 11:30 hores, concentraci\u00f3 de fidels i confrares a la Pla\u00e7a Primer de Maig. A les 11:40 hores, Benedicci\u00f3 i Process\u00f3 de Palmes amb la representaci\u00f3 de l&#8217;Entrada de Jes\u00fas a Jerusalem, por Hort de Frares, Pla\u00e7a Major, Correus, Major Santa Caterina finalitzant en Pla\u00e7a Constituci\u00f3. M\u00e1s informaci\u00f3n aqu\u00ed<\/p>\n","protected":false},"author":12,"featured_media":40770,"comment_status":"","ping_status":"","sticky":false,"template":"","format":"standard","meta":{"_acf_changed":false,"footnotes":""},"categories":[],"tags":[],"class_list":["post-40776","post","type-post","status-publish","format-standard","has-post-thumbnail","hentry"],"acf":[],"_links":{"self":[{"href":"https:\/\/alzira.es\/es\/wp-json\/wp\/v2\/posts\/40776","targetHints":{"allow":["GET"]}}],"collection":[{"href":"https:\/\/alzira.es\/es\/wp-json\/wp\/v2\/posts"}],"about":[{"href":"https:\/\/alzira.es\/es\/wp-json\/wp\/v2\/types\/post"}],"author":[{"embeddable":true,"href":"https:\/\/alzira.es\/es\/wp-json\/wp\/v2\/users\/12"}],"replies":[{"embeddable":true,"href":"https:\/\/alzira.es\/es\/wp-json\/wp\/v2\/comments?post=40776"}],"version-history":[{"count":0,"href":"https:\/\/alzira.es\/es\/wp-json\/wp\/v2\/posts\/40776\/revisions"}],"wp:featuredmedia":[{"embeddable":true,"href":"https:\/\/alzira.es\/es\/wp-json\/wp\/v2\/media\/40770"}],"wp:attachment":[{"href":"https:\/\/alzira.es\/es\/wp-json\/wp\/v2\/media?parent=40776"}],"wp:term":[{"taxonomy":"category","embeddable":true,"href":"https:\/\/alzira.es\/es\/wp-json\/wp\/v2\/categories?post=40776"},{"taxonomy":"post_tag","embeddable":true,"href":"https:\/\/alzira.es\/es\/wp-json\/wp\/v2\/tags?post=40776"}],"curies":[{"name":"wp","href":"https:\/\/api.w.org\/{rel}","templated":true}]}}