{"id":40648,"date":"2019-04-03T13:05:57","date_gmt":"2019-04-03T11:05:57","guid":{"rendered":"https:\/\/alzira.es\/la-foto-presentada-por-sonia-andres-gana-el-v-concurso-de-instagram-de-las-fallas-de-alzira\/"},"modified":"2019-04-03T13:05:57","modified_gmt":"2019-04-03T11:05:57","slug":"la-foto-presentada-por-sonia-andres-gana-el-v-concurso-de-instagram-de-las-fallas-de-alzira","status":"publish","type":"post","link":"https:\/\/alzira.es\/es\/la-foto-presentada-por-sonia-andres-gana-el-v-concurso-de-instagram-de-las-fallas-de-alzira\/","title":{"rendered":"La foto presentada por Sonia Andr\u00e9s gana el V Concurso de Instagram de las Fallas de Alzira"},"content":{"rendered":"<p style=\"text-align: justify;\"><strong><a href=\"https:\/\/alzira.es\/wp-content\/uploads\/2019\/04\/cartell_instagram_setmana_santa_a3-01-01.jpg\" target=\"_blank\" rel=\"noopener\"><img fetchpriority=\"high\" decoding=\"async\" class=\" alignleft size-full wp-image-40631\" style=\"margin-right: 10px; float: left;\" title=\"La foto presentada por Sonia Andr\u00e9s gana el V Concurso de Instagram de las Fallas de Alzira\" src=\"https:\/\/alzira.es\/wp-content\/uploads\/2019\/04\/cartell_instagram_setmana_santa_a3-01-01.jpg\" alt=\"cartell instagram setmana santa a3-01-01\" width=\"283\" height=\"400\" srcset=\"https:\/\/alzira.es\/wp-content\/uploads\/2019\/04\/cartell_instagram_setmana_santa_a3-01-01.jpg 1754w, https:\/\/alzira.es\/wp-content\/uploads\/2019\/04\/cartell_instagram_setmana_santa_a3-01-01-361x510.jpg 361w, https:\/\/alzira.es\/wp-content\/uploads\/2019\/04\/cartell_instagram_setmana_santa_a3-01-01-758x1072.jpg 758w, https:\/\/alzira.es\/wp-content\/uploads\/2019\/04\/cartell_instagram_setmana_santa_a3-01-01-768x1086.jpg 768w, https:\/\/alzira.es\/wp-content\/uploads\/2019\/04\/cartell_instagram_setmana_santa_a3-01-01-1086x1536.jpg 1086w, https:\/\/alzira.es\/wp-content\/uploads\/2019\/04\/cartell_instagram_setmana_santa_a3-01-01-1448x2048.jpg 1448w\" sizes=\"(max-width: 283px) 100vw, 283px\" \/><\/a>Alzira, 3 de abril de 2019.-<\/strong> Sonia Andr\u00e9s ha sido la ganadora de la V edici\u00f3n del concurso de Instagram de las Fallas de Alzira, organizado desde la Concejal\u00eda de Fiestas.<\/p>\n<p style=\"text-align: justify;\">El jurado dio a conocer la semana pasada las veinte fotos finalistas del concurso de Fallas, y finalizado el plazo para votarlas, tanto en Facebook como en Instagram, el premio del voto popular ha sido para la fotograf\u00eda de Inmaculada S\u00e1nchez, que tambi\u00e9n ha sido quien ha obtenido el tercer premio del concurso, mientras que la segunda posici\u00f3n es para Carla Vidal.<\/p>\n<p style=\"text-align: justify;\">Hay que recordar que la foto ganadora del voto popular, tal y como estipulan las bases, ser\u00e1 la que se utilizar\u00e1 para el cartel de promoci\u00f3n del concurso del a\u00f1o 2020.<\/p>\n<p style=\"text-align: justify;\">\u00abEn esta edici\u00f3n se han presentado al concurso 900 instant\u00e1neas que nos ayudan a difundir las manifestaciones festivas de nuestra ciudad\u00bb, se\u00f1al\u00f3 Isabel Aguilar, vicealcaldesa y concejala de Fiestas y Patrimonio Cultural, quien adem\u00e1s felicita a las tres mujeres ganadoras del concurso de la edici\u00f3n del 2019.<\/p>\n<p style=\"text-align: justify;\"><strong>V Concurso de Instagram Semana Santa Alzira<\/strong><\/p>\n<p style=\"text-align: justify;\">Desde este domingo 7 de abril y hasta el 21 se podr\u00e1 participar en la V edici\u00f3n del Concurso de Instagram Semana Santa Alzira 2019, s\u00f3lo hay que subir las fotos, con tem\u00e1tica de la Semana Santa alzire\u00f1os, y a\u00f1adir la etiqueta <span style=\"color: #ff0000;\">#setmanasantaalzira19<\/span><\/p>\n<p style=\"text-align: justify;\">Los premios para las tres fotograf\u00edas ganadoras del concurso ser\u00e1n: 150 euros para el primer premio, 100 para el segundo y 50 euros para el tercero.<\/p>\n<p style=\"text-align: justify;\">Isabel Aguilar, vicealcaldesa y concejala de Fiestas y Patrimonio Cultural, anim\u00f3 a participar en el concurso de Instagram de Semana Santa, ya que es una sencilla manera de dar promoci\u00f3n a una de las tradiciones m\u00e1s arraigadas en nuestra ciudad que se caracteriza por el montaje de los doseles, declarados Bien de Relevancia Local, la Semana Santa declarada Fiesta de Inter\u00e9s Tur\u00edstico Nacional, as\u00ed como la Tamborada, que este a\u00f1o se celebrar\u00e1 el s\u00e1bado 4 de mayo, Patrimonio Cultural Inmaterial de la Humanidad.<\/p>\n<p style=\"text-align: center;\"><a href=\"https:\/\/alzira.es\/wp-content\/uploads\/2019\/04\/primer_premi.jpg\" target=\"_blank\" rel=\"noopener\"><img decoding=\"async\" class=\"size-full wp-image-40635 lazyload\" title=\"La foto presentada por Sonia Andr\u00e9s gana el V Concurso de Instagram de las Fallas de Alzira\" data-src=\"https:\/\/alzira.es\/wp-content\/uploads\/2019\/04\/primer_premi.jpg\" alt=\"primer premi\" width=\"300\" height=\"300\" data-srcset=\"https:\/\/alzira.es\/wp-content\/uploads\/2019\/04\/primer_premi.jpg 800w, https:\/\/alzira.es\/wp-content\/uploads\/2019\/04\/primer_premi-510x510.jpg 510w, https:\/\/alzira.es\/wp-content\/uploads\/2019\/04\/primer_premi-350x350.jpg 350w, https:\/\/alzira.es\/wp-content\/uploads\/2019\/04\/primer_premi-768x768.jpg 768w, https:\/\/alzira.es\/wp-content\/uploads\/2019\/04\/primer_premi-100x100.jpg 100w\" data-sizes=\"(max-width: 300px) 100vw, 300px\" src=\"data:image\/svg+xml;base64,PHN2ZyB3aWR0aD0iMSIgaGVpZ2h0PSIxIiB4bWxucz0iaHR0cDovL3d3dy53My5vcmcvMjAwMC9zdmciPjwvc3ZnPg==\" style=\"--smush-placeholder-width: 300px; --smush-placeholder-aspect-ratio: 300\/300;\" \/><\/a>&nbsp;<a href=\"https:\/\/alzira.es\/wp-content\/uploads\/2019\/04\/segon_premi.jpg\" target=\"_blank\" rel=\"noopener\"><img decoding=\"async\" class=\"size-full wp-image-40639 lazyload\" title=\"La foto presentada por Sonia Andr\u00e9s gana el V Concurso de Instagram de las Fallas de Alzira\" data-src=\"https:\/\/alzira.es\/wp-content\/uploads\/2019\/04\/segon_premi.jpg\" alt=\"segon premi\" width=\"300\" height=\"300\" data-srcset=\"https:\/\/alzira.es\/wp-content\/uploads\/2019\/04\/segon_premi.jpg 800w, https:\/\/alzira.es\/wp-content\/uploads\/2019\/04\/segon_premi-510x510.jpg 510w, https:\/\/alzira.es\/wp-content\/uploads\/2019\/04\/segon_premi-350x350.jpg 350w, https:\/\/alzira.es\/wp-content\/uploads\/2019\/04\/segon_premi-768x768.jpg 768w, https:\/\/alzira.es\/wp-content\/uploads\/2019\/04\/segon_premi-100x100.jpg 100w\" data-sizes=\"(max-width: 300px) 100vw, 300px\" src=\"data:image\/svg+xml;base64,PHN2ZyB3aWR0aD0iMSIgaGVpZ2h0PSIxIiB4bWxucz0iaHR0cDovL3d3dy53My5vcmcvMjAwMC9zdmciPjwvc3ZnPg==\" style=\"--smush-placeholder-width: 300px; --smush-placeholder-aspect-ratio: 300\/300;\" \/><\/a><\/p>\n<p style=\"text-align: center;\"><a href=\"https:\/\/alzira.es\/wp-content\/uploads\/2019\/04\/tercer_premi.jpg\" target=\"_blank\" rel=\"noopener\"><img decoding=\"async\" class=\"size-full wp-image-40641 lazyload\" title=\"La foto presentada por Sonia Andr\u00e9s gana el V Concurso de Instagram de las Fallas de Alzira\" data-src=\"https:\/\/alzira.es\/wp-content\/uploads\/2019\/04\/tercer_premi.jpg\" alt=\"tercer premi\" width=\"300\" height=\"300\" data-srcset=\"https:\/\/alzira.es\/wp-content\/uploads\/2019\/04\/tercer_premi.jpg 800w, https:\/\/alzira.es\/wp-content\/uploads\/2019\/04\/tercer_premi-510x510.jpg 510w, https:\/\/alzira.es\/wp-content\/uploads\/2019\/04\/tercer_premi-350x350.jpg 350w, https:\/\/alzira.es\/wp-content\/uploads\/2019\/04\/tercer_premi-768x768.jpg 768w, https:\/\/alzira.es\/wp-content\/uploads\/2019\/04\/tercer_premi-100x100.jpg 100w\" data-sizes=\"(max-width: 300px) 100vw, 300px\" src=\"data:image\/svg+xml;base64,PHN2ZyB3aWR0aD0iMSIgaGVpZ2h0PSIxIiB4bWxucz0iaHR0cDovL3d3dy53My5vcmcvMjAwMC9zdmciPjwvc3ZnPg==\" style=\"--smush-placeholder-width: 300px; --smush-placeholder-aspect-ratio: 300\/300;\" \/><\/a>&nbsp;<a href=\"https:\/\/alzira.es\/wp-content\/uploads\/2019\/04\/vot_popular.jpg\" target=\"_blank\" rel=\"noopener\"><img decoding=\"async\" class=\"size-full wp-image-40645 lazyload\" title=\"La foto presentada por Sonia Andr\u00e9s gana el V Concurso de Instagram de las Fallas de Alzira\" data-src=\"https:\/\/alzira.es\/wp-content\/uploads\/2019\/04\/vot_popular.jpg\" alt=\"vot popular\" width=\"300\" height=\"300\" data-srcset=\"https:\/\/alzira.es\/wp-content\/uploads\/2019\/04\/vot_popular.jpg 800w, https:\/\/alzira.es\/wp-content\/uploads\/2019\/04\/vot_popular-510x510.jpg 510w, https:\/\/alzira.es\/wp-content\/uploads\/2019\/04\/vot_popular-350x350.jpg 350w, https:\/\/alzira.es\/wp-content\/uploads\/2019\/04\/vot_popular-768x768.jpg 768w, https:\/\/alzira.es\/wp-content\/uploads\/2019\/04\/vot_popular-100x100.jpg 100w\" data-sizes=\"(max-width: 300px) 100vw, 300px\" src=\"data:image\/svg+xml;base64,PHN2ZyB3aWR0aD0iMSIgaGVpZ2h0PSIxIiB4bWxucz0iaHR0cDovL3d3dy53My5vcmcvMjAwMC9zdmciPjwvc3ZnPg==\" style=\"--smush-placeholder-width: 300px; --smush-placeholder-aspect-ratio: 300\/300;\" \/><\/a><\/p>\n","protected":false},"excerpt":{"rendered":"<p>Alzira, 3 de abril de 2019.- Sonia Andr\u00e9s ha sido la ganadora de la V edici\u00f3n del concurso de Instagram de las Fallas de Alzira, organizado desde la Concejal\u00eda de Fiestas. El jurado dio a conocer la semana pasada las veinte fotos finalistas del concurso de Fallas, y finalizado el plazo para votarlas, tanto en &hellip; <\/p>\n<p class=\"link-more\"><a href=\"https:\/\/alzira.es\/es\/la-foto-presentada-por-sonia-andres-gana-el-v-concurso-de-instagram-de-las-fallas-de-alzira\/\" class=\"more-link\">Continuar leyendo<span class=\"screen-reader-text\"> \u00abLa foto presentada por Sonia Andr\u00e9s gana el V Concurso de Instagram de las Fallas de Alzira\u00bb<\/span><\/a><\/p>\n","protected":false},"author":12,"featured_media":40632,"comment_status":"","ping_status":"","sticky":false,"template":"","format":"standard","meta":{"_acf_changed":false,"footnotes":""},"categories":[4936],"tags":[],"class_list":["post-40648","post","type-post","status-publish","format-standard","has-post-thumbnail","hentry","category-hemeroteca-es"],"acf":[],"_links":{"self":[{"href":"https:\/\/alzira.es\/es\/wp-json\/wp\/v2\/posts\/40648","targetHints":{"allow":["GET"]}}],"collection":[{"href":"https:\/\/alzira.es\/es\/wp-json\/wp\/v2\/posts"}],"about":[{"href":"https:\/\/alzira.es\/es\/wp-json\/wp\/v2\/types\/post"}],"author":[{"embeddable":true,"href":"https:\/\/alzira.es\/es\/wp-json\/wp\/v2\/users\/12"}],"replies":[{"embeddable":true,"href":"https:\/\/alzira.es\/es\/wp-json\/wp\/v2\/comments?post=40648"}],"version-history":[{"count":0,"href":"https:\/\/alzira.es\/es\/wp-json\/wp\/v2\/posts\/40648\/revisions"}],"wp:featuredmedia":[{"embeddable":true,"href":"https:\/\/alzira.es\/es\/wp-json\/wp\/v2\/media\/40632"}],"wp:attachment":[{"href":"https:\/\/alzira.es\/es\/wp-json\/wp\/v2\/media?parent=40648"}],"wp:term":[{"taxonomy":"category","embeddable":true,"href":"https:\/\/alzira.es\/es\/wp-json\/wp\/v2\/categories?post=40648"},{"taxonomy":"post_tag","embeddable":true,"href":"https:\/\/alzira.es\/es\/wp-json\/wp\/v2\/tags?post=40648"}],"curies":[{"name":"wp","href":"https:\/\/api.w.org\/{rel}","templated":true}]}}