{"id":40199,"date":"2019-03-29T13:59:23","date_gmt":"2019-03-29T12:59:23","guid":{"rendered":"https:\/\/alzira.es\/el-dissabte-comencen-les-activitats-per-a-conscienciar-sobre-l-autisme-a-alzira\/"},"modified":"2019-03-29T13:59:23","modified_gmt":"2019-03-29T12:59:23","slug":"el-dissabte-comencen-les-activitats-per-a-conscienciar-sobre-l-autisme-a-alzira","status":"publish","type":"post","link":"https:\/\/alzira.es\/es\/el-dissabte-comencen-les-activitats-per-a-conscienciar-sobre-l-autisme-a-alzira\/","title":{"rendered":"El dissabte comencen les activitats per a conscienciar sobre l\u2019autisme a Alzira"},"content":{"rendered":"<p style=\"text-align: justify;\"><strong><a href=\"https:\/\/alzira.es\/wp-content\/uploads\/2019\/03\/IMG-20190316-WA0006.jpg\" target=\"_blank\" rel=\"noopener\"><img fetchpriority=\"high\" decoding=\"async\" class=\" alignleft size-full wp-image-39834\" style=\"margin-right: 10px; float: left;\" title=\"El dissabte comencen les activitats per a conscienciar sobre l\u2019autisme a Alzira \" src=\"https:\/\/alzira.es\/wp-content\/uploads\/2019\/03\/IMG-20190316-WA0006.jpg\" alt=\"IMG-20190316-WA0006\" width=\"500\" height=\"700\" srcset=\"https:\/\/alzira.es\/wp-content\/uploads\/2019\/03\/IMG-20190316-WA0006.jpg 731w, https:\/\/alzira.es\/wp-content\/uploads\/2019\/03\/IMG-20190316-WA0006-364x510.jpg 364w\" sizes=\"(max-width: 500px) 100vw, 500px\" \/><\/a>Alzira, 01 d&#8217;abril de 2019.-<\/strong> Dissabte 30 de mar\u00e7 la pla\u00e7a Major d&#8217;Alzira acull la programaci\u00f3 amb motiu del 2 d&#8217;abril, Dia Internacional de Conscienciaci\u00f3 sobre l&#8217;Autisme a c\u00e0rrec d&#8217;Idinea (Institut de Diagn\u00f2stic i Intervenci\u00f3 de Xiquets amb Espectre Autista) de la Nostra Veu (l&#8217;antic Prosub).<\/p>\n<p style=\"text-align: justify;\">El mat\u00ed comen\u00e7ar\u00e0 amb el mercat ben\u00e8fic, que estar\u00e0 obert al p\u00fablic de 9 a 14 hores. A les 10.30 h tindr\u00e0 lloc la segona edici\u00f3 de la cursa per l&#8217;autisme, que eixir\u00e0 des de la pla\u00e7a Major a les 10.30 hores per a rec\u00f3rrer una dist\u00e0ncia de 4 km i fer la seua arribada al mateix punt. Els participants encara poden inscriure&#8217;s i arreplegar el seu dorsal, o b\u00e9 col\u2022laborar amb el dorsal solidari amb un preu de 4 \u20ac. El club d&#8217;atletisme La Rabosa i la falla Sant Roc formaran l&#8217;equip organitzador de la cursa.<\/p>\n<p style=\"text-align: justify;\">En acabar, els participants podran passar pel photocall de la campanya \u00abPer l&#8217;autisme, parlem accessible\u00bb del Servei de Valenci\u00e0 de la Regidoria de Cultura, i emportar-se una foto de record. A m\u00e9s, tamb\u00e9 es repartiran xapes de la campanya, en la qual es pret\u00e9n acostar el llenguatge amb pictogrames a la ciutadania en general. \u00abUtilitzant els pictogrames podem fer que la comunicaci\u00f3 siga m\u00e9s f\u00e0cil per a les persones amb autisme. Es tracta, a m\u00e9s, d&#8217;una adaptaci\u00f3 de la comunicaci\u00f3 que sempre suma i aporta una major riquesa per a les persones amb dificultats comunicatives\u00bb, assegura Aida Ginestar, regidora de Cultura.<br \/>El photocall estar\u00e0 obert al p\u00fablic des de les 11.30 fins a les 13.30 hores.<br \/>Tamb\u00e9 podrem assistir a les 12.30 a una sessi\u00f3 de pilates impartida per Tom\u00e1s C\u00f3rcoles, de Pilates System. Caldr\u00e0 portar estoreta i tovalla.<\/p>\n<p style=\"text-align: justify;\">A m\u00e9s, el dia 2 d&#8217;abril IDINEA, programa La Nostra Veu Associaci\u00f3 per La Diversitat Funcional, organitza una xarrada a les 17:15 hores a la Casa de la Cultura amb el t\u00edtol \u00abMi d\u00eda con el autismo\u00bb, i la pon\u00e8ncia \u00abAsperger en femenino\u00bb a les 18.30 hores a c\u00e0rrec de la psic\u00f2loga i directora de CEDIN Lola Garrote Petisco.<\/p>\n<p style=\"text-align: justify;\">L&#8217;Ajuntament tamb\u00e9 se suma al Dia de la Conscienciaci\u00f3 sobre l&#8217;Autisme i il\u2022luminar\u00e0 de blau, s\u00edmbol de l&#8217;autisme, l&#8217;edifici municipal del Gran Teatre i la font del parc de l&#8217;Alquen\u00e8ncia.<\/p>\n<p style=\"text-align: justify;\">&nbsp;<\/p>\n","protected":false},"excerpt":{"rendered":"<p>Alzira, 01 d&#8217;abril de 2019.- Dissabte 30 de mar\u00e7 la pla\u00e7a Major d&#8217;Alzira acull la programaci\u00f3 amb motiu del 2 d&#8217;abril, Dia Internacional de Conscienciaci\u00f3 sobre l&#8217;Autisme a c\u00e0rrec d&#8217;Idinea (Institut de Diagn\u00f2stic i Intervenci\u00f3 de Xiquets amb Espectre Autista) de la Nostra Veu (l&#8217;antic Prosub). El mat\u00ed comen\u00e7ar\u00e0 amb el mercat ben\u00e8fic, que estar\u00e0 &hellip; <\/p>\n<p class=\"link-more\"><a href=\"https:\/\/alzira.es\/es\/el-dissabte-comencen-les-activitats-per-a-conscienciar-sobre-l-autisme-a-alzira\/\" class=\"more-link\">Continuar leyendo<span class=\"screen-reader-text\"> \u00abEl dissabte comencen les activitats per a conscienciar sobre l\u2019autisme a Alzira\u00bb<\/span><\/a><\/p>\n","protected":false},"author":12,"featured_media":39834,"comment_status":"","ping_status":"","sticky":false,"template":"","format":"standard","meta":{"_acf_changed":false,"footnotes":""},"categories":[],"tags":[],"class_list":["post-40199","post","type-post","status-publish","format-standard","has-post-thumbnail","hentry"],"acf":[],"_links":{"self":[{"href":"https:\/\/alzira.es\/es\/wp-json\/wp\/v2\/posts\/40199","targetHints":{"allow":["GET"]}}],"collection":[{"href":"https:\/\/alzira.es\/es\/wp-json\/wp\/v2\/posts"}],"about":[{"href":"https:\/\/alzira.es\/es\/wp-json\/wp\/v2\/types\/post"}],"author":[{"embeddable":true,"href":"https:\/\/alzira.es\/es\/wp-json\/wp\/v2\/users\/12"}],"replies":[{"embeddable":true,"href":"https:\/\/alzira.es\/es\/wp-json\/wp\/v2\/comments?post=40199"}],"version-history":[{"count":0,"href":"https:\/\/alzira.es\/es\/wp-json\/wp\/v2\/posts\/40199\/revisions"}],"wp:featuredmedia":[{"embeddable":true,"href":"https:\/\/alzira.es\/es\/wp-json\/wp\/v2\/media\/39834"}],"wp:attachment":[{"href":"https:\/\/alzira.es\/es\/wp-json\/wp\/v2\/media?parent=40199"}],"wp:term":[{"taxonomy":"category","embeddable":true,"href":"https:\/\/alzira.es\/es\/wp-json\/wp\/v2\/categories?post=40199"},{"taxonomy":"post_tag","embeddable":true,"href":"https:\/\/alzira.es\/es\/wp-json\/wp\/v2\/tags?post=40199"}],"curies":[{"name":"wp","href":"https:\/\/api.w.org\/{rel}","templated":true}]}}