{"id":40192,"date":"2019-03-29T12:08:17","date_gmt":"2019-03-29T11:08:17","guid":{"rendered":"https:\/\/alzira.es\/idea-signa-un-conveni-amb-l-institut-valencia-de-finances-per-a-oferir-els-serveis-de-la-banca-publica-a-autonoms-es-i-pimes\/"},"modified":"2019-03-29T12:08:17","modified_gmt":"2019-03-29T11:08:17","slug":"idea-signa-un-conveni-amb-l-institut-valencia-de-finances-per-a-oferir-els-serveis-de-la-banca-publica-a-autonoms-es-i-pimes","status":"publish","type":"post","link":"https:\/\/alzira.es\/es\/idea-signa-un-conveni-amb-l-institut-valencia-de-finances-per-a-oferir-els-serveis-de-la-banca-publica-a-autonoms-es-i-pimes\/","title":{"rendered":"IDEA signa un conveni amb l\u2019Institut Valenci\u00e0 de finances per a oferir els serveis de la Banca P\u00fablica a aut\u00f2noms\/es i PIMES"},"content":{"rendered":"<p style=\"text-align: justify;\"><strong><a href=\"https:\/\/alzira.es\/wp-content\/uploads\/2019\/03\/IMG_4668.jpg\" target=\"_blank\" rel=\"noopener\"><img fetchpriority=\"high\" decoding=\"async\" class=\" alignleft size-full wp-image-40188\" style=\"margin-right: 10px; float: left;\" title=\"IDEA signa un conveni amb l\u2019Institut Valenci\u00e0 de finances per a oferir els serveis de la Banca P\u00fablica a aut\u00f2noms\/es i PIMES\" src=\"https:\/\/alzira.es\/wp-content\/uploads\/2019\/03\/IMG_4668.jpg\" alt=\"IMG 4668\" width=\"600\" height=\"400\" \/><\/a>Alzira, 27 de mar\u00e7 del 2019.<\/strong> L&#8217;Ajuntament d&#8217;Alzira, a trav\u00e9s de la regidoria de Desenvolupament Econ\u00f2mic, Treball i Projectes Europeus i l&#8217;ag\u00e8ncia municipal IDEA, ha signat un conveni de col\u2022laboraci\u00f3 amb l&#8217;Institut Valenci\u00e0 de Finances (IVF). Per mitj\u00e0 d&#8217;aquest acord, IDEA col\u2022laborar\u00e0 amb l&#8217;IVF en la difusi\u00f3 dels instruments de finan\u00e7ament per a empreses i aut\u00f2noms de la nostra ciutat; per la seua banda, l&#8217;entitat financera p\u00fablica organitzar\u00e0 sessions de formaci\u00f3 i prestar\u00e0 el suport t\u00e8cnic necessari.<\/p>\n<p style=\"text-align: justify;\">Segons ha declarat Ivan Mart\u00ednez, regidor responsable de l&#8217;\u00e0rea: \u00abdes del servei de creaci\u00f3 d&#8217;empreses d&#8217;IDEA eixamplem el cat\u00e0leg que oferim a la ciutadania. Per mitj\u00e0 d&#8217;aquest conveni Alzira facilitaran les sol\u2022licituds i l\u00ednies de cr\u00e8dit p\u00fabliques que s&#8217;ofereixen a emprenedors\/es i pimes d&#8217;Alzira, que s&#8217;afegeix a la l\u00ednia de microcr\u00e8dits que tenim acordades amb diverses entitats financeres a inter\u00e9s redu\u00eft.\u00bb<br \/>Cal recordar que en aquests anys s&#8217;ha complert l&#8217;itinerari per a atendre a aquelles persones interessades en muntar el seu propi negoci o empresa des d&#8217;IDEA: des de l&#8217;orientaci\u00f3 (Alzira \u00e9s Punt d&#8217;Assessor d&#8217;Empreses), formaci\u00f3, cr\u00e8dit i ajudes per a posar en marxa nous projectes (ajudes Empr\u00e9n, Formaempr\u00e9n a la contractaci\u00f3, premis Coworking i 12 mesos 12 empreses), etc.<\/p>\n<p style=\"text-align: justify;\">&nbsp;<\/p>\n","protected":false},"excerpt":{"rendered":"<p>Alzira, 27 de mar\u00e7 del 2019. L&#8217;Ajuntament d&#8217;Alzira, a trav\u00e9s de la regidoria de Desenvolupament Econ\u00f2mic, Treball i Projectes Europeus i l&#8217;ag\u00e8ncia municipal IDEA, ha signat un conveni de col\u2022laboraci\u00f3 amb l&#8217;Institut Valenci\u00e0 de Finances (IVF). Per mitj\u00e0 d&#8217;aquest acord, IDEA col\u2022laborar\u00e0 amb l&#8217;IVF en la difusi\u00f3 dels instruments de finan\u00e7ament per a empreses i &hellip; <\/p>\n<p class=\"link-more\"><a href=\"https:\/\/alzira.es\/es\/idea-signa-un-conveni-amb-l-institut-valencia-de-finances-per-a-oferir-els-serveis-de-la-banca-publica-a-autonoms-es-i-pimes\/\" class=\"more-link\">Continuar leyendo<span class=\"screen-reader-text\"> \u00abIDEA signa un conveni amb l\u2019Institut Valenci\u00e0 de finances per a oferir els serveis de la Banca P\u00fablica a aut\u00f2noms\/es i PIMES\u00bb<\/span><\/a><\/p>\n","protected":false},"author":12,"featured_media":40188,"comment_status":"","ping_status":"","sticky":false,"template":"","format":"standard","meta":{"_acf_changed":false,"footnotes":""},"categories":[],"tags":[],"class_list":["post-40192","post","type-post","status-publish","format-standard","has-post-thumbnail","hentry"],"acf":[],"_links":{"self":[{"href":"https:\/\/alzira.es\/es\/wp-json\/wp\/v2\/posts\/40192","targetHints":{"allow":["GET"]}}],"collection":[{"href":"https:\/\/alzira.es\/es\/wp-json\/wp\/v2\/posts"}],"about":[{"href":"https:\/\/alzira.es\/es\/wp-json\/wp\/v2\/types\/post"}],"author":[{"embeddable":true,"href":"https:\/\/alzira.es\/es\/wp-json\/wp\/v2\/users\/12"}],"replies":[{"embeddable":true,"href":"https:\/\/alzira.es\/es\/wp-json\/wp\/v2\/comments?post=40192"}],"version-history":[{"count":0,"href":"https:\/\/alzira.es\/es\/wp-json\/wp\/v2\/posts\/40192\/revisions"}],"wp:featuredmedia":[{"embeddable":true,"href":"https:\/\/alzira.es\/es\/wp-json\/wp\/v2\/media\/40188"}],"wp:attachment":[{"href":"https:\/\/alzira.es\/es\/wp-json\/wp\/v2\/media?parent=40192"}],"wp:term":[{"taxonomy":"category","embeddable":true,"href":"https:\/\/alzira.es\/es\/wp-json\/wp\/v2\/categories?post=40192"},{"taxonomy":"post_tag","embeddable":true,"href":"https:\/\/alzira.es\/es\/wp-json\/wp\/v2\/tags?post=40192"}],"curies":[{"name":"wp","href":"https:\/\/api.w.org\/{rel}","templated":true}]}}