{"id":40186,"date":"2019-03-28T14:34:04","date_gmt":"2019-03-28T13:34:04","guid":{"rendered":"https:\/\/alzira.es\/els-escolars-de-diversos-centres-educatius-d-alzira-han-visitat-la-planta-de-tractament-de-residus-de-guadassuar\/"},"modified":"2019-03-28T14:34:04","modified_gmt":"2019-03-28T13:34:04","slug":"els-escolars-de-diversos-centres-educatius-d-alzira-han-visitat-la-planta-de-tractament-de-residus-de-guadassuar","status":"publish","type":"post","link":"https:\/\/alzira.es\/es\/els-escolars-de-diversos-centres-educatius-d-alzira-han-visitat-la-planta-de-tractament-de-residus-de-guadassuar\/","title":{"rendered":"Els escolars de diversos centres educatius d\u2019Alzira han visitat la planta de tractament de residus de Guadassuar"},"content":{"rendered":"<p style=\"text-align: justify;\"><strong>Alzira, 28 de mar\u00e7 de 2019 \u2013<\/strong> Des del passat 20 de febrer han estat portant-se a terme visites guiades gratu\u00eftes a la planta de tractament de residus de Guadassuar. Unes visites organitzades des de la Regidoria de Gesti\u00f3 Urban\u00edstica de l&#8217;Ajuntament d&#8217;Alzira en col\u2022laboraci\u00f3 amb el Consorci Ribera-Valldigna, per a tots els centres educatius de la nostra ciutat i la comarca.<\/p>\n<p style=\"text-align: justify;\">Els centres educatius que han participat en les visites a la planta de tractament de residus de Guadassuar s\u00f3n, entre altres, ADISPAC, Llu\u00eds Vives, L&#8217;Alborx\u00ed, Blasco Ib\u00e1\u00f1ez, Pintor Andreu, Sants Patrons, Carmen Pic\u00f3, Tirant lo Blanc, Ausi\u00e0s March, British School, Gloria Fuertes, el Consell Municipal d&#8217;Inf\u00e0ncia i el PFQB Adaptat Activitats Auxiliars de l&#8217;Ajuntament d&#8217;Alzira.<\/p>\n<p style=\"text-align: justify;\">Amb estes activitats es vol crear consci\u00e8ncia activa en els m\u00e9s joves perqu\u00e8 ells s\u00f3n el nostre futur, i el futur del nostre entorn est\u00e0 a les seues mans. Con\u00e9ixer la tasca i els passos que es donen amb el fem que tirem al contenidor o com separar els elements per aprofitar l&#8217;org\u00e0nica i produir compost \u00e9s una de les informacions que es donen en la visita guiada, ja que en un futur no molt lluny\u00e0 esta planta de tractament de residus disposar\u00e0 d&#8217;una nau per a esta finalitat, fer compostatge.<\/p>\n<p style=\"text-align: justify;\">Fernando Pascual, regidor de Gesti\u00f3 Urban\u00edstica de l&#8217;Ajuntament d&#8217;Alzira i vicepresident del Consorci Ribera-Valldigna, ha estat acompanyant els escolars en diverses visites, com la de hui dijous dels estudiants del CP Gloria Fuertes: \u00abAmb estes visites guiades hem volgut mostrar quin \u00e9s el proc\u00e9s final del fem que dipositem als contenidors ubicats als carrers de la ciutat, com tamb\u00e9 volem que els joves ajuden els majors de la casa a prendre consci\u00e8ncia dels problemes que est\u00e0 ocasionant no separar en origen i abocar-ho tot a la mateixa bossa. Quant a les visites realitzades pels centres d&#8217;Alzira, estem molt satisfets per la seua resposta a la convocat\u00f2ria realitzada per la nostra Regidoria. De fet, Alzira ocupa el 30\u2009% de les visites a la planta de Guadassuar registrades durant el primer trimestre de 2019, per la qual cosa hem de continuar treballant pel b\u00e9 com\u00fa i el del nostre entorn\u00bb.<\/p>\n<p style=\"text-align: justify;\">&nbsp;<\/p>\n<p style=\"text-align: center;\"><a href=\"https:\/\/alzira.es\/wp-content\/uploads\/2019\/03\/20190328_114631.jpg\" target=\"_blank\" rel=\"noopener\"><img fetchpriority=\"high\" decoding=\"async\" class=\" size-full wp-image-40176\" title=\"Els escolars de diversos centres educatius d\u2019Alzira han visitat la planta de tractament de residus de Guadassuar\" src=\"https:\/\/alzira.es\/wp-content\/uploads\/2019\/03\/20190328_114631.jpg\" alt=\"20190328 114631\" width=\"400\" height=\"300\" srcset=\"https:\/\/alzira.es\/wp-content\/uploads\/2019\/03\/20190328_114631.jpg 1200w, https:\/\/alzira.es\/wp-content\/uploads\/2019\/03\/20190328_114631-680x510.jpg 680w, https:\/\/alzira.es\/wp-content\/uploads\/2019\/03\/20190328_114631-768x576.jpg 768w\" sizes=\"(max-width: 400px) 100vw, 400px\" \/><\/a>&nbsp;<a href=\"https:\/\/alzira.es\/wp-content\/uploads\/2019\/03\/20190328_115306.jpg\" target=\"_blank\" rel=\"noopener\"><img decoding=\"async\" class=\"size-full wp-image-40179 lazyload\" title=\"Els escolars de diversos centres educatius d\u2019Alzira han visitat la planta de tractament de residus de Guadassuar\" data-src=\"https:\/\/alzira.es\/wp-content\/uploads\/2019\/03\/20190328_115306.jpg\" alt=\"20190328 115306\" width=\"400\" height=\"300\" data-srcset=\"https:\/\/alzira.es\/wp-content\/uploads\/2019\/03\/20190328_115306.jpg 1200w, https:\/\/alzira.es\/wp-content\/uploads\/2019\/03\/20190328_115306-680x510.jpg 680w, https:\/\/alzira.es\/wp-content\/uploads\/2019\/03\/20190328_115306-768x576.jpg 768w\" data-sizes=\"(max-width: 400px) 100vw, 400px\" src=\"data:image\/svg+xml;base64,PHN2ZyB3aWR0aD0iMSIgaGVpZ2h0PSIxIiB4bWxucz0iaHR0cDovL3d3dy53My5vcmcvMjAwMC9zdmciPjwvc3ZnPg==\" style=\"--smush-placeholder-width: 400px; --smush-placeholder-aspect-ratio: 400\/300;\" \/><\/a>&nbsp;<a href=\"https:\/\/alzira.es\/wp-content\/uploads\/2019\/03\/20190328_120954.jpg\" target=\"_blank\" rel=\"noopener\"><img decoding=\"async\" class=\"size-full wp-image-40181 lazyload\" title=\"Els escolars de diversos centres educatius d\u2019Alzira han visitat la planta de tractament de residus de Guadassuar\" data-src=\"https:\/\/alzira.es\/wp-content\/uploads\/2019\/03\/20190328_120954.jpg\" alt=\"20190328 120954\" width=\"400\" height=\"300\" data-srcset=\"https:\/\/alzira.es\/wp-content\/uploads\/2019\/03\/20190328_120954.jpg 1200w, https:\/\/alzira.es\/wp-content\/uploads\/2019\/03\/20190328_120954-680x510.jpg 680w, https:\/\/alzira.es\/wp-content\/uploads\/2019\/03\/20190328_120954-768x576.jpg 768w\" data-sizes=\"(max-width: 400px) 100vw, 400px\" src=\"data:image\/svg+xml;base64,PHN2ZyB3aWR0aD0iMSIgaGVpZ2h0PSIxIiB4bWxucz0iaHR0cDovL3d3dy53My5vcmcvMjAwMC9zdmciPjwvc3ZnPg==\" style=\"--smush-placeholder-width: 400px; --smush-placeholder-aspect-ratio: 400\/300;\" \/><\/a><\/p>\n","protected":false},"excerpt":{"rendered":"<p>Alzira, 28 de mar\u00e7 de 2019 \u2013 Des del passat 20 de febrer han estat portant-se a terme visites guiades gratu\u00eftes a la planta de tractament de residus de Guadassuar. Unes visites organitzades des de la Regidoria de Gesti\u00f3 Urban\u00edstica de l&#8217;Ajuntament d&#8217;Alzira en col\u2022laboraci\u00f3 amb el Consorci Ribera-Valldigna, per a tots els centres educatius &hellip; <\/p>\n<p class=\"link-more\"><a href=\"https:\/\/alzira.es\/es\/els-escolars-de-diversos-centres-educatius-d-alzira-han-visitat-la-planta-de-tractament-de-residus-de-guadassuar\/\" class=\"more-link\">Continuar leyendo<span class=\"screen-reader-text\"> \u00abEls escolars de diversos centres educatius d\u2019Alzira han visitat la planta de tractament de residus de Guadassuar\u00bb<\/span><\/a><\/p>\n","protected":false},"author":12,"featured_media":40176,"comment_status":"","ping_status":"","sticky":false,"template":"","format":"standard","meta":{"_acf_changed":false,"footnotes":""},"categories":[],"tags":[],"class_list":["post-40186","post","type-post","status-publish","format-standard","has-post-thumbnail","hentry"],"acf":[],"_links":{"self":[{"href":"https:\/\/alzira.es\/es\/wp-json\/wp\/v2\/posts\/40186","targetHints":{"allow":["GET"]}}],"collection":[{"href":"https:\/\/alzira.es\/es\/wp-json\/wp\/v2\/posts"}],"about":[{"href":"https:\/\/alzira.es\/es\/wp-json\/wp\/v2\/types\/post"}],"author":[{"embeddable":true,"href":"https:\/\/alzira.es\/es\/wp-json\/wp\/v2\/users\/12"}],"replies":[{"embeddable":true,"href":"https:\/\/alzira.es\/es\/wp-json\/wp\/v2\/comments?post=40186"}],"version-history":[{"count":0,"href":"https:\/\/alzira.es\/es\/wp-json\/wp\/v2\/posts\/40186\/revisions"}],"wp:featuredmedia":[{"embeddable":true,"href":"https:\/\/alzira.es\/es\/wp-json\/wp\/v2\/media\/40176"}],"wp:attachment":[{"href":"https:\/\/alzira.es\/es\/wp-json\/wp\/v2\/media?parent=40186"}],"wp:term":[{"taxonomy":"category","embeddable":true,"href":"https:\/\/alzira.es\/es\/wp-json\/wp\/v2\/categories?post=40186"},{"taxonomy":"post_tag","embeddable":true,"href":"https:\/\/alzira.es\/es\/wp-json\/wp\/v2\/tags?post=40186"}],"curies":[{"name":"wp","href":"https:\/\/api.w.org\/{rel}","templated":true}]}}