{"id":40145,"date":"2019-03-28T11:11:32","date_gmt":"2019-03-28T10:11:32","guid":{"rendered":"https:\/\/alzira.es\/l-ajuntament-d-alzira-licita-dos-nous-projectes-de-millora-en-centres-educatius-de-la-ciutat-amb-una-inversio-de-200-000-euros\/"},"modified":"2019-03-28T11:11:32","modified_gmt":"2019-03-28T10:11:32","slug":"l-ajuntament-d-alzira-licita-dos-nous-projectes-de-millora-en-centres-educatius-de-la-ciutat-amb-una-inversio-de-200-000-euros","status":"publish","type":"post","link":"https:\/\/alzira.es\/es\/l-ajuntament-d-alzira-licita-dos-nous-projectes-de-millora-en-centres-educatius-de-la-ciutat-amb-una-inversio-de-200-000-euros\/","title":{"rendered":"L\u2019Ajuntament d\u2019Alzira licita dos nous projectes de millora en centres educatius de la ciutat amb una inversi\u00f3 de 200.000 euros"},"content":{"rendered":"<p style=\"text-align: justify;\"><strong>Alzira, 28 de mar\u00e7 de 2019 \u2013<\/strong> L&#8217;Ajuntament d&#8217;Alzira anuncia l&#8217;inici de l&#8217;expedient de contractaci\u00f3 de les obres necess\u00e0ries per tal de millorar els centres escolars de l&#8217;Alborx\u00ed i Llepolies, amb dos nous projectes d&#8217;actuaci\u00f3 a estos centres que compten amb una subvenci\u00f3 de la Diputaci\u00f3 de Val\u00e8ncia de prop de 200.000 euros.<\/p>\n<p style=\"text-align: justify;\">Continuant amb les inversions en la millora i manteniment del centres escolars, aix\u00ed com en l&#8217;efic\u00e0cia energ\u00e8tica, i tal com ja es va fer l&#8217;any passat en el col\u2022legi Garcia Lorca, en esta ocasi\u00f3 el CP l&#8217;Alborx\u00ed rebr\u00e0 una inversi\u00f3 de m\u00e9s de 137.000 euros per a renovar i substituir les finestres del centre per unes altres m\u00e9s adequades i actuals que milloren la temperatura interior de les estances.<\/p>\n<p style=\"text-align: justify;\">El segon dels projectes aprovats, dins de les actuacions de millora de centres escolars, est\u00e0 destinat a l&#8217;escoleta infantil Llepolies. En este cas es tracta d&#8217;una reforma de les instal\u2022lacions que comptar\u00e0 amb una inversi\u00f3 de m\u00e9s de 77.000 euros per tal de condicionar l&#8217;edifici i les seues estances en \u00f2ptimes condicions per al seu \u00fas.<\/p>\n<p style=\"text-align: justify;\">&nbsp;<\/p>\n<p style=\"text-align: center;\"><a href=\"https:\/\/alzira.es\/wp-content\/uploads\/2019\/03\/20170814_101229.jpg\" target=\"_blank\" rel=\"noopener\"><img fetchpriority=\"high\" decoding=\"async\" class=\" size-full wp-image-40137\" title=\"L\u2019Ajuntament d\u2019Alzira licita dos nous projectes de millora en centres educatius de la ciutat amb una inversi\u00f3 de 200.000 euros\" src=\"https:\/\/alzira.es\/wp-content\/uploads\/2019\/03\/20170814_101229.jpg\" alt=\"20170814 101229\" width=\"533\" height=\"300\" srcset=\"https:\/\/alzira.es\/wp-content\/uploads\/2019\/03\/20170814_101229.jpg 1200w, https:\/\/alzira.es\/wp-content\/uploads\/2019\/03\/20170814_101229-680x383.jpg 680w, https:\/\/alzira.es\/wp-content\/uploads\/2019\/03\/20170814_101229-768x432.jpg 768w\" sizes=\"(max-width: 533px) 100vw, 533px\" \/><\/a>&nbsp;<a href=\"https:\/\/alzira.es\/wp-content\/uploads\/2019\/03\/20180904_132004.jpg\" target=\"_blank\" rel=\"noopener\"><img decoding=\"async\" class=\"size-full wp-image-40139 lazyload\" title=\"L\u2019Ajuntament d\u2019Alzira licita dos nous projectes de millora en centres educatius de la ciutat amb una inversi\u00f3 de 200.000 euros\" data-src=\"https:\/\/alzira.es\/wp-content\/uploads\/2019\/03\/20180904_132004.jpg\" alt=\"20180904 132004\" width=\"400\" height=\"300\" data-srcset=\"https:\/\/alzira.es\/wp-content\/uploads\/2019\/03\/20180904_132004.jpg 1200w, https:\/\/alzira.es\/wp-content\/uploads\/2019\/03\/20180904_132004-680x510.jpg 680w, https:\/\/alzira.es\/wp-content\/uploads\/2019\/03\/20180904_132004-768x576.jpg 768w\" data-sizes=\"(max-width: 400px) 100vw, 400px\" src=\"data:image\/svg+xml;base64,PHN2ZyB3aWR0aD0iMSIgaGVpZ2h0PSIxIiB4bWxucz0iaHR0cDovL3d3dy53My5vcmcvMjAwMC9zdmciPjwvc3ZnPg==\" style=\"--smush-placeholder-width: 400px; --smush-placeholder-aspect-ratio: 400\/300;\" \/><\/a><\/p>\n","protected":false},"excerpt":{"rendered":"<p>Alzira, 28 de mar\u00e7 de 2019 \u2013 L&#8217;Ajuntament d&#8217;Alzira anuncia l&#8217;inici de l&#8217;expedient de contractaci\u00f3 de les obres necess\u00e0ries per tal de millorar els centres escolars de l&#8217;Alborx\u00ed i Llepolies, amb dos nous projectes d&#8217;actuaci\u00f3 a estos centres que compten amb una subvenci\u00f3 de la Diputaci\u00f3 de Val\u00e8ncia de prop de 200.000 euros. Continuant amb &hellip; <\/p>\n<p class=\"link-more\"><a href=\"https:\/\/alzira.es\/es\/l-ajuntament-d-alzira-licita-dos-nous-projectes-de-millora-en-centres-educatius-de-la-ciutat-amb-una-inversio-de-200-000-euros\/\" class=\"more-link\">Continuar leyendo<span class=\"screen-reader-text\"> \u00abL\u2019Ajuntament d\u2019Alzira licita dos nous projectes de millora en centres educatius de la ciutat amb una inversi\u00f3 de 200.000 euros\u00bb<\/span><\/a><\/p>\n","protected":false},"author":12,"featured_media":40137,"comment_status":"","ping_status":"","sticky":false,"template":"","format":"standard","meta":{"_acf_changed":false,"footnotes":""},"categories":[],"tags":[],"class_list":["post-40145","post","type-post","status-publish","format-standard","has-post-thumbnail","hentry"],"acf":[],"_links":{"self":[{"href":"https:\/\/alzira.es\/es\/wp-json\/wp\/v2\/posts\/40145","targetHints":{"allow":["GET"]}}],"collection":[{"href":"https:\/\/alzira.es\/es\/wp-json\/wp\/v2\/posts"}],"about":[{"href":"https:\/\/alzira.es\/es\/wp-json\/wp\/v2\/types\/post"}],"author":[{"embeddable":true,"href":"https:\/\/alzira.es\/es\/wp-json\/wp\/v2\/users\/12"}],"replies":[{"embeddable":true,"href":"https:\/\/alzira.es\/es\/wp-json\/wp\/v2\/comments?post=40145"}],"version-history":[{"count":0,"href":"https:\/\/alzira.es\/es\/wp-json\/wp\/v2\/posts\/40145\/revisions"}],"wp:featuredmedia":[{"embeddable":true,"href":"https:\/\/alzira.es\/es\/wp-json\/wp\/v2\/media\/40137"}],"wp:attachment":[{"href":"https:\/\/alzira.es\/es\/wp-json\/wp\/v2\/media?parent=40145"}],"wp:term":[{"taxonomy":"category","embeddable":true,"href":"https:\/\/alzira.es\/es\/wp-json\/wp\/v2\/categories?post=40145"},{"taxonomy":"post_tag","embeddable":true,"href":"https:\/\/alzira.es\/es\/wp-json\/wp\/v2\/tags?post=40145"}],"curies":[{"name":"wp","href":"https:\/\/api.w.org\/{rel}","templated":true}]}}