{"id":40143,"date":"2019-03-28T11:11:32","date_gmt":"2019-03-28T10:11:32","guid":{"rendered":"https:\/\/alzira.es\/el-ayuntamiento-de-alzira-licita-dos-nuevos-proyectos-de-mejora-en-centros-educativos-de-la-ciudad-con-una-inversion-de-200-000-euros\/"},"modified":"2019-03-28T11:11:32","modified_gmt":"2019-03-28T10:11:32","slug":"el-ayuntamiento-de-alzira-licita-dos-nuevos-proyectos-de-mejora-en-centros-educativos-de-la-ciudad-con-una-inversion-de-200-000-euros","status":"publish","type":"post","link":"https:\/\/alzira.es\/es\/el-ayuntamiento-de-alzira-licita-dos-nuevos-proyectos-de-mejora-en-centros-educativos-de-la-ciudad-con-una-inversion-de-200-000-euros\/","title":{"rendered":"El Ayuntamiento de Alzira licita dos nuevos proyectos de mejora en centros educativos de la ciudad con una inversi\u00f3n de 200.000 euros"},"content":{"rendered":"<p style=\"text-align: justify;\"><strong>Alzira, 28 de marzo de 2019 &#8211;<\/strong> El Ayuntamiento de Alzira anuncia el inicio del expediente de contrataci\u00f3n de las obras necesarias para mejorar los centros escolares de l&#8217;Alborx\u00ed y Llepolies, con dos nuevos proyectos de actuaci\u00f3n en estos centros que cuentan con una subvenci\u00f3n de la Diputaci\u00f3n de Valencia de cerca de 200.000 euros.<\/p>\n<p style=\"text-align: justify;\">Continuando con las inversiones en la mejora y mantenimiento de los centros escolares, as\u00ed como en la eficacia energ\u00e9tica, y tal como ya se hizo el a\u00f1o pasado en el colegio Garcia Lorca, en esta ocasi\u00f3n el CP de l&#8217;Alborx\u00ed recibir\u00e1 una inversi\u00f3n de m\u00e1s de 137.000 euros para renovar y sustituir las ventanas del centro por otras m\u00e1s adecuadas y actuales que mejoran la temperatura interior de las estancias.<\/p>\n<p style=\"text-align: justify;\">El segundo de los proyectos aprobados, dentro de las actuaciones de mejora de centros escolares, est\u00e1 destinado a la escuela infantil Llepolies. En este caso se trata de una reforma de las instalaciones que contar\u00e1 con una inversi\u00f3n de m\u00e1s de 77.000 euros para acondicionar el edificio y sus estancias en \u00f3ptimas condiciones para su uso.<\/p>\n<p style=\"text-align: center;\"><a href=\"https:\/\/alzira.es\/wp-content\/uploads\/2019\/03\/20170814_101229.jpg\" target=\"_blank\" rel=\"noopener\"><img fetchpriority=\"high\" decoding=\"async\" class=\" size-full wp-image-40137\" title=\"El Ayuntamiento de Alzira licita dos nuevos proyectos de mejora en centros educativos de la ciudad con una inversi\u00f3n de 200.000 euros\" src=\"https:\/\/alzira.es\/wp-content\/uploads\/2019\/03\/20170814_101229.jpg\" alt=\"20170814 101229\" width=\"533\" height=\"300\" srcset=\"https:\/\/alzira.es\/wp-content\/uploads\/2019\/03\/20170814_101229.jpg 1200w, https:\/\/alzira.es\/wp-content\/uploads\/2019\/03\/20170814_101229-680x383.jpg 680w, https:\/\/alzira.es\/wp-content\/uploads\/2019\/03\/20170814_101229-768x432.jpg 768w\" sizes=\"(max-width: 533px) 100vw, 533px\" \/><\/a>&nbsp;<a href=\"https:\/\/alzira.es\/wp-content\/uploads\/2019\/03\/20180904_132004.jpg\" target=\"_blank\" rel=\"noopener\"><img decoding=\"async\" class=\"size-full wp-image-40139 lazyload\" title=\"El Ayuntamiento de Alzira licita dos nuevos proyectos de mejora en centros educativos de la ciudad con una inversi\u00f3n de 200.000 euros\" data-src=\"https:\/\/alzira.es\/wp-content\/uploads\/2019\/03\/20180904_132004.jpg\" alt=\"20180904 132004\" width=\"400\" height=\"300\" data-srcset=\"https:\/\/alzira.es\/wp-content\/uploads\/2019\/03\/20180904_132004.jpg 1200w, https:\/\/alzira.es\/wp-content\/uploads\/2019\/03\/20180904_132004-680x510.jpg 680w, https:\/\/alzira.es\/wp-content\/uploads\/2019\/03\/20180904_132004-768x576.jpg 768w\" data-sizes=\"(max-width: 400px) 100vw, 400px\" src=\"data:image\/svg+xml;base64,PHN2ZyB3aWR0aD0iMSIgaGVpZ2h0PSIxIiB4bWxucz0iaHR0cDovL3d3dy53My5vcmcvMjAwMC9zdmciPjwvc3ZnPg==\" style=\"--smush-placeholder-width: 400px; --smush-placeholder-aspect-ratio: 400\/300;\" \/><\/a><\/p>\n","protected":false},"excerpt":{"rendered":"<p>Alzira, 28 de marzo de 2019 &#8211; El Ayuntamiento de Alzira anuncia el inicio del expediente de contrataci\u00f3n de las obras necesarias para mejorar los centros escolares de l&#8217;Alborx\u00ed y Llepolies, con dos nuevos proyectos de actuaci\u00f3n en estos centros que cuentan con una subvenci\u00f3n de la Diputaci\u00f3n de Valencia de cerca de 200.000 euros. &hellip; <\/p>\n<p class=\"link-more\"><a href=\"https:\/\/alzira.es\/es\/el-ayuntamiento-de-alzira-licita-dos-nuevos-proyectos-de-mejora-en-centros-educativos-de-la-ciudad-con-una-inversion-de-200-000-euros\/\" class=\"more-link\">Continuar leyendo<span class=\"screen-reader-text\"> \u00abEl Ayuntamiento de Alzira licita dos nuevos proyectos de mejora en centros educativos de la ciudad con una inversi\u00f3n de 200.000 euros\u00bb<\/span><\/a><\/p>\n","protected":false},"author":12,"featured_media":40137,"comment_status":"","ping_status":"","sticky":false,"template":"","format":"standard","meta":{"_acf_changed":false,"footnotes":""},"categories":[4936],"tags":[],"class_list":["post-40143","post","type-post","status-publish","format-standard","has-post-thumbnail","hentry","category-hemeroteca-es"],"acf":[],"_links":{"self":[{"href":"https:\/\/alzira.es\/es\/wp-json\/wp\/v2\/posts\/40143","targetHints":{"allow":["GET"]}}],"collection":[{"href":"https:\/\/alzira.es\/es\/wp-json\/wp\/v2\/posts"}],"about":[{"href":"https:\/\/alzira.es\/es\/wp-json\/wp\/v2\/types\/post"}],"author":[{"embeddable":true,"href":"https:\/\/alzira.es\/es\/wp-json\/wp\/v2\/users\/12"}],"replies":[{"embeddable":true,"href":"https:\/\/alzira.es\/es\/wp-json\/wp\/v2\/comments?post=40143"}],"version-history":[{"count":0,"href":"https:\/\/alzira.es\/es\/wp-json\/wp\/v2\/posts\/40143\/revisions"}],"wp:featuredmedia":[{"embeddable":true,"href":"https:\/\/alzira.es\/es\/wp-json\/wp\/v2\/media\/40137"}],"wp:attachment":[{"href":"https:\/\/alzira.es\/es\/wp-json\/wp\/v2\/media?parent=40143"}],"wp:term":[{"taxonomy":"category","embeddable":true,"href":"https:\/\/alzira.es\/es\/wp-json\/wp\/v2\/categories?post=40143"},{"taxonomy":"post_tag","embeddable":true,"href":"https:\/\/alzira.es\/es\/wp-json\/wp\/v2\/tags?post=40143"}],"curies":[{"name":"wp","href":"https:\/\/api.w.org\/{rel}","templated":true}]}}