{"id":40132,"date":"2019-03-27T16:00:00","date_gmt":"2019-03-27T15:00:00","guid":{"rendered":"https:\/\/alzira.es\/alzira-contratara-76-personas-paradas-del-sector-agroalimentario-con-una-inversion-de-470-000-euros\/"},"modified":"2019-03-27T16:00:00","modified_gmt":"2019-03-27T15:00:00","slug":"alzira-contratara-76-personas-paradas-del-sector-agroalimentario-con-una-inversion-de-470-000-euros","status":"publish","type":"post","link":"https:\/\/alzira.es\/es\/alzira-contratara-76-personas-paradas-del-sector-agroalimentario-con-una-inversion-de-470-000-euros\/","title":{"rendered":"Alzira contratar\u00e1 a 76 personas paradas del sector agroalimentario, con una inversi\u00f3n de 470.000 euros"},"content":{"rendered":"<p style=\"text-align: justify;\"><strong><a href=\"https:\/\/alzira.es\/wp-content\/uploads\/2019\/03\/img_4366.jpg\" target=\"_blank\" rel=\"noopener\"><img fetchpriority=\"high\" decoding=\"async\" class=\" alignleft size-full wp-image-40129\" style=\"margin-right: 10px; float: left;\" title=\"Alzira contratar\u00e1 76 personas paradas del sector agroalimentario, con una inversi\u00f3n de 470.000 euros\" src=\"https:\/\/alzira.es\/wp-content\/uploads\/2019\/03\/img_4366.jpg\" alt=\"img 4366\" width=\"600\" height=\"400\" srcset=\"https:\/\/alzira.es\/wp-content\/uploads\/2019\/03\/img_4366.jpg 1200w, https:\/\/alzira.es\/wp-content\/uploads\/2019\/03\/img_4366-680x453.jpg 680w, https:\/\/alzira.es\/wp-content\/uploads\/2019\/03\/img_4366-768x512.jpg 768w\" sizes=\"(max-width: 600px) 100vw, 600px\" \/><\/a>Alzira, 27 de marzo de 2019.<\/strong> El Ayuntamiento de Alzira, a trav\u00e9s de la concejal\u00eda de Desarrollo Econ\u00f3mico, Trabajo y Proyectos Europeos, ha recibido una subvenci\u00f3n del programa EMCORA de la Generalitat Valenciana de 470.420 euros para contratar durante tres meses a 76 personas paradas. Las personas beneficiadas deben estar inscritas en LABORA (antiguo SERVEF), no percibir ninguna prestaci\u00f3n y que provengan preferentemente del sector agr\u00edcola o agroalimentario.<\/p>\n<p style=\"text-align: justify;\">Seg\u00fan explica Iv\u00e1n Mart\u00ednez, concejal responsable del \u00e1rea \u00abel Ayuntamiento de Alzira ha sido la entidad que m\u00e1s recursos recibir\u00e1 dentro de este programa, destinado a la contrataci\u00f3n de personas del sector agroalimentario en situaci\u00f3n de desempleo para paliar las tasas de paro en ese \u00e1mbito en la Ribera. Las personas interesadas pueden acudir tanto a las dependencias de IDEA como a LABORA\u00bb.<\/p>\n<p style=\"text-align: justify;\">Adem\u00e1s, Mart\u00ednez recuerda que sigue tambi\u00e9n abierto el plazo del plan de empleo \u00abFem Treball\u00bb, con 120.000 euros de recursos municipales, para la contrataci\u00f3n durante 6 meses de peones y oficiales de la construcci\u00f3n mayores de 30 y 45 a\u00f1os.<\/p>\n","protected":false},"excerpt":{"rendered":"<p>Alzira, 27 de marzo de 2019. El Ayuntamiento de Alzira, a trav\u00e9s de la concejal\u00eda de Desarrollo Econ\u00f3mico, Trabajo y Proyectos Europeos, ha recibido una subvenci\u00f3n del programa EMCORA de la Generalitat Valenciana de 470.420 euros para contratar durante tres meses a 76 personas paradas. Las personas beneficiadas deben estar inscritas en LABORA (antiguo SERVEF), &hellip; <\/p>\n<p class=\"link-more\"><a href=\"https:\/\/alzira.es\/es\/alzira-contratara-76-personas-paradas-del-sector-agroalimentario-con-una-inversion-de-470-000-euros\/\" class=\"more-link\">Continuar leyendo<span class=\"screen-reader-text\"> \u00abAlzira contratar\u00e1 a 76 personas paradas del sector agroalimentario, con una inversi\u00f3n de 470.000 euros\u00bb<\/span><\/a><\/p>\n","protected":false},"author":12,"featured_media":40130,"comment_status":"","ping_status":"","sticky":false,"template":"","format":"standard","meta":{"_acf_changed":false,"footnotes":""},"categories":[4936],"tags":[],"class_list":["post-40132","post","type-post","status-publish","format-standard","has-post-thumbnail","hentry","category-hemeroteca-es"],"acf":[],"_links":{"self":[{"href":"https:\/\/alzira.es\/es\/wp-json\/wp\/v2\/posts\/40132","targetHints":{"allow":["GET"]}}],"collection":[{"href":"https:\/\/alzira.es\/es\/wp-json\/wp\/v2\/posts"}],"about":[{"href":"https:\/\/alzira.es\/es\/wp-json\/wp\/v2\/types\/post"}],"author":[{"embeddable":true,"href":"https:\/\/alzira.es\/es\/wp-json\/wp\/v2\/users\/12"}],"replies":[{"embeddable":true,"href":"https:\/\/alzira.es\/es\/wp-json\/wp\/v2\/comments?post=40132"}],"version-history":[{"count":0,"href":"https:\/\/alzira.es\/es\/wp-json\/wp\/v2\/posts\/40132\/revisions"}],"wp:featuredmedia":[{"embeddable":true,"href":"https:\/\/alzira.es\/es\/wp-json\/wp\/v2\/media\/40130"}],"wp:attachment":[{"href":"https:\/\/alzira.es\/es\/wp-json\/wp\/v2\/media?parent=40132"}],"wp:term":[{"taxonomy":"category","embeddable":true,"href":"https:\/\/alzira.es\/es\/wp-json\/wp\/v2\/categories?post=40132"},{"taxonomy":"post_tag","embeddable":true,"href":"https:\/\/alzira.es\/es\/wp-json\/wp\/v2\/tags?post=40132"}],"curies":[{"name":"wp","href":"https:\/\/api.w.org\/{rel}","templated":true}]}}