{"id":40065,"date":"2019-03-22T10:52:40","date_gmt":"2019-03-22T09:52:40","guid":{"rendered":"https:\/\/alzira.es\/alzira-desarrollara-un-proyecto-de-adaptacion-de-espacios-publicos-para-personas-autistas-3\/"},"modified":"2021-09-01T23:56:18","modified_gmt":"2021-09-01T21:56:18","slug":"alzira-desarrollara-un-proyecto-de-adaptacion-de-espacios-publicos-para-personas-autistas-3","status":"publish","type":"post","link":"https:\/\/alzira.es\/es\/alzira-desarrollara-un-proyecto-de-adaptacion-de-espacios-publicos-para-personas-autistas-3\/","title":{"rendered":"Alzira desarrollar\u00e1 un proyecto de adaptaci\u00f3n de espacios p\u00fablicos para personas con autismo"},"content":{"rendered":"<p style=\"text-align: justify;\"><strong>Alzira, 22 de marzo de 2019.-<\/strong> El Ayuntamiento de Alzira, dado el proyecto que present\u00f3 la Asociaci\u00f3n La Nostra Veu en el que se ped\u00eda al consistorio un programa de adaptaci\u00f3n y accesibilidad de espacios p\u00fablicos de la ciudad para personas con necesidades educativas y con Trastorno del Espectro Autista (TEA), ha accedido en la \u00faltima Junta de Gobierno a aprobar un proyecto que beneficiar\u00e1 y ayudar\u00e1 a este colectivo de personas.<\/p>\n<p style=\"text-align: justify;\">El proyecto surge al ver que los espacios, tanto p\u00fablicos como privados, no estaban adaptados a las personas con necesidades educativas y, m\u00e1s concretamente, a las personas con autismo.<\/p>\n<p style=\"text-align: justify;\">La finalidad de este programa es proporcionar anticipadores visuales que ayuden a una mayor comprensi\u00f3n del entorno y de sus rutinas, ya que es necesario adaptar y facilitar espacios p\u00fablicos para que la informaci\u00f3n pueda ser accesible para las personas con TEA o con otras condiciones que provoquen dificultades para acceder a la informaci\u00f3n.<\/p>\n<p style=\"text-align: justify;\">Para poder hacerlo posible se utilizar\u00e1n pictogramas, que son adaptaciones visuales de espacios p\u00fablicos proporcionados en la mayor\u00eda por ARASAAC, el Portal Aragon\u00e9s de la Comunicaci\u00f3n Aumentativa y Alternativa.<\/p>\n<p style=\"text-align: justify;\">Los espacios donde se realizar\u00e1 la adaptaci\u00f3n visual son: la Casa Consistorial, las dependencias de Recaudaci\u00f3n, Sanidad, IDEA, el edificio de La Clau y los parajes de la Murta y la Casella. En la Casa de la Cultura ya se puede ver el pictograma, y \u200b\u200btambi\u00e9n se ha iniciado el procedimiento para instalar estos paneles en la Biblioteca, Gran Teatro, piscinas municipales, campo de Venecia, Ciudad Deportiva, los pabellones o el trinquete.<\/p>\n<p style=\"text-align: justify;\">Cabe recordar que la se\u00f1alizaci\u00f3n de la Casa Consistorial se encuentra obsoleta y no aprovecha para la finalidad para la que est\u00e1 instalada y por eso este proyecto es necesario. Por otra parte, el Ayuntamiento ha considerado que la instalaci\u00f3n de se\u00f1alizaciones con pictogramas en dependencias municipales destinadas a un servicio p\u00fablico har\u00eda accesible la informaci\u00f3n institucional tanto a las personas extranjeras como a las personas con dificultad visual o de otro tipo.<\/p>\n<p style=\"text-align: justify;\">El alcalde, Diego G\u00f3mez, explic\u00f3 al respecto \u00abEsta gran iniciativa en nuestra localidad, que aprob\u00f3 el pleno municipal, repercutir\u00e1 positivamente en todas las personas que necesitan estos apoyos visuales adem\u00e1s de hacer que Alzira sea pionera en el adaptaci\u00f3n visual de espacios\u00bb.<\/p>\n<p style=\"text-align: justify;\">G\u00f3mez recalc\u00f3 que el gobierno municipal \u00absiempre ha sido sensible y ha recogido las reivindicaciones de colectivos que necesitan una ayuda o proyectos para mejorar la accesibilidad\u00bb.<\/p>\n<p style=\"text-align: center;\"><a href=\"https:\/\/alzira.es\/wp-content\/uploads\/2019\/03\/IMG-20190305-WA0010.jpg\" target=\"_blank\" rel=\"noopener\"><img fetchpriority=\"high\" decoding=\"async\" class=\" size-full wp-image-39846\" title=\"Alzira desarrollar\u00e1 un proyecto de adaptaci\u00f3n de espacios p\u00fablicos para personas autistas\" src=\"https:\/\/alzira.es\/wp-content\/uploads\/2019\/03\/IMG-20190305-WA0010.jpg\" alt=\"IMG-20190305-WA0010\" width=\"400\" height=\"300\" srcset=\"https:\/\/alzira.es\/wp-content\/uploads\/2019\/03\/IMG-20190305-WA0010.jpg 1024w, https:\/\/alzira.es\/wp-content\/uploads\/2019\/03\/IMG-20190305-WA0010-680x510.jpg 680w, https:\/\/alzira.es\/wp-content\/uploads\/2019\/03\/IMG-20190305-WA0010-768x576.jpg 768w\" sizes=\"(max-width: 400px) 100vw, 400px\" \/><\/a>&nbsp;<a href=\"https:\/\/alzira.es\/wp-content\/uploads\/2019\/03\/IMG-20190305-WA0013.jpg\" target=\"_blank\" rel=\"noopener\"><img decoding=\"async\" class=\"size-full wp-image-39849 lazyload\" title=\"Alzira desarrollar\u00e1 un proyecto de adaptaci\u00f3n de espacios p\u00fablicos para personas autistas\" data-src=\"https:\/\/alzira.es\/wp-content\/uploads\/2019\/03\/IMG-20190305-WA0013.jpg\" alt=\"IMG-20190305-WA0013\" width=\"225\" height=\"300\" data-srcset=\"https:\/\/alzira.es\/wp-content\/uploads\/2019\/03\/IMG-20190305-WA0013.jpg 768w, https:\/\/alzira.es\/wp-content\/uploads\/2019\/03\/IMG-20190305-WA0013-383x510.jpg 383w\" data-sizes=\"(max-width: 225px) 100vw, 225px\" src=\"data:image\/svg+xml;base64,PHN2ZyB3aWR0aD0iMSIgaGVpZ2h0PSIxIiB4bWxucz0iaHR0cDovL3d3dy53My5vcmcvMjAwMC9zdmciPjwvc3ZnPg==\" style=\"--smush-placeholder-width: 225px; --smush-placeholder-aspect-ratio: 225\/300;\" \/><\/a><\/p>\n<p style=\"text-align: center;\"><a href=\"https:\/\/alzira.es\/wp-content\/uploads\/2019\/03\/DIRECTORI_page-0001_1.jpg\" target=\"_blank\" rel=\"noopener\"><img decoding=\"async\" class=\"size-full wp-image-39850 lazyload\" title=\"Alzira desarrollar\u00e1 un proyecto de adaptaci\u00f3n de espacios p\u00fablicos para personas autistas\" data-src=\"https:\/\/alzira.es\/wp-content\/uploads\/2019\/03\/DIRECTORI_page-0001_1.jpg\" alt=\"DIRECTORI page-0001 1\" width=\"254\" height=\"300\" data-srcset=\"https:\/\/alzira.es\/wp-content\/uploads\/2019\/03\/DIRECTORI_page-0001_1.jpg 845w, https:\/\/alzira.es\/wp-content\/uploads\/2019\/03\/DIRECTORI_page-0001_1-431x510.jpg 431w, https:\/\/alzira.es\/wp-content\/uploads\/2019\/03\/DIRECTORI_page-0001_1-768x909.jpg 768w\" data-sizes=\"(max-width: 254px) 100vw, 254px\" src=\"data:image\/svg+xml;base64,PHN2ZyB3aWR0aD0iMSIgaGVpZ2h0PSIxIiB4bWxucz0iaHR0cDovL3d3dy53My5vcmcvMjAwMC9zdmciPjwvc3ZnPg==\" style=\"--smush-placeholder-width: 254px; --smush-placeholder-aspect-ratio: 254\/300;\" \/><\/a>&nbsp;<a href=\"https:\/\/alzira.es\/wp-content\/uploads\/2019\/03\/entresol_i_plantes_page-0002.jpg\" target=\"_blank\" rel=\"noopener\"><img decoding=\"async\" class=\"size-full wp-image-39853 lazyload\" title=\"Alzira desarrollar\u00e1 un proyecto de adaptaci\u00f3n de espacios p\u00fablicos para personas autistas\" data-src=\"https:\/\/alzira.es\/wp-content\/uploads\/2019\/03\/entresol_i_plantes_page-0002.jpg\" alt=\"entresol i plantes page-0002\" width=\"214\" height=\"300\" data-srcset=\"https:\/\/alzira.es\/wp-content\/uploads\/2019\/03\/entresol_i_plantes_page-0002.jpg 855w, https:\/\/alzira.es\/wp-content\/uploads\/2019\/03\/entresol_i_plantes_page-0002-363x510.jpg 363w, https:\/\/alzira.es\/wp-content\/uploads\/2019\/03\/entresol_i_plantes_page-0002-764x1072.jpg 764w, https:\/\/alzira.es\/wp-content\/uploads\/2019\/03\/entresol_i_plantes_page-0002-768x1078.jpg 768w\" data-sizes=\"(max-width: 214px) 100vw, 214px\" src=\"data:image\/svg+xml;base64,PHN2ZyB3aWR0aD0iMSIgaGVpZ2h0PSIxIiB4bWxucz0iaHR0cDovL3d3dy53My5vcmcvMjAwMC9zdmciPjwvc3ZnPg==\" style=\"--smush-placeholder-width: 214px; --smush-placeholder-aspect-ratio: 214\/300;\" \/><\/a><\/p>\n","protected":false},"excerpt":{"rendered":"<p>Alzira, 22 de marzo de 2019.- El Ayuntamiento de Alzira, dado el proyecto que present\u00f3 la Asociaci\u00f3n La Nostra Veu en el que se ped\u00eda al consistorio un programa de adaptaci\u00f3n y accesibilidad de espacios p\u00fablicos de la ciudad para personas con necesidades educativas y con Trastorno del Espectro Autista (TEA), ha accedido en la &hellip; <\/p>\n<p class=\"link-more\"><a href=\"https:\/\/alzira.es\/es\/alzira-desarrollara-un-proyecto-de-adaptacion-de-espacios-publicos-para-personas-autistas-3\/\" class=\"more-link\">Continuar leyendo<span class=\"screen-reader-text\"> \u00abAlzira desarrollar\u00e1 un proyecto de adaptaci\u00f3n de espacios p\u00fablicos para personas con autismo\u00bb<\/span><\/a><\/p>\n","protected":false},"author":12,"featured_media":39846,"comment_status":"closed","ping_status":"","sticky":false,"template":"","format":"standard","meta":{"_acf_changed":false,"footnotes":""},"categories":[],"tags":[],"class_list":["post-40065","post","type-post","status-publish","format-standard","has-post-thumbnail","hentry"],"acf":[],"_links":{"self":[{"href":"https:\/\/alzira.es\/es\/wp-json\/wp\/v2\/posts\/40065","targetHints":{"allow":["GET"]}}],"collection":[{"href":"https:\/\/alzira.es\/es\/wp-json\/wp\/v2\/posts"}],"about":[{"href":"https:\/\/alzira.es\/es\/wp-json\/wp\/v2\/types\/post"}],"author":[{"embeddable":true,"href":"https:\/\/alzira.es\/es\/wp-json\/wp\/v2\/users\/12"}],"replies":[{"embeddable":true,"href":"https:\/\/alzira.es\/es\/wp-json\/wp\/v2\/comments?post=40065"}],"version-history":[{"count":1,"href":"https:\/\/alzira.es\/es\/wp-json\/wp\/v2\/posts\/40065\/revisions"}],"predecessor-version":[{"id":88514,"href":"https:\/\/alzira.es\/es\/wp-json\/wp\/v2\/posts\/40065\/revisions\/88514"}],"wp:featuredmedia":[{"embeddable":true,"href":"https:\/\/alzira.es\/es\/wp-json\/wp\/v2\/media\/39846"}],"wp:attachment":[{"href":"https:\/\/alzira.es\/es\/wp-json\/wp\/v2\/media?parent=40065"}],"wp:term":[{"taxonomy":"category","embeddable":true,"href":"https:\/\/alzira.es\/es\/wp-json\/wp\/v2\/categories?post=40065"},{"taxonomy":"post_tag","embeddable":true,"href":"https:\/\/alzira.es\/es\/wp-json\/wp\/v2\/tags?post=40065"}],"curies":[{"name":"wp","href":"https:\/\/api.w.org\/{rel}","templated":true}]}}