{"id":40039,"date":"2019-03-26T12:21:04","date_gmt":"2019-03-26T11:21:04","guid":{"rendered":"https:\/\/alzira.es\/l-ajuntament-d-alzira-il-luminara-les-fonts-ornamentals-de-la-placa-del-regne-i-de-la-placa-major\/"},"modified":"2019-03-26T12:21:04","modified_gmt":"2019-03-26T11:21:04","slug":"l-ajuntament-d-alzira-il-luminara-les-fonts-ornamentals-de-la-placa-del-regne-i-de-la-placa-major","status":"publish","type":"post","link":"https:\/\/alzira.es\/es\/l-ajuntament-d-alzira-il-luminara-les-fonts-ornamentals-de-la-placa-del-regne-i-de-la-placa-major\/","title":{"rendered":"L\u2019Ajuntament d\u2019Alzira il\u2022luminar\u00e0 les fonts ornamentals de la pla\u00e7a del Regne i de la pla\u00e7a Major"},"content":{"rendered":"<p style=\"text-align: justify;\"><strong>Alzira, 26 de mar\u00e7 de 2019 \u2013<\/strong> La Regidoria de Gesti\u00f3 Urban\u00edstica de l&#8217;Ajuntament d&#8217;Alzira informa que portar\u00e0 a terme certes tasques de millora en les fonts ornamentals situades a la pla\u00e7a del Regne i pla\u00e7a Major per tal de millorar la imatge i la vistositat i que el manteniment siga m\u00e9s rendible i sostenible.<\/p>\n<p style=\"text-align: justify;\">Pel que fa a la font de la pla\u00e7a del Regne, es realitzaran actuacions de neteja interior i exterior d&#8217;algunes de les parts de la font, restauraci\u00f3 de les canonades d&#8217;aigua de la sala de m\u00e0quines per unes de PVC, se sanejar\u00e0 el sistema de goteres per un autom\u00e0tic de parada. Tamb\u00e9 s&#8217;instal\u2022lar\u00e0 un nou sistema d&#8217;enllumenat tipus LED amb un programador per als jocs de llums.<\/p>\n<p style=\"text-align: justify;\">La font de la pla\u00e7a Major rebr\u00e0 treballs de neteja, substituci\u00f3 de v\u00e0lvules, nou sistema de bombament al clavegueram i nou servei d&#8217;enllumenat, entre altres obres i elements.<\/p>\n<p style=\"text-align: justify;\">Segons declara Fernando Pascual, regidor de Gesti\u00f3 Urban\u00edstica, \u00abtant la font de la pla\u00e7a del Regne com la de la pla\u00e7a Major s\u00f3n dos punts de refer\u00e8ncia de la nostra ciutat i els hem de donar la representaci\u00f3 que cal. Per la qual cosa, i despr\u00e9s de molts anys de deixadesa, hem posat tot all\u00f2 necessari per tal que llu\u00efsquen amb una imatge renovada i actual amb nous sistemes d&#8217;aigua, de llum i de manteniment m\u00e9s sostenible i econ\u00f2mic, tal com estem realitzant en diferents zones i espais de la ciutat\u00bb.<\/p>\n<p style=\"text-align: justify;\">&nbsp;<\/p>\n<p style=\"text-align: center;\"><a href=\"https:\/\/alzira.es\/wp-content\/uploads\/2019\/03\/51765272_1236587913160540_2689082777827016704_o.jpg\" target=\"_blank\" rel=\"noopener\"><img fetchpriority=\"high\" decoding=\"async\" class=\" size-full wp-image-40033\" title=\"L\u2019Ajuntament d\u2019Alzira il\u2022luminar\u00e0 les fonts ornamentals de la pla\u00e7a del Regne i de la pla\u00e7a Major\" src=\"https:\/\/alzira.es\/wp-content\/uploads\/2019\/03\/51765272_1236587913160540_2689082777827016704_o.jpg\" alt=\"51765272 1236587913160540 2689082777827016704 o\" width=\"225\" height=\"400\" srcset=\"https:\/\/alzira.es\/wp-content\/uploads\/2019\/03\/51765272_1236587913160540_2689082777827016704_o.jpg 900w, https:\/\/alzira.es\/wp-content\/uploads\/2019\/03\/51765272_1236587913160540_2689082777827016704_o-287x510.jpg 287w, https:\/\/alzira.es\/wp-content\/uploads\/2019\/03\/51765272_1236587913160540_2689082777827016704_o-603x1072.jpg 603w, https:\/\/alzira.es\/wp-content\/uploads\/2019\/03\/51765272_1236587913160540_2689082777827016704_o-768x1365.jpg 768w, https:\/\/alzira.es\/wp-content\/uploads\/2019\/03\/51765272_1236587913160540_2689082777827016704_o-864x1536.jpg 864w\" sizes=\"(max-width: 225px) 100vw, 225px\" \/><\/a>&nbsp;<a href=\"https:\/\/alzira.es\/wp-content\/uploads\/2019\/03\/Font_Placa_Regne.jpg\" target=\"_blank\" rel=\"noopener\"><img decoding=\"async\" class=\"size-full wp-image-40035 lazyload\" title=\"L\u2019Ajuntament d\u2019Alzira il\u2022luminar\u00e0 les fonts ornamentals de la pla\u00e7a del Regne i de la pla\u00e7a Major\" data-src=\"https:\/\/alzira.es\/wp-content\/uploads\/2019\/03\/Font_Placa_Regne.jpg\" alt=\"Font Pla\u00e7a Regne\" width=\"263\" height=\"400\" data-srcset=\"https:\/\/alzira.es\/wp-content\/uploads\/2019\/03\/Font_Placa_Regne.jpg 673w, https:\/\/alzira.es\/wp-content\/uploads\/2019\/03\/Font_Placa_Regne-335x510.jpg 335w\" data-sizes=\"(max-width: 263px) 100vw, 263px\" src=\"data:image\/svg+xml;base64,PHN2ZyB3aWR0aD0iMSIgaGVpZ2h0PSIxIiB4bWxucz0iaHR0cDovL3d3dy53My5vcmcvMjAwMC9zdmciPjwvc3ZnPg==\" style=\"--smush-placeholder-width: 263px; --smush-placeholder-aspect-ratio: 263\/400;\" \/><\/a><\/p>\n","protected":false},"excerpt":{"rendered":"<p>Alzira, 26 de mar\u00e7 de 2019 \u2013 La Regidoria de Gesti\u00f3 Urban\u00edstica de l&#8217;Ajuntament d&#8217;Alzira informa que portar\u00e0 a terme certes tasques de millora en les fonts ornamentals situades a la pla\u00e7a del Regne i pla\u00e7a Major per tal de millorar la imatge i la vistositat i que el manteniment siga m\u00e9s rendible i sostenible. &hellip; <\/p>\n<p class=\"link-more\"><a href=\"https:\/\/alzira.es\/es\/l-ajuntament-d-alzira-il-luminara-les-fonts-ornamentals-de-la-placa-del-regne-i-de-la-placa-major\/\" class=\"more-link\">Continuar leyendo<span class=\"screen-reader-text\"> \u00abL\u2019Ajuntament d\u2019Alzira il\u2022luminar\u00e0 les fonts ornamentals de la pla\u00e7a del Regne i de la pla\u00e7a Major\u00bb<\/span><\/a><\/p>\n","protected":false},"author":12,"featured_media":40033,"comment_status":"","ping_status":"","sticky":false,"template":"","format":"standard","meta":{"_acf_changed":false,"footnotes":""},"categories":[],"tags":[],"class_list":["post-40039","post","type-post","status-publish","format-standard","has-post-thumbnail","hentry"],"acf":[],"_links":{"self":[{"href":"https:\/\/alzira.es\/es\/wp-json\/wp\/v2\/posts\/40039","targetHints":{"allow":["GET"]}}],"collection":[{"href":"https:\/\/alzira.es\/es\/wp-json\/wp\/v2\/posts"}],"about":[{"href":"https:\/\/alzira.es\/es\/wp-json\/wp\/v2\/types\/post"}],"author":[{"embeddable":true,"href":"https:\/\/alzira.es\/es\/wp-json\/wp\/v2\/users\/12"}],"replies":[{"embeddable":true,"href":"https:\/\/alzira.es\/es\/wp-json\/wp\/v2\/comments?post=40039"}],"version-history":[{"count":0,"href":"https:\/\/alzira.es\/es\/wp-json\/wp\/v2\/posts\/40039\/revisions"}],"wp:featuredmedia":[{"embeddable":true,"href":"https:\/\/alzira.es\/es\/wp-json\/wp\/v2\/media\/40033"}],"wp:attachment":[{"href":"https:\/\/alzira.es\/es\/wp-json\/wp\/v2\/media?parent=40039"}],"wp:term":[{"taxonomy":"category","embeddable":true,"href":"https:\/\/alzira.es\/es\/wp-json\/wp\/v2\/categories?post=40039"},{"taxonomy":"post_tag","embeddable":true,"href":"https:\/\/alzira.es\/es\/wp-json\/wp\/v2\/tags?post=40039"}],"curies":[{"name":"wp","href":"https:\/\/api.w.org\/{rel}","templated":true}]}}