{"id":40037,"date":"2019-03-26T12:21:04","date_gmt":"2019-03-26T11:21:04","guid":{"rendered":"https:\/\/alzira.es\/el-ayuntamiento-de-alzira-iluminara-las-fuentes-ornamentales-de-la-plaza-del-reino-y-de-la-plaza-mayor\/"},"modified":"2019-03-26T12:21:04","modified_gmt":"2019-03-26T11:21:04","slug":"el-ayuntamiento-de-alzira-iluminara-las-fuentes-ornamentales-de-la-plaza-del-reino-y-de-la-plaza-mayor","status":"publish","type":"post","link":"https:\/\/alzira.es\/es\/el-ayuntamiento-de-alzira-iluminara-las-fuentes-ornamentales-de-la-plaza-del-reino-y-de-la-plaza-mayor\/","title":{"rendered":"El Ayuntamiento de Alzira iluminar\u00e1 las fuentes ornamentales de la plaza del Reino y de la plaza Mayor"},"content":{"rendered":"<p style=\"text-align: justify;\"><strong>Alzira, 26 de marzo de 2019 &#8211;<\/strong> La Concejal\u00eda de Gesti\u00f3n Urban\u00edstica del Ayuntamiento de Alzira informa que llevar\u00e1 a cabo ciertas tareas de mejora en las fuentes ornamentales situadas en la plaza del Reino y plaza Mayor para mejorar la imagen y la vistosidad y que el mantenimiento sea m\u00e1s rentable y sostenible.<\/p>\n<p style=\"text-align: justify;\">En cuanto a la fuente de la plaza del Reino, se realizar\u00e1n actuaciones de limpieza interior y exterior de algunas de las partes de la fuente, restauraci\u00f3n de las tuber\u00edas de agua de la sala de m\u00e1quinas por unas de PVC y se sanear\u00e1 el sistema de goteras por uno autom\u00e1tico de parada. Tambi\u00e9n se instalar\u00e1 un nuevo sistema de alumbrado tipo LED con un programador para los juegos de luces.<\/p>\n<p style=\"text-align: justify;\">La fuente de la plaza Mayor recibir\u00e1 trabajos de limpieza, sustituci\u00f3n de v\u00e1lvulas, nuevo sistema de bombeo en el alcantarillado y nuevo servicio de alumbrado, entre otras obras y elementos.<\/p>\n<p style=\"text-align: justify;\">Seg\u00fan declara Fernando Pascual, concejal de Gesti\u00f3n Urban\u00edstica, \u00abtanto la fuente de la plaza del Reino como la de la plaza Mayor son dos puntos de referencia de nuestra ciudad y debemos darles la representaci\u00f3n que hay. Por lo cual, y despu\u00e9s de muchos a\u00f1os de dejadez, hemos puesto todo lo necesario para que luzcan con una imagen renovada y actual con nuevos sistemas de agua, de luz y de mantenimiento m\u00e1s sostenible y econ\u00f3mico, tal como estamos realizando en diferentes zonas y espacios de la ciudad\u00bb.<\/p>\n<p style=\"text-align: center;\"><a href=\"https:\/\/alzira.es\/wp-content\/uploads\/2019\/03\/51765272_1236587913160540_2689082777827016704_o.jpg\" target=\"_blank\" rel=\"noopener\"><img fetchpriority=\"high\" decoding=\"async\" class=\" size-full wp-image-40033\" title=\"El Ayuntamiento de Alzira iluminar\u00e1 las fuentes ornamentales de la plaza del Reino y de la plaza Mayor\" src=\"https:\/\/alzira.es\/wp-content\/uploads\/2019\/03\/51765272_1236587913160540_2689082777827016704_o.jpg\" alt=\"51765272 1236587913160540 2689082777827016704 o\" width=\"225\" height=\"400\" srcset=\"https:\/\/alzira.es\/wp-content\/uploads\/2019\/03\/51765272_1236587913160540_2689082777827016704_o.jpg 900w, https:\/\/alzira.es\/wp-content\/uploads\/2019\/03\/51765272_1236587913160540_2689082777827016704_o-287x510.jpg 287w, https:\/\/alzira.es\/wp-content\/uploads\/2019\/03\/51765272_1236587913160540_2689082777827016704_o-603x1072.jpg 603w, https:\/\/alzira.es\/wp-content\/uploads\/2019\/03\/51765272_1236587913160540_2689082777827016704_o-768x1365.jpg 768w, https:\/\/alzira.es\/wp-content\/uploads\/2019\/03\/51765272_1236587913160540_2689082777827016704_o-864x1536.jpg 864w\" sizes=\"(max-width: 225px) 100vw, 225px\" \/><\/a>&nbsp;<a href=\"https:\/\/alzira.es\/wp-content\/uploads\/2019\/03\/Font_Placa_Regne.jpg\" target=\"_blank\" rel=\"noopener\"><img decoding=\"async\" class=\"size-full wp-image-40035 lazyload\" title=\"El Ayuntamiento de Alzira iluminar\u00e1 las fuentes ornamentales de la plaza del Reino y de la plaza Mayor\" data-src=\"https:\/\/alzira.es\/wp-content\/uploads\/2019\/03\/Font_Placa_Regne.jpg\" alt=\"Font Pla\u00e7a Regne\" width=\"263\" height=\"400\" data-srcset=\"https:\/\/alzira.es\/wp-content\/uploads\/2019\/03\/Font_Placa_Regne.jpg 673w, https:\/\/alzira.es\/wp-content\/uploads\/2019\/03\/Font_Placa_Regne-335x510.jpg 335w\" data-sizes=\"(max-width: 263px) 100vw, 263px\" src=\"data:image\/svg+xml;base64,PHN2ZyB3aWR0aD0iMSIgaGVpZ2h0PSIxIiB4bWxucz0iaHR0cDovL3d3dy53My5vcmcvMjAwMC9zdmciPjwvc3ZnPg==\" style=\"--smush-placeholder-width: 263px; --smush-placeholder-aspect-ratio: 263\/400;\" \/><\/a><\/p>\n","protected":false},"excerpt":{"rendered":"<p>Alzira, 26 de marzo de 2019 &#8211; La Concejal\u00eda de Gesti\u00f3n Urban\u00edstica del Ayuntamiento de Alzira informa que llevar\u00e1 a cabo ciertas tareas de mejora en las fuentes ornamentales situadas en la plaza del Reino y plaza Mayor para mejorar la imagen y la vistosidad y que el mantenimiento sea m\u00e1s rentable y sostenible. En &hellip; <\/p>\n<p class=\"link-more\"><a href=\"https:\/\/alzira.es\/es\/el-ayuntamiento-de-alzira-iluminara-las-fuentes-ornamentales-de-la-plaza-del-reino-y-de-la-plaza-mayor\/\" class=\"more-link\">Continuar leyendo<span class=\"screen-reader-text\"> \u00abEl Ayuntamiento de Alzira iluminar\u00e1 las fuentes ornamentales de la plaza del Reino y de la plaza Mayor\u00bb<\/span><\/a><\/p>\n","protected":false},"author":12,"featured_media":40033,"comment_status":"","ping_status":"","sticky":false,"template":"","format":"standard","meta":{"_acf_changed":false,"footnotes":""},"categories":[4936],"tags":[],"class_list":["post-40037","post","type-post","status-publish","format-standard","has-post-thumbnail","hentry","category-hemeroteca-es"],"acf":[],"_links":{"self":[{"href":"https:\/\/alzira.es\/es\/wp-json\/wp\/v2\/posts\/40037","targetHints":{"allow":["GET"]}}],"collection":[{"href":"https:\/\/alzira.es\/es\/wp-json\/wp\/v2\/posts"}],"about":[{"href":"https:\/\/alzira.es\/es\/wp-json\/wp\/v2\/types\/post"}],"author":[{"embeddable":true,"href":"https:\/\/alzira.es\/es\/wp-json\/wp\/v2\/users\/12"}],"replies":[{"embeddable":true,"href":"https:\/\/alzira.es\/es\/wp-json\/wp\/v2\/comments?post=40037"}],"version-history":[{"count":0,"href":"https:\/\/alzira.es\/es\/wp-json\/wp\/v2\/posts\/40037\/revisions"}],"wp:featuredmedia":[{"embeddable":true,"href":"https:\/\/alzira.es\/es\/wp-json\/wp\/v2\/media\/40033"}],"wp:attachment":[{"href":"https:\/\/alzira.es\/es\/wp-json\/wp\/v2\/media?parent=40037"}],"wp:term":[{"taxonomy":"category","embeddable":true,"href":"https:\/\/alzira.es\/es\/wp-json\/wp\/v2\/categories?post=40037"},{"taxonomy":"post_tag","embeddable":true,"href":"https:\/\/alzira.es\/es\/wp-json\/wp\/v2\/tags?post=40037"}],"curies":[{"name":"wp","href":"https:\/\/api.w.org\/{rel}","templated":true}]}}