{"id":39922,"date":"2019-03-25T14:02:59","date_gmt":"2019-03-25T13:02:59","guid":{"rendered":"https:\/\/alzira.es\/alzira-renova-les-reixes-i-trapes-d-albello-per-unes-de-material-reciclable-d-ultima-generacio-per-evitar-robatoris\/"},"modified":"2019-03-25T14:02:59","modified_gmt":"2019-03-25T13:02:59","slug":"alzira-renova-les-reixes-i-trapes-d-albello-per-unes-de-material-reciclable-d-ultima-generacio-per-evitar-robatoris","status":"publish","type":"post","link":"https:\/\/alzira.es\/es\/alzira-renova-les-reixes-i-trapes-d-albello-per-unes-de-material-reciclable-d-ultima-generacio-per-evitar-robatoris\/","title":{"rendered":"Alzira renova les reixes i trapes d\u2019albell\u00f3 per unes de material reciclable d\u2019\u00faltima generaci\u00f3 per evitar robatoris"},"content":{"rendered":"<p style=\"text-align: justify;\"><strong>Dijous 25 de mar\u00e7 de 2019 \u2013<\/strong> Des de la Regidoria de Gesti\u00f3 Urban\u00edstica de l&#8217;Ajuntament d&#8217;Alzira, en col\u00b7laboraci\u00f3 amb l&#8217;empresa concession\u00e0ria Aguas de Valencia, i davant dels robatoris que han estat produint-se en algunes zones de la nostra poblaci\u00f3, es portar\u00e0 a terme una renovaci\u00f3 de les reixes i trapes dels albellons als pol\u00edgons industrials de la ciutat. Esta mesura tracta de realitzar el disseny, fabricaci\u00f3 i l&#8217;adquisici\u00f3 en propietat d&#8217;uns motlles amb els quals poder fabricar les reixes i trapes de l&#8217;albell\u00f3 model Alzira, utilitzant un material pl\u00e0stic (polietil\u00e9) d&#8217;\u00faltima generaci\u00f3, reciclable i d&#8217;alta densitat.<\/p>\n<p style=\"text-align: justify;\">Cal destacar que la ciutat d&#8217;Alzira disposa d&#8217;uns albellons espec\u00edficament dissenyats per a este abastiment, i que donen resposta a les especials condicions climatol\u00f2giques que patim, ja que l&#8217;albell\u00f3 model Alzira t\u00e9 una gran capacitat per a l&#8217;evacuaci\u00f3 de les aig\u00fces pluvials, degut al seu gran tamany, amb la qual cosa garantix en tot moment l&#8217;abs\u00e8ncia de males olors, ja que tamb\u00e9 \u00e9s de tipus sif\u00f2nic. L&#8217;actual albell\u00f3 model Alzira est\u00e0 compost exteriorment per una reixa met\u00e0l\u00b7lica, per on entra l&#8217;aigua, i una tapa met\u00e0l\u00b7lica, per on es pot netejar la seua part sif\u00f2nica.<\/p>\n<p style=\"text-align: justify;\">Amb este projecte est\u00e0 prevista l&#8217;adquisici\u00f3 de m\u00e9s de 2.000 peces de trapes i reixes d&#8217;albell\u00f3 i compta amb una inversi\u00f3 de 16.342,865 euros per a la substituci\u00f3 de les unitats ubicades als pol\u00edgons industrials de la ciutat.<\/p>\n<p style=\"text-align: justify;\">Segons declara el regidor de l&#8217;\u00e0rea responsable, Fernando Pascual: \u00abHem sabut que el model de reixes i trapes d&#8217;Alzira \u00e9s singular i especial a la resta, ja que en el seu moment va ser dissenyat per a un clavegueram m\u00e9s gran que l&#8217;habitual, degut al fet que estem en una zona de gran acumulaci\u00f3 d&#8217;aigua per les pluges. A hores d&#8217;ara renovarem estes trapes i reixes als pol\u00edgons, com a mesura de prova i degut tamb\u00e9 al fet que s&#8217;han enregistrat diverses sostraccions d&#8217;estes peces \u00faniques, i al mateix temps continuem aportant mesures i materials que ajuden a fer d&#8217;esta ciutat una ciutat m\u00e9s sostenible\u00bb.<\/p>\n<p style=\"text-align: justify;\">&nbsp;<\/p>\n<p style=\"text-align: center;\"><a href=\"https:\/\/alzira.es\/wp-content\/uploads\/2019\/03\/20190325_114151.jpg\" target=\"_blank\" rel=\"noopener\"><img fetchpriority=\"high\" decoding=\"async\" class=\" size-full wp-image-39915\" title=\"Alzira renova les reixes i trapes d\u2019albell\u00f3 per unes de material reciclable d\u2019\u00faltima generaci\u00f3 per evitar robatoris \" src=\"https:\/\/alzira.es\/wp-content\/uploads\/2019\/03\/20190325_114151.jpg\" alt=\"20190325 114151\" width=\"400\" height=\"300\" srcset=\"https:\/\/alzira.es\/wp-content\/uploads\/2019\/03\/20190325_114151.jpg 1200w, https:\/\/alzira.es\/wp-content\/uploads\/2019\/03\/20190325_114151-680x510.jpg 680w, https:\/\/alzira.es\/wp-content\/uploads\/2019\/03\/20190325_114151-768x576.jpg 768w\" sizes=\"(max-width: 400px) 100vw, 400px\" \/><\/a>&nbsp;<a href=\"https:\/\/alzira.es\/wp-content\/uploads\/2019\/03\/20190325_114204.jpg\" target=\"_blank\" rel=\"noopener\"><img decoding=\"async\" class=\"size-full wp-image-39917 lazyload\" title=\"Alzira renova les reixes i trapes d\u2019albell\u00f3 per unes de material reciclable d\u2019\u00faltima generaci\u00f3 per evitar robatoris \" data-src=\"https:\/\/alzira.es\/wp-content\/uploads\/2019\/03\/20190325_114204.jpg\" alt=\"20190325 114204\" width=\"400\" height=\"300\" data-srcset=\"https:\/\/alzira.es\/wp-content\/uploads\/2019\/03\/20190325_114204.jpg 1200w, https:\/\/alzira.es\/wp-content\/uploads\/2019\/03\/20190325_114204-680x510.jpg 680w, https:\/\/alzira.es\/wp-content\/uploads\/2019\/03\/20190325_114204-768x576.jpg 768w\" data-sizes=\"(max-width: 400px) 100vw, 400px\" src=\"data:image\/svg+xml;base64,PHN2ZyB3aWR0aD0iMSIgaGVpZ2h0PSIxIiB4bWxucz0iaHR0cDovL3d3dy53My5vcmcvMjAwMC9zdmciPjwvc3ZnPg==\" style=\"--smush-placeholder-width: 400px; --smush-placeholder-aspect-ratio: 400\/300;\" \/><\/a><\/p>\n","protected":false},"excerpt":{"rendered":"<p>Dijous 25 de mar\u00e7 de 2019 \u2013 Des de la Regidoria de Gesti\u00f3 Urban\u00edstica de l&#8217;Ajuntament d&#8217;Alzira, en col\u00b7laboraci\u00f3 amb l&#8217;empresa concession\u00e0ria Aguas de Valencia, i davant dels robatoris que han estat produint-se en algunes zones de la nostra poblaci\u00f3, es portar\u00e0 a terme una renovaci\u00f3 de les reixes i trapes dels albellons als pol\u00edgons &hellip; <\/p>\n<p class=\"link-more\"><a href=\"https:\/\/alzira.es\/es\/alzira-renova-les-reixes-i-trapes-d-albello-per-unes-de-material-reciclable-d-ultima-generacio-per-evitar-robatoris\/\" class=\"more-link\">Continuar leyendo<span class=\"screen-reader-text\"> \u00abAlzira renova les reixes i trapes d\u2019albell\u00f3 per unes de material reciclable d\u2019\u00faltima generaci\u00f3 per evitar robatoris\u00bb<\/span><\/a><\/p>\n","protected":false},"author":12,"featured_media":39915,"comment_status":"","ping_status":"","sticky":false,"template":"","format":"standard","meta":{"_acf_changed":false,"footnotes":""},"categories":[],"tags":[],"class_list":["post-39922","post","type-post","status-publish","format-standard","has-post-thumbnail","hentry"],"acf":[],"_links":{"self":[{"href":"https:\/\/alzira.es\/es\/wp-json\/wp\/v2\/posts\/39922","targetHints":{"allow":["GET"]}}],"collection":[{"href":"https:\/\/alzira.es\/es\/wp-json\/wp\/v2\/posts"}],"about":[{"href":"https:\/\/alzira.es\/es\/wp-json\/wp\/v2\/types\/post"}],"author":[{"embeddable":true,"href":"https:\/\/alzira.es\/es\/wp-json\/wp\/v2\/users\/12"}],"replies":[{"embeddable":true,"href":"https:\/\/alzira.es\/es\/wp-json\/wp\/v2\/comments?post=39922"}],"version-history":[{"count":0,"href":"https:\/\/alzira.es\/es\/wp-json\/wp\/v2\/posts\/39922\/revisions"}],"wp:featuredmedia":[{"embeddable":true,"href":"https:\/\/alzira.es\/es\/wp-json\/wp\/v2\/media\/39915"}],"wp:attachment":[{"href":"https:\/\/alzira.es\/es\/wp-json\/wp\/v2\/media?parent=39922"}],"wp:term":[{"taxonomy":"category","embeddable":true,"href":"https:\/\/alzira.es\/es\/wp-json\/wp\/v2\/categories?post=39922"},{"taxonomy":"post_tag","embeddable":true,"href":"https:\/\/alzira.es\/es\/wp-json\/wp\/v2\/tags?post=39922"}],"curies":[{"name":"wp","href":"https:\/\/api.w.org\/{rel}","templated":true}]}}