{"id":39920,"date":"2019-03-25T14:02:59","date_gmt":"2019-03-25T13:02:59","guid":{"rendered":"https:\/\/alzira.es\/alzira-renueva-las-rejas-y-trampillas-de-las-alcantarillas-por-unas-de-material-reciclable-de-ultima-generacion-para-evitar-robos\/"},"modified":"2019-03-25T14:02:59","modified_gmt":"2019-03-25T13:02:59","slug":"alzira-renueva-las-rejas-y-trampillas-de-las-alcantarillas-por-unas-de-material-reciclable-de-ultima-generacion-para-evitar-robos","status":"publish","type":"post","link":"https:\/\/alzira.es\/es\/alzira-renueva-las-rejas-y-trampillas-de-las-alcantarillas-por-unas-de-material-reciclable-de-ultima-generacion-para-evitar-robos\/","title":{"rendered":"Alzira renueva las rejas y trampillas de las alcantarillas por unas de material reciclable de \u00faltima generaci\u00f3n para evitar robos"},"content":{"rendered":"<p style=\"text-align: justify;\"><strong>Jueves 25 de marzo de 2019 &#8211;<\/strong> Desde la Concejal\u00eda de Gesti\u00f3n Urban\u00edstica del Ayuntamiento de Alzira, en colaboraci\u00f3n con la empresa concesionaria Aguas de Valencia, y ante los robos que se han estado produciendo en algunas zonas de nuestra poblaci\u00f3n, se llevar\u00e1 a cabo una renovaci\u00f3n de las rejas y trampillas de los sumideros en los pol\u00edgonos industriales de la ciudad. Esta medida trata de realizar el dise\u00f1o, fabricaci\u00f3n y adquisici\u00f3n en propiedad de unos moldes con los que poder fabricar las rejas y trampillas de la alcantarilla modelo Alzira, utilizando un material pl\u00e1stico (polietileno) de \u00faltima generaci\u00f3n, reciclable y de alta densidad.<\/p>\n<p style=\"text-align: justify;\">Cabe destacar que la ciudad de Alzira dispone de unos sumideros espec\u00edficamente dise\u00f1ados para este abastecimiento, y que dan respuesta a las especiales condiciones climatol\u00f3gicas que padecemos, ya que la alcantarilla modelo Alzira tiene una gran capacidad para la evacuaci\u00f3n de las aguas pluviales, debido a su gran tama\u00f1o, con lo que garantiza en todo momento la ausencia de malos olores, ya que tambi\u00e9n es de tipo sif\u00f3nico.&nbsp;El actual sumidero modelo Alzira est\u00e1 compuesto exteriormente por una reja met\u00e1lica, por donde entra el agua, y una tapa met\u00e1lica, por donde se puede limpiar su parte sif\u00f3nica.<\/p>\n<p style=\"text-align: justify;\">Con este proyecto est\u00e1 prevista la adquisici\u00f3n de m\u00e1s de 2.000 piezas de trampillas y rejas de alcantarilla y cuenta con una inversi\u00f3n de 16.342,865 euros para la sustituci\u00f3n de las unidades ubicadas en los pol\u00edgonos industriales de la ciudad.<\/p>\n<p style=\"text-align: justify;\">Seg\u00fan declara el concejal del \u00e1rea responsable, Fernando Pascual \u00abHemos sabido que el modelo de rejas y trampillas de Alzira es singular y especial al resto, ya que en su momento fue dise\u00f1ado para un alcantarillado mayor de lo habitual, debido a que estamos en una zona de gran acumulaci\u00f3n de agua por las lluvias. A estas alturas renovaremos estas trampillas y rejas en los pol\u00edgonos, como medida de prueba y debido tambi\u00e9n a que se han registrado varias sustracciones de estas piezas \u00fanicas, y al mismo tiempo seguimos aportando medidas y materiales que ayudan a hacer de esta ciudad una ciudad m\u00e1s sostenible\u00bb.<\/p>\n<p style=\"text-align: center;\"><a href=\"https:\/\/alzira.es\/wp-content\/uploads\/2019\/03\/20190325_114151.jpg\" target=\"_blank\" rel=\"noopener\"><img fetchpriority=\"high\" decoding=\"async\" class=\" size-full wp-image-39915\" title=\"Alzira renueva las rejas y trampillas de las alcantarillas por unas de material reciclable de \u00faltima generaci\u00f3n para evitar robos\" src=\"https:\/\/alzira.es\/wp-content\/uploads\/2019\/03\/20190325_114151.jpg\" alt=\"20190325 114151\" width=\"400\" height=\"300\" srcset=\"https:\/\/alzira.es\/wp-content\/uploads\/2019\/03\/20190325_114151.jpg 1200w, https:\/\/alzira.es\/wp-content\/uploads\/2019\/03\/20190325_114151-680x510.jpg 680w, https:\/\/alzira.es\/wp-content\/uploads\/2019\/03\/20190325_114151-768x576.jpg 768w\" sizes=\"(max-width: 400px) 100vw, 400px\" \/><\/a>&nbsp;<a href=\"https:\/\/alzira.es\/wp-content\/uploads\/2019\/03\/20190325_114204.jpg\" target=\"_blank\" rel=\"noopener\"><img decoding=\"async\" class=\"size-full wp-image-39917 lazyload\" title=\"Alzira renueva las rejas y trampillas de las alcantarillas por unas de material reciclable de \u00faltima generaci\u00f3n para evitar robos\" data-src=\"https:\/\/alzira.es\/wp-content\/uploads\/2019\/03\/20190325_114204.jpg\" alt=\"20190325 114204\" width=\"400\" height=\"300\" data-srcset=\"https:\/\/alzira.es\/wp-content\/uploads\/2019\/03\/20190325_114204.jpg 1200w, https:\/\/alzira.es\/wp-content\/uploads\/2019\/03\/20190325_114204-680x510.jpg 680w, https:\/\/alzira.es\/wp-content\/uploads\/2019\/03\/20190325_114204-768x576.jpg 768w\" data-sizes=\"(max-width: 400px) 100vw, 400px\" src=\"data:image\/svg+xml;base64,PHN2ZyB3aWR0aD0iMSIgaGVpZ2h0PSIxIiB4bWxucz0iaHR0cDovL3d3dy53My5vcmcvMjAwMC9zdmciPjwvc3ZnPg==\" style=\"--smush-placeholder-width: 400px; --smush-placeholder-aspect-ratio: 400\/300;\" \/><\/a><\/p>\n","protected":false},"excerpt":{"rendered":"<p>Jueves 25 de marzo de 2019 &#8211; Desde la Concejal\u00eda de Gesti\u00f3n Urban\u00edstica del Ayuntamiento de Alzira, en colaboraci\u00f3n con la empresa concesionaria Aguas de Valencia, y ante los robos que se han estado produciendo en algunas zonas de nuestra poblaci\u00f3n, se llevar\u00e1 a cabo una renovaci\u00f3n de las rejas y trampillas de los sumideros &hellip; <\/p>\n<p class=\"link-more\"><a href=\"https:\/\/alzira.es\/es\/alzira-renueva-las-rejas-y-trampillas-de-las-alcantarillas-por-unas-de-material-reciclable-de-ultima-generacion-para-evitar-robos\/\" class=\"more-link\">Continuar leyendo<span class=\"screen-reader-text\"> \u00abAlzira renueva las rejas y trampillas de las alcantarillas por unas de material reciclable de \u00faltima generaci\u00f3n para evitar robos\u00bb<\/span><\/a><\/p>\n","protected":false},"author":12,"featured_media":39915,"comment_status":"","ping_status":"","sticky":false,"template":"","format":"standard","meta":{"_acf_changed":false,"footnotes":""},"categories":[4936],"tags":[],"class_list":["post-39920","post","type-post","status-publish","format-standard","has-post-thumbnail","hentry","category-hemeroteca-es"],"acf":[],"_links":{"self":[{"href":"https:\/\/alzira.es\/es\/wp-json\/wp\/v2\/posts\/39920","targetHints":{"allow":["GET"]}}],"collection":[{"href":"https:\/\/alzira.es\/es\/wp-json\/wp\/v2\/posts"}],"about":[{"href":"https:\/\/alzira.es\/es\/wp-json\/wp\/v2\/types\/post"}],"author":[{"embeddable":true,"href":"https:\/\/alzira.es\/es\/wp-json\/wp\/v2\/users\/12"}],"replies":[{"embeddable":true,"href":"https:\/\/alzira.es\/es\/wp-json\/wp\/v2\/comments?post=39920"}],"version-history":[{"count":0,"href":"https:\/\/alzira.es\/es\/wp-json\/wp\/v2\/posts\/39920\/revisions"}],"wp:featuredmedia":[{"embeddable":true,"href":"https:\/\/alzira.es\/es\/wp-json\/wp\/v2\/media\/39915"}],"wp:attachment":[{"href":"https:\/\/alzira.es\/es\/wp-json\/wp\/v2\/media?parent=39920"}],"wp:term":[{"taxonomy":"category","embeddable":true,"href":"https:\/\/alzira.es\/es\/wp-json\/wp\/v2\/categories?post=39920"},{"taxonomy":"post_tag","embeddable":true,"href":"https:\/\/alzira.es\/es\/wp-json\/wp\/v2\/tags?post=39920"}],"curies":[{"name":"wp","href":"https:\/\/api.w.org\/{rel}","templated":true}]}}