{"id":39911,"date":"2019-03-25T13:49:51","date_gmt":"2019-03-25T12:49:51","guid":{"rendered":"https:\/\/alzira.es\/alzira-aprueba-las-bases-del-plan-de-empleo-2019-fem-treball-fem-alzira-para-contratar-a-8-trabajadores-as-mayores-de-30-anos\/"},"modified":"2019-03-25T13:49:51","modified_gmt":"2019-03-25T12:49:51","slug":"alzira-aprueba-las-bases-del-plan-de-empleo-2019-fem-treball-fem-alzira-para-contratar-a-8-trabajadores-as-mayores-de-30-anos","status":"publish","type":"post","link":"https:\/\/alzira.es\/es\/alzira-aprueba-las-bases-del-plan-de-empleo-2019-fem-treball-fem-alzira-para-contratar-a-8-trabajadores-as-mayores-de-30-anos\/","title":{"rendered":"Alzira aprueba las bases del Plan de Empleo 2019: \u00abFem Treball, Fem Alzira\u00bb para contratar a 8 trabajadores\/as mayores de 30 a\u00f1os."},"content":{"rendered":"<p style=\"text-align: justify;\"><strong><a href=\"https:\/\/alzira.es\/wp-content\/uploads\/2017\/12\/IMG_4089.jpg\" target=\"_blank\" rel=\"noopener\"><img fetchpriority=\"high\" decoding=\"async\" class=\" alignleft size-full wp-image-26555\" style=\"margin-right: 10px; float: left;\" title=\"Alzira aprueba las bases del Plan de Empleo 2019: &quot;Fem Treball, Fem Alzira&quot; para contratar a 8 trabajadores\/as mayores de 30 a\u00f1os.\" src=\"https:\/\/alzira.es\/wp-content\/uploads\/2017\/12\/IMG_4089.jpg\" alt=\"IMG 4089\" width=\"600\" height=\"400\" \/><\/a>Alzira, 25 de marzo de 2019.<\/strong> El Ayuntamiento de Alzira, a trav\u00e9s de la Concejal\u00eda de Desarrollo Econ\u00f3mico, Proyectos Europeos y Trabajo e IDEA, ha aprobado las bases del Plan de Empleo 201: \u00abFem Treball, Fem Alzira\u00bb para la contrataci\u00f3n de 8 personas desempleadas mayores de 45 a\u00f1os. Se convoca la selecci\u00f3n de 1 arquitecto\/a, 5 oficiales de primera\/segunda y 2 peones de la construcci\u00f3n.<\/p>\n<p style=\"text-align: justify;\">Uno de los objetivos prioritarios de la concejal\u00eda de Desarrollo Econ\u00f3mico, Trabajo y Proyectos Europeos e IDEA es articular las medidas necesarias para paliar el desempleo en Alzira. Con este plan de fomento de empleo se quiere contribuir la inserci\u00f3n laboral de los colectivos m\u00e1s afectados por la crisis en Alzira, como son las personas paradas entre 30 y 45 a\u00f1os y los mayores de 45 a\u00f1os.&nbsp;\u00abFem Treball, Fem Alzira\u00bb tiene como objetivo principal contribuir a que las personas desempleadas, o con especiales dificultades de empleo, profesionales del sector de la construcci\u00f3n, puedan acceder a un puesto de trabajo eventual en la Administraci\u00f3n local. Asimismo, se pretende dar cobertura a aquellos colectivos m\u00e1s afectados por la crisis en el municipio, las personas paradas entre 30 y 45 a\u00f1os y los mayores de 45 a\u00f1os, reservando un 50% de las plazas para cada colectivo.<\/p>\n<p style=\"text-align: justify;\">Seg\u00fan Iv\u00e1n Mart\u00ednez: \u00abEl plan de empleo&nbsp; \u00abFem Treball, Fem Alzira\u00bb incide en el aspecto social considerando la situaci\u00f3n socioecon\u00f3mica de las familias teniendo en cuenta el n\u00famero de miembros desempleados en la unidad familiar. Adem\u00e1s, los puestos de trabajo ofrecidos pertenecen todos al sector de la construcci\u00f3n, uno de los m\u00e1s castigados en los \u00faltimos a\u00f1os. Por eso el principal objetivo de este plan de fomento de empleo ser\u00e1 contribuir a que las personas desempleadas, o con especiales dificultades de empleo o profesionales del sector de la construcci\u00f3n, puedan acceder a un puesto de trabajo, al tiempo que contribuir\u00e1 a la mejora en la accesibilidad en el casco urbano de Alzira, vados peatonales, ampliaci\u00f3n de aceras y repavimentaci\u00f3n de aceras\u00bb.<\/p>\n<p style=\"text-align: justify;\">Recordemos que esta medida se une a otras iniciativas locales que pretenden reforzar la econom\u00eda como los programas de ayudas municipales, \u00abPrograma EMPR\u00c9N. Ayuda a la Creaci\u00f3n de empresa en Alzira\u00bb y \u00abPrograma Formaplus. Ayuda a la inserci\u00f3n laboral en Alzira\u00bb o las medidas y programas para paliar el desempleo juvenil, como son el Plan de Empleo Juvenil Cualificados y el Plan de Empleo Juvenil. Formaci\u00f3 + Treball.<\/p>\n<p style=\"text-align: justify;\">El Plazo de presentaci\u00f3n de solicitudes: del 03\/22\/2019 al 04\/10\/2019. Los interesados \u200b\u200bpueden ya informarse en las dependencias de IDEA (C\/ Ronda de Algemes\u00ed, 4) o al tel\u00e9fono <span style=\"color: #0000ff;\">962 45 51 01<\/span><\/p>\n","protected":false},"excerpt":{"rendered":"<p>Alzira, 25 de marzo de 2019. El Ayuntamiento de Alzira, a trav\u00e9s de la Concejal\u00eda de Desarrollo Econ\u00f3mico, Proyectos Europeos y Trabajo e IDEA, ha aprobado las bases del Plan de Empleo 201: \u00abFem Treball, Fem Alzira\u00bb para la contrataci\u00f3n de 8 personas desempleadas mayores de 45 a\u00f1os. Se convoca la selecci\u00f3n de 1 arquitecto\/a, &hellip; <\/p>\n<p class=\"link-more\"><a href=\"https:\/\/alzira.es\/es\/alzira-aprueba-las-bases-del-plan-de-empleo-2019-fem-treball-fem-alzira-para-contratar-a-8-trabajadores-as-mayores-de-30-anos\/\" class=\"more-link\">Continuar leyendo<span class=\"screen-reader-text\"> \u00abAlzira aprueba las bases del Plan de Empleo 2019: \u00abFem Treball, Fem Alzira\u00bb para contratar a 8 trabajadores\/as mayores de 30 a\u00f1os.\u00bb<\/span><\/a><\/p>\n","protected":false},"author":12,"featured_media":26555,"comment_status":"","ping_status":"","sticky":false,"template":"","format":"standard","meta":{"_acf_changed":false,"footnotes":""},"categories":[4936],"tags":[],"class_list":["post-39911","post","type-post","status-publish","format-standard","has-post-thumbnail","hentry","category-hemeroteca-es"],"acf":[],"_links":{"self":[{"href":"https:\/\/alzira.es\/es\/wp-json\/wp\/v2\/posts\/39911","targetHints":{"allow":["GET"]}}],"collection":[{"href":"https:\/\/alzira.es\/es\/wp-json\/wp\/v2\/posts"}],"about":[{"href":"https:\/\/alzira.es\/es\/wp-json\/wp\/v2\/types\/post"}],"author":[{"embeddable":true,"href":"https:\/\/alzira.es\/es\/wp-json\/wp\/v2\/users\/12"}],"replies":[{"embeddable":true,"href":"https:\/\/alzira.es\/es\/wp-json\/wp\/v2\/comments?post=39911"}],"version-history":[{"count":0,"href":"https:\/\/alzira.es\/es\/wp-json\/wp\/v2\/posts\/39911\/revisions"}],"wp:featuredmedia":[{"embeddable":true,"href":"https:\/\/alzira.es\/es\/wp-json\/wp\/v2\/media\/26555"}],"wp:attachment":[{"href":"https:\/\/alzira.es\/es\/wp-json\/wp\/v2\/media?parent=39911"}],"wp:term":[{"taxonomy":"category","embeddable":true,"href":"https:\/\/alzira.es\/es\/wp-json\/wp\/v2\/categories?post=39911"},{"taxonomy":"post_tag","embeddable":true,"href":"https:\/\/alzira.es\/es\/wp-json\/wp\/v2\/tags?post=39911"}],"curies":[{"name":"wp","href":"https:\/\/api.w.org\/{rel}","templated":true}]}}