{"id":39909,"date":"2019-03-25T13:08:00","date_gmt":"2019-03-25T12:08:00","guid":{"rendered":"https:\/\/alzira.es\/dia-del-llibre-infantil\/"},"modified":"2019-03-25T13:08:00","modified_gmt":"2019-03-25T12:08:00","slug":"dia-del-llibre-infantil","status":"publish","type":"post","link":"https:\/\/alzira.es\/es\/dia-del-llibre-infantil\/","title":{"rendered":"D\u00eda del Libro Infantil"},"content":{"rendered":"<p style=\"text-align: center;\">2 d&#8217;abril dia del llibre infantil<\/p>\n<p>El pr\u00f2xim dia 2 d&#8217;abril, Dia Internacional del Llibre Infamtil, se celebrar\u00e0 a la Bebeteca (Biblioteca Municipal) una activitat encarada als pares i mares dels m\u00e9s menuts.<\/p>\n<p>A les 18 hores Elena Goig, de Murta Animacions, ens parlar\u00e0 dels llibres m\u00e9s apropiats per als menuts i menudes, parlar\u00e0 d&#8217;escriptors\/es i d&#8217;il\u00b7lustradors\/es que cada dia fan m\u00e9s divertida i millor la literatura infantil.<\/p>\n<p><img fetchpriority=\"high\" decoding=\"async\" class=\" size-full wp-image-39361\" style=\"width: 443px; height: 287px; margin-right: auto; margin-left: auto; display: block;\" src=\"https:\/\/alzira.es\/wp-content\/uploads\/2019\/03\/Elena_9-2-019_8.jpg\" alt=\"Elena 9-2-019 8\" width=\"600\" height=\"338\" \/><\/p>\n","protected":false},"excerpt":{"rendered":"<p>2 d&#8217;abril dia del llibre infantil El pr\u00f2xim dia 2 d&#8217;abril, Dia Internacional del Llibre Infamtil, se celebrar\u00e0 a la Bebeteca (Biblioteca Municipal) una activitat encarada als pares i mares dels m\u00e9s menuts. A les 18 hores Elena Goig, de Murta Animacions, ens parlar\u00e0 dels llibres m\u00e9s apropiats per als menuts i menudes, parlar\u00e0 d&#8217;escriptors\/es &hellip; <\/p>\n<p class=\"link-more\"><a href=\"https:\/\/alzira.es\/es\/dia-del-llibre-infantil\/\" class=\"more-link\">Continuar leyendo<span class=\"screen-reader-text\"> \u00abD\u00eda del Libro Infantil\u00bb<\/span><\/a><\/p>\n","protected":false},"author":29,"featured_media":39361,"comment_status":"","ping_status":"","sticky":false,"template":"","format":"standard","meta":{"_acf_changed":false,"footnotes":""},"categories":[],"tags":[],"class_list":["post-39909","post","type-post","status-publish","format-standard","has-post-thumbnail","hentry"],"acf":[],"_links":{"self":[{"href":"https:\/\/alzira.es\/es\/wp-json\/wp\/v2\/posts\/39909","targetHints":{"allow":["GET"]}}],"collection":[{"href":"https:\/\/alzira.es\/es\/wp-json\/wp\/v2\/posts"}],"about":[{"href":"https:\/\/alzira.es\/es\/wp-json\/wp\/v2\/types\/post"}],"author":[{"embeddable":true,"href":"https:\/\/alzira.es\/es\/wp-json\/wp\/v2\/users\/29"}],"replies":[{"embeddable":true,"href":"https:\/\/alzira.es\/es\/wp-json\/wp\/v2\/comments?post=39909"}],"version-history":[{"count":0,"href":"https:\/\/alzira.es\/es\/wp-json\/wp\/v2\/posts\/39909\/revisions"}],"wp:featuredmedia":[{"embeddable":true,"href":"https:\/\/alzira.es\/es\/wp-json\/wp\/v2\/media\/39361"}],"wp:attachment":[{"href":"https:\/\/alzira.es\/es\/wp-json\/wp\/v2\/media?parent=39909"}],"wp:term":[{"taxonomy":"category","embeddable":true,"href":"https:\/\/alzira.es\/es\/wp-json\/wp\/v2\/categories?post=39909"},{"taxonomy":"post_tag","embeddable":true,"href":"https:\/\/alzira.es\/es\/wp-json\/wp\/v2\/tags?post=39909"}],"curies":[{"name":"wp","href":"https:\/\/api.w.org\/{rel}","templated":true}]}}