{"id":39905,"date":"2019-03-25T12:48:34","date_gmt":"2019-03-25T11:48:34","guid":{"rendered":"https:\/\/alzira.es\/l-ajuntament-concedix-262-ajudes-de-140-euros-per-als-vehicles-afectats-per-la-barrancada\/"},"modified":"2019-03-25T12:48:34","modified_gmt":"2019-03-25T11:48:34","slug":"l-ajuntament-concedix-262-ajudes-de-140-euros-per-als-vehicles-afectats-per-la-barrancada","status":"publish","type":"post","link":"https:\/\/alzira.es\/es\/l-ajuntament-concedix-262-ajudes-de-140-euros-per-als-vehicles-afectats-per-la-barrancada\/","title":{"rendered":"L\u2019Ajuntament concedix 262 ajudes de 140 euros per als vehicles afectats per la barrancada"},"content":{"rendered":"<p style=\"text-align: justify;\"><strong><a href=\"https:\/\/alzira.es\/wp-content\/uploads\/2019\/03\/2306.jpg\" target=\"_blank\" rel=\"noopener\"><img fetchpriority=\"high\" decoding=\"async\" class=\" alignleft size-full wp-image-39900\" style=\"margin-right: 10px; float: left;\" title=\"L\u2019Ajuntament concedix 262 ajudes de 140 euros per als vehicles afectats per la barrancada\" src=\"https:\/\/alzira.es\/wp-content\/uploads\/2019\/03\/2306.jpg\" alt=\"2306\" width=\"600\" height=\"410\" srcset=\"https:\/\/alzira.es\/wp-content\/uploads\/2019\/03\/2306.jpg 1200w, https:\/\/alzira.es\/wp-content\/uploads\/2019\/03\/2306-680x464.jpg 680w, https:\/\/alzira.es\/wp-content\/uploads\/2019\/03\/2306-768x524.jpg 768w\" sizes=\"(max-width: 600px) 100vw, 600px\" \/><\/a>Alzira, 25 de mar\u00e7 de 2019.-<\/strong> L&#8217;Ajuntament d&#8217;Alzira ha quantificat, despr\u00e9s de la valoraci\u00f3 i els requisits legals pertinents, 262 ajudes pels danys ocasionats en vehicles per l&#8217;\u00faltima barrancada del mes de novembre de 2018. D&#8217;esta forma, els afectats rebran 140 euros que representa un import mitj\u00e0 del l&#8217;impost de circulaci\u00f3, IVTM.<\/p>\n<p style=\"text-align: justify;\">Les sol\u00b7licituds estimades representen un 93,5% de totes les presentades pels ve\u00efns i ascendixen a un total de 36.680 euros. L&#8217;Ajuntament t\u00e9 previst lliurar estes ajudes el m\u00e9s aviat possible.<\/p>\n<p style=\"text-align: justify;\">Cal recordar que l&#8217;Ajuntament va aprovar en el ple del 6 de febrer de 2019 les bases reguladores per a convocar les ajudes econ\u00f2miques per a pal\u00b7liar els danys produ\u00efts en vehicles per l&#8217;episodi de pluges entre els dies 15 i 16 de novembre.<\/p>\n<p style=\"text-align: justify;\">L&#8217;alcalde d&#8217;Alzira, Diego G\u00f3mez, ha manifestat al respecte: \u00abL&#8217;Ajuntament, tal com es va comprometre amb els afectats, ha fet un esfor\u00e7 per poder pal\u00b7liar, en part, els efectes de la inundaci\u00f3 en els vehicles. D&#8217;esta forma es demostra que el Consistori est\u00e0 al costat dels damnificats\u00bb.<\/p>\n<p style=\"text-align: justify;\">&nbsp;<\/p>\n","protected":false},"excerpt":{"rendered":"<p>Alzira, 25 de mar\u00e7 de 2019.- L&#8217;Ajuntament d&#8217;Alzira ha quantificat, despr\u00e9s de la valoraci\u00f3 i els requisits legals pertinents, 262 ajudes pels danys ocasionats en vehicles per l&#8217;\u00faltima barrancada del mes de novembre de 2018. D&#8217;esta forma, els afectats rebran 140 euros que representa un import mitj\u00e0 del l&#8217;impost de circulaci\u00f3, IVTM. Les sol\u00b7licituds estimades &hellip; <\/p>\n<p class=\"link-more\"><a href=\"https:\/\/alzira.es\/es\/l-ajuntament-concedix-262-ajudes-de-140-euros-per-als-vehicles-afectats-per-la-barrancada\/\" class=\"more-link\">Continuar leyendo<span class=\"screen-reader-text\"> \u00abL\u2019Ajuntament concedix 262 ajudes de 140 euros per als vehicles afectats per la barrancada\u00bb<\/span><\/a><\/p>\n","protected":false},"author":12,"featured_media":39900,"comment_status":"","ping_status":"","sticky":false,"template":"","format":"standard","meta":{"_acf_changed":false,"footnotes":""},"categories":[],"tags":[],"class_list":["post-39905","post","type-post","status-publish","format-standard","has-post-thumbnail","hentry"],"acf":[],"_links":{"self":[{"href":"https:\/\/alzira.es\/es\/wp-json\/wp\/v2\/posts\/39905","targetHints":{"allow":["GET"]}}],"collection":[{"href":"https:\/\/alzira.es\/es\/wp-json\/wp\/v2\/posts"}],"about":[{"href":"https:\/\/alzira.es\/es\/wp-json\/wp\/v2\/types\/post"}],"author":[{"embeddable":true,"href":"https:\/\/alzira.es\/es\/wp-json\/wp\/v2\/users\/12"}],"replies":[{"embeddable":true,"href":"https:\/\/alzira.es\/es\/wp-json\/wp\/v2\/comments?post=39905"}],"version-history":[{"count":0,"href":"https:\/\/alzira.es\/es\/wp-json\/wp\/v2\/posts\/39905\/revisions"}],"wp:featuredmedia":[{"embeddable":true,"href":"https:\/\/alzira.es\/es\/wp-json\/wp\/v2\/media\/39900"}],"wp:attachment":[{"href":"https:\/\/alzira.es\/es\/wp-json\/wp\/v2\/media?parent=39905"}],"wp:term":[{"taxonomy":"category","embeddable":true,"href":"https:\/\/alzira.es\/es\/wp-json\/wp\/v2\/categories?post=39905"},{"taxonomy":"post_tag","embeddable":true,"href":"https:\/\/alzira.es\/es\/wp-json\/wp\/v2\/tags?post=39905"}],"curies":[{"name":"wp","href":"https:\/\/api.w.org\/{rel}","templated":true}]}}