{"id":39903,"date":"2019-03-25T12:48:34","date_gmt":"2019-03-25T11:48:34","guid":{"rendered":"https:\/\/alzira.es\/el-ayuntamiento-concede-262-ayudas-de-140-euros-para-los-vehiculos-afectados-por-la-riada\/"},"modified":"2019-03-25T12:48:34","modified_gmt":"2019-03-25T11:48:34","slug":"el-ayuntamiento-concede-262-ayudas-de-140-euros-para-los-vehiculos-afectados-por-la-riada","status":"publish","type":"post","link":"https:\/\/alzira.es\/es\/el-ayuntamiento-concede-262-ayudas-de-140-euros-para-los-vehiculos-afectados-por-la-riada\/","title":{"rendered":"El Ayuntamiento concede 262 ayudas de 140 euros para los veh\u00edculos afectados por la barrancada"},"content":{"rendered":"<p style=\"text-align: justify;\"><strong><a href=\"https:\/\/alzira.es\/wp-content\/uploads\/2019\/03\/2306.jpg\" target=\"_blank\" rel=\"noopener\"><img fetchpriority=\"high\" decoding=\"async\" class=\" alignleft size-full wp-image-39900\" style=\"margin-right: 10px; float: left;\" title=\"El Ayuntamiento concede 262 ayudas de 140 euros para los veh\u00edculos afectados por la riada\" src=\"https:\/\/alzira.es\/wp-content\/uploads\/2019\/03\/2306.jpg\" alt=\"2306\" width=\"600\" height=\"410\" srcset=\"https:\/\/alzira.es\/wp-content\/uploads\/2019\/03\/2306.jpg 1200w, https:\/\/alzira.es\/wp-content\/uploads\/2019\/03\/2306-680x464.jpg 680w, https:\/\/alzira.es\/wp-content\/uploads\/2019\/03\/2306-768x524.jpg 768w\" sizes=\"(max-width: 600px) 100vw, 600px\" \/><\/a>Alzira, 25 de marzo de 2019.-<\/strong> El Ayuntamiento de Alzira ha cuantificado, tras la valoraci\u00f3n y los requisitos legales pertinentes, 262 ayudas por los da\u00f1os ocasionados en veh\u00edculos para la \u00faltima barrancada del mes de noviembre de 2018. De esta forma, los afectados recibir\u00e1n 140 euros que representa un importe medio del impuesto de circulaci\u00f3n IVTM.<\/p>\n<p style=\"text-align: justify;\">Las solicitudes estimadas representan un 93,5% de todas las presentadas por los vecinos y ascienden a un total de 36.680 euros. El Ayuntamiento tiene previsto entregar estas ayudas lo antes posible.<\/p>\n<p style=\"text-align: justify;\">Cabe recordar que el Ayuntamiento aprob\u00f3 en el pleno del 6 de febrero de 2019 las bases reguladoras para convocar las ayudas econ\u00f3micas para paliar los da\u00f1os producidos en veh\u00edculos para el episodio de lluvias entre los d\u00edas 15 y 16 de noviembre.<\/p>\n<p style=\"text-align: justify;\">El alcalde de Alzira, Diego G\u00f3mez, ha manifestado al respecto \u00abEl Ayuntamiento, tal y como se comprometi\u00f3 con los afectados, ha hecho un esfuerzo para poder paliar, en parte, los efectos de la inundaci\u00f3n en los veh\u00edculos. De esta forma se demuestra que el Consistorio est\u00e1 al lado de los damnificados\u00bb.<\/p>\n","protected":false},"excerpt":{"rendered":"<p>Alzira, 25 de marzo de 2019.- El Ayuntamiento de Alzira ha cuantificado, tras la valoraci\u00f3n y los requisitos legales pertinentes, 262 ayudas por los da\u00f1os ocasionados en veh\u00edculos para la \u00faltima barrancada del mes de noviembre de 2018. De esta forma, los afectados recibir\u00e1n 140 euros que representa un importe medio del impuesto de circulaci\u00f3n &hellip; <\/p>\n<p class=\"link-more\"><a href=\"https:\/\/alzira.es\/es\/el-ayuntamiento-concede-262-ayudas-de-140-euros-para-los-vehiculos-afectados-por-la-riada\/\" class=\"more-link\">Continuar leyendo<span class=\"screen-reader-text\"> \u00abEl Ayuntamiento concede 262 ayudas de 140 euros para los veh\u00edculos afectados por la barrancada\u00bb<\/span><\/a><\/p>\n","protected":false},"author":12,"featured_media":39900,"comment_status":"","ping_status":"","sticky":false,"template":"","format":"standard","meta":{"_acf_changed":false,"footnotes":""},"categories":[4936],"tags":[],"class_list":["post-39903","post","type-post","status-publish","format-standard","has-post-thumbnail","hentry","category-hemeroteca-es"],"acf":[],"_links":{"self":[{"href":"https:\/\/alzira.es\/es\/wp-json\/wp\/v2\/posts\/39903","targetHints":{"allow":["GET"]}}],"collection":[{"href":"https:\/\/alzira.es\/es\/wp-json\/wp\/v2\/posts"}],"about":[{"href":"https:\/\/alzira.es\/es\/wp-json\/wp\/v2\/types\/post"}],"author":[{"embeddable":true,"href":"https:\/\/alzira.es\/es\/wp-json\/wp\/v2\/users\/12"}],"replies":[{"embeddable":true,"href":"https:\/\/alzira.es\/es\/wp-json\/wp\/v2\/comments?post=39903"}],"version-history":[{"count":0,"href":"https:\/\/alzira.es\/es\/wp-json\/wp\/v2\/posts\/39903\/revisions"}],"wp:featuredmedia":[{"embeddable":true,"href":"https:\/\/alzira.es\/es\/wp-json\/wp\/v2\/media\/39900"}],"wp:attachment":[{"href":"https:\/\/alzira.es\/es\/wp-json\/wp\/v2\/media?parent=39903"}],"wp:term":[{"taxonomy":"category","embeddable":true,"href":"https:\/\/alzira.es\/es\/wp-json\/wp\/v2\/categories?post=39903"},{"taxonomy":"post_tag","embeddable":true,"href":"https:\/\/alzira.es\/es\/wp-json\/wp\/v2\/tags?post=39903"}],"curies":[{"name":"wp","href":"https:\/\/api.w.org\/{rel}","templated":true}]}}