{"id":39896,"date":"2019-03-25T12:27:14","date_gmt":"2019-03-25T11:27:14","guid":{"rendered":"https:\/\/alzira.es\/dona-klorica-l-espectacle-flamenc-arriba-a-alzira\/"},"modified":"2019-03-25T12:27:14","modified_gmt":"2019-03-25T11:27:14","slug":"dona-klorica-l-espectacle-flamenc-arriba-a-alzira","status":"publish","type":"post","link":"https:\/\/alzira.es\/es\/dona-klorica-l-espectacle-flamenc-arriba-a-alzira\/","title":{"rendered":"\u201cDona Kl\u00f3rica\u201d, l\u2019espectacle flamenc, arriba a Alzira"},"content":{"rendered":"<p style=\"text-align: justify;\"><strong><a href=\"https:\/\/alzira.es\/wp-content\/uploads\/2019\/03\/Cartel_AliciaCarrasco-01.jpg\" target=\"_blank\" rel=\"noopener\"><img fetchpriority=\"high\" decoding=\"async\" class=\" alignleft size-full wp-image-39895\" style=\"margin-right: 10px; float: left;\" title=\"\u201cDona Kl\u00f3rica\u201d, l\u2019espectacle flamenc, arriba a Alzira\" src=\"https:\/\/alzira.es\/wp-content\/uploads\/2019\/03\/Cartel_AliciaCarrasco-01.jpg\" alt=\"Cartel AliciaCarrasco-01\" width=\"491\" height=\"600\" \/><\/a>Alzira, 25 de mar\u00e7 de 2019.-<\/strong> Es presenta en el barri alzireny de l&#8217;Alquerieta una de les propostes m\u00e9s interessants del panorama musical flamenc del nostre pa\u00eds, \u00abDona Kl\u00f3rica: Els b\u00e9ns de la terra\u00bb.<\/p>\n<p style=\"text-align: justify;\">El diumenge 31 de mar\u00e7 actuar\u00e0 a l&#8217;Alquerieta el grup musical d&#8217;Algesires Dona Kl\u00f3rica, format per la cantaora Alicia Carrasco i el guitarrista Jos\u00e9 Manuel Le\u00f3n que, al costat del percussionista Sergio Mart\u00ednez, repassaran els seus millors temes i presentaran el seu \u00faltim disc, Els b\u00e9ns de la terra. Ser\u00e0 a partir de les 12.00 h al carrer Arapiles.<\/p>\n<p style=\"text-align: justify;\">Dona Kl\u00f3rica se servix de la m\u00fasica flamenca per a reivindicar i posar en relleu realitats socials injustes i reflexionar sobre les migracions o el rol que la dona ha experimentat durant els \u00faltims 25 anys en la nostra societat; una dona capa\u00e7, avantguardista, m\u00e9s lluitadora que mai i disposada a mirar al m\u00f3n de front.<\/p>\n<p style=\"text-align: justify;\">\u00c9s este afany d&#8217;unir art i societat el que els ha portat fins al barri de l&#8217;Alquerieta, on en 2018 es va celebrar el Festival de Murals Participatius AlqueriARTE. Un grup de dones del barri va realitzar un mural, guiades per l&#8217;artista local Empar Piera (Empargrafia). El tema del mural girava entorn de la dona, per la qual cosa es va utilitzar una frase de Dona Kl\u00f3rica: \u00abLa llibertat \u00e9s un tren que per molt tard que arribe t\u00e9 nom de dona\u00bb, escrita per Juan Jos\u00e9 T\u00e9llez. \u00c9s aix\u00ed com naix una relaci\u00f3 que porta a Alicia Carrasco i Jos\u00e9 Manuel Le\u00f3n a visitar-les, tot un luxe per a Alzira.<\/p>\n<p style=\"text-align: justify;\">Alicia Carrasco \u00e9s autodidacta, amb una destacada veu que transmet una gran energia, t\u00e9 una \u00e0mplia carrera professional que l&#8217;ha portada a guanyar el primer premi del festival internacional World Music de Veu i Guitarra d&#8217;Alemanya en 2010. Jos\u00e9 Manuel Le\u00f3n ve de fam\u00edlia d&#8217;artistes i des dels 11 anys ha begut de l&#8217;art del gran Salvador Andrades. Un geni del comp\u00e0s amb mestissatge d&#8217;avantguarda que t\u00e9 ja un disc i va cam\u00ed del segon amb Mart\u00edn Leiton. Junts han actuat en importants ciutats com Mont-real, Frankfurt, Par\u00eds o Londres, al mateix temps que han recorregut gran part de la geografia espanyola.<\/p>\n<p style=\"text-align: justify;\">L&#8217;activitat es realitzar\u00e0 gr\u00e0cies al finan\u00e7ament de l&#8217;Ajuntament d&#8217;Alzira, a trav\u00e9s de les regidories de Serveis Socials i Innovaci\u00f3 Social i de Cultura, i el suport de la Fundaci\u00f3 Cepaim, a trav\u00e9s del seu projecte de desenvolupament comunitari Alzira Diversa.<strong><br \/><\/strong><\/p>\n","protected":false},"excerpt":{"rendered":"<p>Alzira, 25 de mar\u00e7 de 2019.- Es presenta en el barri alzireny de l&#8217;Alquerieta una de les propostes m\u00e9s interessants del panorama musical flamenc del nostre pa\u00eds, \u00abDona Kl\u00f3rica: Els b\u00e9ns de la terra\u00bb. El diumenge 31 de mar\u00e7 actuar\u00e0 a l&#8217;Alquerieta el grup musical d&#8217;Algesires Dona Kl\u00f3rica, format per la cantaora Alicia Carrasco i &hellip; <\/p>\n<p class=\"link-more\"><a href=\"https:\/\/alzira.es\/es\/dona-klorica-l-espectacle-flamenc-arriba-a-alzira\/\" class=\"more-link\">Continuar leyendo<span class=\"screen-reader-text\"> \u00ab\u201cDona Kl\u00f3rica\u201d, l\u2019espectacle flamenc, arriba a Alzira\u00bb<\/span><\/a><\/p>\n","protected":false},"author":12,"featured_media":39895,"comment_status":"","ping_status":"","sticky":false,"template":"","format":"standard","meta":{"_acf_changed":false,"footnotes":""},"categories":[],"tags":[],"class_list":["post-39896","post","type-post","status-publish","format-standard","has-post-thumbnail","hentry"],"acf":[],"_links":{"self":[{"href":"https:\/\/alzira.es\/es\/wp-json\/wp\/v2\/posts\/39896","targetHints":{"allow":["GET"]}}],"collection":[{"href":"https:\/\/alzira.es\/es\/wp-json\/wp\/v2\/posts"}],"about":[{"href":"https:\/\/alzira.es\/es\/wp-json\/wp\/v2\/types\/post"}],"author":[{"embeddable":true,"href":"https:\/\/alzira.es\/es\/wp-json\/wp\/v2\/users\/12"}],"replies":[{"embeddable":true,"href":"https:\/\/alzira.es\/es\/wp-json\/wp\/v2\/comments?post=39896"}],"version-history":[{"count":0,"href":"https:\/\/alzira.es\/es\/wp-json\/wp\/v2\/posts\/39896\/revisions"}],"wp:featuredmedia":[{"embeddable":true,"href":"https:\/\/alzira.es\/es\/wp-json\/wp\/v2\/media\/39895"}],"wp:attachment":[{"href":"https:\/\/alzira.es\/es\/wp-json\/wp\/v2\/media?parent=39896"}],"wp:term":[{"taxonomy":"category","embeddable":true,"href":"https:\/\/alzira.es\/es\/wp-json\/wp\/v2\/categories?post=39896"},{"taxonomy":"post_tag","embeddable":true,"href":"https:\/\/alzira.es\/es\/wp-json\/wp\/v2\/tags?post=39896"}],"curies":[{"name":"wp","href":"https:\/\/api.w.org\/{rel}","templated":true}]}}