{"id":39889,"date":"2019-03-22T16:00:00","date_gmt":"2019-03-22T15:00:00","guid":{"rendered":"https:\/\/alzira.es\/?p=39889"},"modified":"2019-03-22T16:00:00","modified_gmt":"2019-03-22T14:00:00","slug":"alzira-rebaixa-el-deute-mes-de-10-milions-en-quatre-anys","status":"publish","type":"post","link":"https:\/\/alzira.es\/es\/alzira-rebaixa-el-deute-mes-de-10-milions-en-quatre-anys\/","title":{"rendered":"Alzira rebaixa el deute m\u00e9s de 10 milions en quatre anys"},"content":{"rendered":"<p style=\"text-align: justify;\"><strong><a href=\"https:\/\/alzira.es\/wp-content\/uploads\/2019\/03\/EVOLUCIO_REDUCCIO_ENDEUTAMENT_2019_marzo_ayto-10.jpg\" target=\"_blank\" rel=\"noopener\"><img fetchpriority=\"high\" decoding=\"async\" class=\" alignleft size-full wp-image-39885\" style=\"margin-right: 10px; float: left;\" title=\"Alzira rebaixa el deute m\u00e9s de 10 milions en quatre anys\" src=\"https:\/\/alzira.es\/wp-content\/uploads\/2019\/03\/EVOLUCIO_REDUCCIO_ENDEUTAMENT_2019_marzo_ayto-10.jpg\" alt=\"EVOLUCI\u00d3 REDUCCI\u00d3 ENDEUTAMENT 2019 marzo ayto-10\" width=\"600\" height=\"346\" srcset=\"https:\/\/alzira.es\/wp-content\/uploads\/2019\/03\/EVOLUCIO_REDUCCIO_ENDEUTAMENT_2019_marzo_ayto-10.jpg 1149w, https:\/\/alzira.es\/wp-content\/uploads\/2019\/03\/EVOLUCIO_REDUCCIO_ENDEUTAMENT_2019_marzo_ayto-10-680x392.jpg 680w, https:\/\/alzira.es\/wp-content\/uploads\/2019\/03\/EVOLUCIO_REDUCCIO_ENDEUTAMENT_2019_marzo_ayto-10-768x442.jpg 768w\" sizes=\"(max-width: 600px) 100vw, 600px\" \/><\/a>Alzira, 22 de marzo de 2019.<\/strong> El concejal de Econom\u00eda y Hacienda, Albert Furi\u00f3, ha anunciado la amortizaci\u00f3n anticipada de 1 M\u20ac de la deuda que el Ayuntamiento tiene con los bancos, lo que acredita la solvencia de la hacienda local.<\/p>\n<p style=\"text-align: justify;\">De este modo, siguiendo la pol\u00edtica de reducci\u00f3n de la deuda municipal de los \u00faltimos cuatro a\u00f1os ya son m\u00e1s de 10 M\u20ac de rebaja del endeudamiento del Ayuntamiento de Alzira.<\/p>\n<p style=\"text-align: justify;\">Esta amortizaci\u00f3n extraordinaria de 1 M\u20ac representa un ahorro de 80.000 euros en intereses.<\/p>\n<p style=\"text-align: justify;\">El concejal de Econom\u00eda y Hacienda, Albert Furi\u00f3, se muestra satisfecho por las positivas cifras de los \u00faltimos cuatro a\u00f1os. \u00abEsta reducci\u00f3n de la deuda es fruto de una gesti\u00f3n responsable y planificada y de las pol\u00edticas orientadas al saneamiento de las cuentas del Ayuntamiento. Esta gesti\u00f3n, junto a la reducci\u00f3n de los tributos municipales, demuestra la solvencia del Ayuntamiento de Alzira\u00bb.<\/p>\n<p style=\"text-align: justify;\">En 2015 el Ayuntamiento, despu\u00e9s de 12 a\u00f1os gobernando el PP, ten\u00eda una deuda de m\u00e1s de 16 M\u20ac, y despu\u00e9s de las medidas aplicadas en los \u00faltimos cuatro a\u00f1os por el actual equipo de gobierno, esta cantidad se sit\u00faa en los 6.055.131,73 \u20ac. Esta cifra por habitante supone que en 2015 hab\u00eda una deuda a los bancos por cada residente alzire\u00f1o de 364\u20ac y ahora es de 135\u20ac por alzire\u00f1o.<\/p>\n<p style=\"text-align: justify;\">El objetivo de la Concejal\u00eda es continuar con la reducci\u00f3n progresiva de la deuda para que los recursos destinados a pagar intereses puedan servir para aumentar las pol\u00edticas sociales o para reducir los impuestos a los alzire\u00f1os y alzire\u00f1as. \u00abSe puede gobernar y gestionar para las personas, aumentando la inversi\u00f3n social y garantizando la protecci\u00f3n de los m\u00e1s vulnerables\u00bb, asegura Albert Furi\u00f3.<\/p>\n<p style=\"text-align: justify;\">Al inicio de la legistatura el Ayuntamiento ten\u00eda 13 operaciones de cr\u00e9dito y el actual equipo de gobierno cerrar\u00e1 2019 con tan s\u00f3lo cuatro pr\u00e9stamos pendientes.<\/p>\n<p style=\"text-align: justify;\">El alcalde, Diego G\u00f3mez, ha reivindicado \u00abla buena gesti\u00f3n econ\u00f3mica de la legislatura, reduciendo la deuda, bajando impuestos y consiguiendo con la Generalitat m\u00e1s recursos para la ciudad de Alzira\u00bb.<\/p>\n","protected":false},"excerpt":{"rendered":"<p>Alzira, 22 de marzo de 2019. El concejal de Econom\u00eda y Hacienda, Albert Furi\u00f3, ha anunciado la amortizaci\u00f3n anticipada de 1 M\u20ac de la deuda que el Ayuntamiento tiene con los bancos, lo que acredita la solvencia de la hacienda local. De este modo, siguiendo la pol\u00edtica de reducci\u00f3n de la deuda municipal de los &hellip; <\/p>\n<p class=\"link-more\"><a href=\"https:\/\/alzira.es\/es\/alzira-rebaixa-el-deute-mes-de-10-milions-en-quatre-anys\/\" class=\"more-link\">Continuar leyendo<span class=\"screen-reader-text\"> \u00abAlzira rebaixa el deute m\u00e9s de 10 milions en quatre anys\u00bb<\/span><\/a><\/p>\n","protected":false},"author":12,"featured_media":39885,"comment_status":"","ping_status":"","sticky":false,"template":"","format":"standard","meta":{"_acf_changed":false,"footnotes":""},"categories":[],"tags":[],"class_list":["post-39889","post","type-post","status-publish","format-standard","has-post-thumbnail","hentry"],"acf":[],"_links":{"self":[{"href":"https:\/\/alzira.es\/es\/wp-json\/wp\/v2\/posts\/39889","targetHints":{"allow":["GET"]}}],"collection":[{"href":"https:\/\/alzira.es\/es\/wp-json\/wp\/v2\/posts"}],"about":[{"href":"https:\/\/alzira.es\/es\/wp-json\/wp\/v2\/types\/post"}],"author":[{"embeddable":true,"href":"https:\/\/alzira.es\/es\/wp-json\/wp\/v2\/users\/12"}],"replies":[{"embeddable":true,"href":"https:\/\/alzira.es\/es\/wp-json\/wp\/v2\/comments?post=39889"}],"version-history":[{"count":0,"href":"https:\/\/alzira.es\/es\/wp-json\/wp\/v2\/posts\/39889\/revisions"}],"wp:featuredmedia":[{"embeddable":true,"href":"https:\/\/alzira.es\/es\/wp-json\/wp\/v2\/media\/39885"}],"wp:attachment":[{"href":"https:\/\/alzira.es\/es\/wp-json\/wp\/v2\/media?parent=39889"}],"wp:term":[{"taxonomy":"category","embeddable":true,"href":"https:\/\/alzira.es\/es\/wp-json\/wp\/v2\/categories?post=39889"},{"taxonomy":"post_tag","embeddable":true,"href":"https:\/\/alzira.es\/es\/wp-json\/wp\/v2\/tags?post=39889"}],"curies":[{"name":"wp","href":"https:\/\/api.w.org\/{rel}","templated":true}]}}