{"id":39881,"date":"2019-03-22T13:12:53","date_gmt":"2019-03-22T12:12:53","guid":{"rendered":"https:\/\/alzira.es\/jornada-nacional-de-tecnica\/"},"modified":"2021-09-02T01:39:25","modified_gmt":"2021-09-01T23:39:25","slug":"jornada-nacional-de-tecnica","status":"publish","type":"post","link":"https:\/\/alzira.es\/es\/jornada-nacional-de-tecnica\/","title":{"rendered":"JORNADA NACIONAL DE T\u00c9CNICA"},"content":{"rendered":"<p>Los levantadores, TiHara Gisell Saldivar Gasc\u00f3n ,Marta Esparcia Mata e Izan Perez Calatayud con el entrenador Juan Carlos Presencia se trasladan hoy a madrid para participar en la Jornada Nacional de T\u00e9cnica. Los tres participantes competir\u00e1n a las 10.00 horas del d\u00eda 23 de marzo en las instalaciones del Consejo Superior de Deportes.<\/p>\n<p style=\"text-align: center;\"><a href=\"https:\/\/alzira.es\/wp-content\/uploads\/2019\/03\/HALTEROFILIA_11111.jpg\" target=\"_blank\" rel=\"noopener\"><img fetchpriority=\"high\" decoding=\"async\" width=\"1200\" height=\"800\" class=\" size-full wp-image-39879\" src=\"https:\/\/alzira.es\/wp-content\/uploads\/2019\/03\/HALTEROFILIA_11111.jpg\" alt=\"HALTEROFILIA 11111\" srcset=\"https:\/\/alzira.es\/wp-content\/uploads\/2019\/03\/HALTEROFILIA_11111.jpg 1200w, https:\/\/alzira.es\/wp-content\/uploads\/2019\/03\/HALTEROFILIA_11111-680x453.jpg 680w, https:\/\/alzira.es\/wp-content\/uploads\/2019\/03\/HALTEROFILIA_11111-768x512.jpg 768w\" sizes=\"(max-width: 706px) 89vw, (max-width: 767px) 82vw, 740px\" \/><\/a><a href=\"contenidos\/HALTROFILIA_111.jpg\" target=\"_blank\" rel=\"noopener\"><img decoding=\"async\" data-src=\"contenidos\/HALTROFILIA_111.jpg\" alt=\"HALTROFILIA 111\" width=\"450\" height=\"300\" src=\"data:image\/svg+xml;base64,PHN2ZyB3aWR0aD0iMSIgaGVpZ2h0PSIxIiB4bWxucz0iaHR0cDovL3d3dy53My5vcmcvMjAwMC9zdmciPjwvc3ZnPg==\" class=\"lazyload\" style=\"--smush-placeholder-width: 450px; --smush-placeholder-aspect-ratio: 450\/300;\" \/><\/a><\/p>\n<p>&nbsp;<\/p>\n","protected":false},"excerpt":{"rendered":"<p>Los levantadores, TiHara Gisell Saldivar Gasc\u00f3n ,Marta Esparcia Mata e Izan Perez Calatayud con el entrenador Juan Carlos Presencia se trasladan hoy a madrid para participar en la Jornada Nacional de T\u00e9cnica. Los tres participantes competir\u00e1n a las 10.00 horas del d\u00eda 23 de marzo en las instalaciones del Consejo Superior de Deportes. &nbsp;<\/p>\n","protected":false},"author":29,"featured_media":39879,"comment_status":"closed","ping_status":"","sticky":false,"template":"","format":"standard","meta":{"_acf_changed":false,"footnotes":""},"categories":[],"tags":[],"class_list":["post-39881","post","type-post","status-publish","format-standard","has-post-thumbnail","hentry"],"acf":[],"_links":{"self":[{"href":"https:\/\/alzira.es\/es\/wp-json\/wp\/v2\/posts\/39881","targetHints":{"allow":["GET"]}}],"collection":[{"href":"https:\/\/alzira.es\/es\/wp-json\/wp\/v2\/posts"}],"about":[{"href":"https:\/\/alzira.es\/es\/wp-json\/wp\/v2\/types\/post"}],"author":[{"embeddable":true,"href":"https:\/\/alzira.es\/es\/wp-json\/wp\/v2\/users\/29"}],"replies":[{"embeddable":true,"href":"https:\/\/alzira.es\/es\/wp-json\/wp\/v2\/comments?post=39881"}],"version-history":[{"count":1,"href":"https:\/\/alzira.es\/es\/wp-json\/wp\/v2\/posts\/39881\/revisions"}],"predecessor-version":[{"id":88827,"href":"https:\/\/alzira.es\/es\/wp-json\/wp\/v2\/posts\/39881\/revisions\/88827"}],"wp:featuredmedia":[{"embeddable":true,"href":"https:\/\/alzira.es\/es\/wp-json\/wp\/v2\/media\/39879"}],"wp:attachment":[{"href":"https:\/\/alzira.es\/es\/wp-json\/wp\/v2\/media?parent=39881"}],"wp:term":[{"taxonomy":"category","embeddable":true,"href":"https:\/\/alzira.es\/es\/wp-json\/wp\/v2\/categories?post=39881"},{"taxonomy":"post_tag","embeddable":true,"href":"https:\/\/alzira.es\/es\/wp-json\/wp\/v2\/tags?post=39881"}],"curies":[{"name":"wp","href":"https:\/\/api.w.org\/{rel}","templated":true}]}}