{"id":39865,"date":"2019-03-22T12:16:50","date_gmt":"2019-03-22T11:16:50","guid":{"rendered":"https:\/\/alzira.es\/alzira-aprueba-dos-nuevos-proyectos-de-accesibilidad-y-pavimentacion-de-viales-en-los-que-se-invertiran-mas-de-100-000-en-la-ciudad\/"},"modified":"2019-03-22T12:16:50","modified_gmt":"2019-03-22T11:16:50","slug":"alzira-aprueba-dos-nuevos-proyectos-de-accesibilidad-y-pavimentacion-de-viales-en-los-que-se-invertiran-mas-de-100-000-en-la-ciudad","status":"publish","type":"post","link":"https:\/\/alzira.es\/es\/alzira-aprueba-dos-nuevos-proyectos-de-accesibilidad-y-pavimentacion-de-viales-en-los-que-se-invertiran-mas-de-100-000-en-la-ciudad\/","title":{"rendered":"Alzira aprueba dos nuevos proyectos de accesibilidad y pavimentaci\u00f3n de viales, en los que se invertir\u00e1n m\u00e1s de 100.000 \u20ac en la ciudad"},"content":{"rendered":"<p style=\"text-align: justify;\"><strong><a href=\"https:\/\/alzira.es\/wp-content\/uploads\/2019\/03\/51570575_1233988776753787_6859874365912121344_o.jpg\" target=\"_blank\" rel=\"noopener\"><img fetchpriority=\"high\" decoding=\"async\" class=\" alignleft size-full wp-image-39862\" style=\"margin-right: 10px; float: left;\" title=\"Alzira aprueba dos nuevos proyectos de accesibilidad y pavimentaci\u00f3n de viales, en los que se invertir\u00e1n m\u00e1s de 100.000 \u20ac en la ciudad\" src=\"https:\/\/alzira.es\/wp-content\/uploads\/2019\/03\/51570575_1233988776753787_6859874365912121344_o.jpg\" alt=\"51570575 1233988776753787 6859874365912121344 o\" width=\"600\" height=\"450\" srcset=\"https:\/\/alzira.es\/wp-content\/uploads\/2019\/03\/51570575_1233988776753787_6859874365912121344_o.jpg 1600w, https:\/\/alzira.es\/wp-content\/uploads\/2019\/03\/51570575_1233988776753787_6859874365912121344_o-680x510.jpg 680w, https:\/\/alzira.es\/wp-content\/uploads\/2019\/03\/51570575_1233988776753787_6859874365912121344_o-1430x1072.jpg 1430w, https:\/\/alzira.es\/wp-content\/uploads\/2019\/03\/51570575_1233988776753787_6859874365912121344_o-768x576.jpg 768w, https:\/\/alzira.es\/wp-content\/uploads\/2019\/03\/51570575_1233988776753787_6859874365912121344_o-1536x1152.jpg 1536w\" sizes=\"(max-width: 600px) 100vw, 600px\" \/><\/a>Alzira, 22 de marzo de 2019 &#8211;<\/strong> Alzira cuenta con dos nuevos proyectos de actuaci\u00f3n en las calles de la ciudad que llevar\u00e1 a cabo la Concejal\u00eda de Gesti\u00f3n Urban\u00edstica. Uno de estos consiste en la mejora de la accesibilidad que se realizar\u00e1 en el barrio de Sants Patrons, concretamente los vados peatonales de las calles Albufera, Cardenal Vera, Sagunt y la Uni\u00f3, con una dotaci\u00f3n de 30.000 euros.<\/p>\n<p style=\"text-align: justify;\">El segundo de los proyectos aprobados en los \u00faltimos d\u00edas por el Ayuntamiento de Alzira aborda obras de pavimentaci\u00f3n tanto de las calles Jes\u00fas \u00c1lvarez, Virgen de la Murta, Virgen del Lluch, Gandia y Doctor Fleming, como de las avenidas profesora Mar\u00eda Plasencia y Maestra Josefina Fern\u00e1ndez. Este proyecto cuenta con una inversi\u00f3n de 74.430 euros.<\/p>\n<p style=\"text-align: justify;\">Fernando Pascual, concejal de Geti\u00f3n Urban\u00edstica, ha declarado al respecto \u00abAlzira est\u00e1 convirti\u00e9ndose en una ciudad m\u00e1s accesible, abierta y saludable. Buena muestra de ello son las mejoras que se han realizado en nuestras calles, pensando en la necesidad de la ciudadan\u00eda. Con los dos proyectos que se han aprobado, tanto de accesibilidad como de pavimentaci\u00f3n de viales, continuamos abriendo la ciudad y haci\u00e9ndola m\u00e1s c\u00f3moda para todas y todos. Como ya hemos declarado en otras ocasiones, facilitar la accesibilidad en las calles de la ciudad mejora enormemente el tr\u00e1nsito de los peatones. Sin duda este es uno de los objetivos que est\u00e1 cumpliendo desde la Concejal\u00eda de Gesti\u00f3n Urban\u00edstica\u00bb.<\/p>\n","protected":false},"excerpt":{"rendered":"<p>Alzira, 22 de marzo de 2019 &#8211; Alzira cuenta con dos nuevos proyectos de actuaci\u00f3n en las calles de la ciudad que llevar\u00e1 a cabo la Concejal\u00eda de Gesti\u00f3n Urban\u00edstica. Uno de estos consiste en la mejora de la accesibilidad que se realizar\u00e1 en el barrio de Sants Patrons, concretamente los vados peatonales de las &hellip; <\/p>\n<p class=\"link-more\"><a href=\"https:\/\/alzira.es\/es\/alzira-aprueba-dos-nuevos-proyectos-de-accesibilidad-y-pavimentacion-de-viales-en-los-que-se-invertiran-mas-de-100-000-en-la-ciudad\/\" class=\"more-link\">Continuar leyendo<span class=\"screen-reader-text\"> \u00abAlzira aprueba dos nuevos proyectos de accesibilidad y pavimentaci\u00f3n de viales, en los que se invertir\u00e1n m\u00e1s de 100.000 \u20ac en la ciudad\u00bb<\/span><\/a><\/p>\n","protected":false},"author":12,"featured_media":39862,"comment_status":"","ping_status":"","sticky":false,"template":"","format":"standard","meta":{"_acf_changed":false,"footnotes":""},"categories":[4936],"tags":[],"class_list":["post-39865","post","type-post","status-publish","format-standard","has-post-thumbnail","hentry","category-hemeroteca-es"],"acf":[],"_links":{"self":[{"href":"https:\/\/alzira.es\/es\/wp-json\/wp\/v2\/posts\/39865","targetHints":{"allow":["GET"]}}],"collection":[{"href":"https:\/\/alzira.es\/es\/wp-json\/wp\/v2\/posts"}],"about":[{"href":"https:\/\/alzira.es\/es\/wp-json\/wp\/v2\/types\/post"}],"author":[{"embeddable":true,"href":"https:\/\/alzira.es\/es\/wp-json\/wp\/v2\/users\/12"}],"replies":[{"embeddable":true,"href":"https:\/\/alzira.es\/es\/wp-json\/wp\/v2\/comments?post=39865"}],"version-history":[{"count":0,"href":"https:\/\/alzira.es\/es\/wp-json\/wp\/v2\/posts\/39865\/revisions"}],"wp:featuredmedia":[{"embeddable":true,"href":"https:\/\/alzira.es\/es\/wp-json\/wp\/v2\/media\/39862"}],"wp:attachment":[{"href":"https:\/\/alzira.es\/es\/wp-json\/wp\/v2\/media?parent=39865"}],"wp:term":[{"taxonomy":"category","embeddable":true,"href":"https:\/\/alzira.es\/es\/wp-json\/wp\/v2\/categories?post=39865"},{"taxonomy":"post_tag","embeddable":true,"href":"https:\/\/alzira.es\/es\/wp-json\/wp\/v2\/tags?post=39865"}],"curies":[{"name":"wp","href":"https:\/\/api.w.org\/{rel}","templated":true}]}}