{"id":39824,"date":"2019-03-21T13:32:53","date_gmt":"2019-03-21T12:32:53","guid":{"rendered":"https:\/\/alzira.es\/les-necessitats-del-cementeri-municipal-han-requerit-actuacions-i-obres-amb-un-cost-aproximat-d-1-000-000-d-euros\/"},"modified":"2019-03-21T13:32:53","modified_gmt":"2019-03-21T12:32:53","slug":"les-necessitats-del-cementeri-municipal-han-requerit-actuacions-i-obres-amb-un-cost-aproximat-d-1-000-000-d-euros","status":"publish","type":"post","link":"https:\/\/alzira.es\/es\/les-necessitats-del-cementeri-municipal-han-requerit-actuacions-i-obres-amb-un-cost-aproximat-d-1-000-000-d-euros\/","title":{"rendered":"Les necessitats del cementeri municipal han requerit actuacions i obres amb un cost aproximat d\u20191.000.000 d\u2019euros"},"content":{"rendered":"<p style=\"text-align: justify;\"><strong><a href=\"https:\/\/alzira.es\/wp-content\/uploads\/2019\/03\/IMG-20190321-WA0014.jpg\" target=\"_blank\" rel=\"noopener\"><img fetchpriority=\"high\" decoding=\"async\" class=\" alignleft size-full wp-image-39820\" style=\"margin-right: 10px; float: left;\" title=\"Les necessitats del cementeri municipal han requerit actuacions i obres amb un cost aproximat d\u20191.000.000 d\u2019euros\" src=\"https:\/\/alzira.es\/wp-content\/uploads\/2019\/03\/IMG-20190321-WA0014.jpg\" alt=\"IMG-20190321-WA0014\" width=\"600\" height=\"450\" srcset=\"https:\/\/alzira.es\/wp-content\/uploads\/2019\/03\/IMG-20190321-WA0014.jpg 1600w, https:\/\/alzira.es\/wp-content\/uploads\/2019\/03\/IMG-20190321-WA0014-680x510.jpg 680w, https:\/\/alzira.es\/wp-content\/uploads\/2019\/03\/IMG-20190321-WA0014-1430x1072.jpg 1430w, https:\/\/alzira.es\/wp-content\/uploads\/2019\/03\/IMG-20190321-WA0014-768x576.jpg 768w, https:\/\/alzira.es\/wp-content\/uploads\/2019\/03\/IMG-20190321-WA0014-1536x1152.jpg 1536w\" sizes=\"(max-width: 600px) 100vw, 600px\" \/><\/a>Alzira, 21 de mar\u00e7 de 2019.\u2013<\/strong> Al llarg dels \u00faltims quatre anys, per\u00edode des de l&#8217;any 2015 fins al 2018, des de la Regidoria de Gesti\u00f3 Urban\u00edstica s&#8217;han realitzat diverses actuacions per millorar les instal\u2022lacions del cementeri municipal, amb un cost de prop d&#8217;1.000.000 d&#8217;euros, i entre les quals han estat l&#8217;ampliaci\u00f3 del nombre de n\u00ednxols, concretament un total de 492, senzills, dobles i columnaris repartits en diferents blocs.<\/p>\n<p style=\"text-align: justify;\">Altres de les necessitats han sigut l&#8217;adequaci\u00f3 de l&#8217;exterior del cementeri municipal per millorar l&#8217;accessibilitat al recinte i adaptar els accessos per tal que la celebraci\u00f3 dels soterraments siga m\u00e9s c\u00f2moda per a les fam\u00edlies i, al mateix temps, afavorir l&#8217;acc\u00e9s al recinte de qualsevol persona, independentment de les seues limitacions f\u00edsiques. El projecte es va realitzar per a la rehabilitaci\u00f3 total de l&#8217;espai exterior a l&#8217;entrada de l&#8217;edifici principal a m\u00e9s de la implantaci\u00f3 de nou paviment a tota la superf\u00edcie i la instal\u2022laci\u00f3 d&#8217;arbratge que millora la seua imatge.<\/p>\n<p style=\"text-align: justify;\">Una altra de les actuacions que s&#8217;han cobert des de la Regidoria de Gesti\u00f3 Urban\u00edstica ha sigut l&#8217;adaptaci\u00f3 d&#8217;una sala d&#8217;acomiadament al cementeri municipal, per tal que els familiars puguen tindre m\u00e9s intimitat i privacitat abans d&#8217;acomiadar-se dels seus difunts.<\/p>\n<p style=\"text-align: justify;\">Segons el regidor de l&#8217;\u00e0rea responsable, Fernando Pascual, estes obres de millora han aportat al cementeri municipal una millor imatge, millor accessibilitat i s&#8217;ha dignificat amb la sala d&#8217;acomiadament. \u00ab\u00c9s important acomplir les peticions de la ciutadania, millorar tant com siga possible els edificis p\u00fablics i este, el cementeri municipal, \u00e9s un d&#8217;ells, que durant molts anys requeria necessitats imperioses de manteniment i millora\u00bb.<\/p>\n<p style=\"text-align: justify;\">&nbsp;<\/p>\n","protected":false},"excerpt":{"rendered":"<p>Alzira, 21 de mar\u00e7 de 2019.\u2013 Al llarg dels \u00faltims quatre anys, per\u00edode des de l&#8217;any 2015 fins al 2018, des de la Regidoria de Gesti\u00f3 Urban\u00edstica s&#8217;han realitzat diverses actuacions per millorar les instal\u2022lacions del cementeri municipal, amb un cost de prop d&#8217;1.000.000 d&#8217;euros, i entre les quals han estat l&#8217;ampliaci\u00f3 del nombre de &hellip; <\/p>\n<p class=\"link-more\"><a href=\"https:\/\/alzira.es\/es\/les-necessitats-del-cementeri-municipal-han-requerit-actuacions-i-obres-amb-un-cost-aproximat-d-1-000-000-d-euros\/\" class=\"more-link\">Continuar leyendo<span class=\"screen-reader-text\"> \u00abLes necessitats del cementeri municipal han requerit actuacions i obres amb un cost aproximat d\u20191.000.000 d\u2019euros\u00bb<\/span><\/a><\/p>\n","protected":false},"author":12,"featured_media":39820,"comment_status":"","ping_status":"","sticky":false,"template":"","format":"standard","meta":{"_acf_changed":false,"footnotes":""},"categories":[],"tags":[],"class_list":["post-39824","post","type-post","status-publish","format-standard","has-post-thumbnail","hentry"],"acf":[],"_links":{"self":[{"href":"https:\/\/alzira.es\/es\/wp-json\/wp\/v2\/posts\/39824","targetHints":{"allow":["GET"]}}],"collection":[{"href":"https:\/\/alzira.es\/es\/wp-json\/wp\/v2\/posts"}],"about":[{"href":"https:\/\/alzira.es\/es\/wp-json\/wp\/v2\/types\/post"}],"author":[{"embeddable":true,"href":"https:\/\/alzira.es\/es\/wp-json\/wp\/v2\/users\/12"}],"replies":[{"embeddable":true,"href":"https:\/\/alzira.es\/es\/wp-json\/wp\/v2\/comments?post=39824"}],"version-history":[{"count":0,"href":"https:\/\/alzira.es\/es\/wp-json\/wp\/v2\/posts\/39824\/revisions"}],"wp:featuredmedia":[{"embeddable":true,"href":"https:\/\/alzira.es\/es\/wp-json\/wp\/v2\/media\/39820"}],"wp:attachment":[{"href":"https:\/\/alzira.es\/es\/wp-json\/wp\/v2\/media?parent=39824"}],"wp:term":[{"taxonomy":"category","embeddable":true,"href":"https:\/\/alzira.es\/es\/wp-json\/wp\/v2\/categories?post=39824"},{"taxonomy":"post_tag","embeddable":true,"href":"https:\/\/alzira.es\/es\/wp-json\/wp\/v2\/tags?post=39824"}],"curies":[{"name":"wp","href":"https:\/\/api.w.org\/{rel}","templated":true}]}}