{"id":39823,"date":"2019-03-21T13:32:53","date_gmt":"2019-03-21T12:32:53","guid":{"rendered":"https:\/\/alzira.es\/las-necesidades-del-cementerio-han-requerido-actuaciones-y-obras-con-un-coste-aproximado-de-1-000-000-de-euros\/"},"modified":"2019-03-21T13:32:53","modified_gmt":"2019-03-21T12:32:53","slug":"las-necesidades-del-cementerio-han-requerido-actuaciones-y-obras-con-un-coste-aproximado-de-1-000-000-de-euros","status":"publish","type":"post","link":"https:\/\/alzira.es\/es\/las-necesidades-del-cementerio-han-requerido-actuaciones-y-obras-con-un-coste-aproximado-de-1-000-000-de-euros\/","title":{"rendered":"Las necesidades del cementerio han requerido actuaciones y obras con un coste aproximado de 1.000.000 de euros"},"content":{"rendered":"<p style=\"text-align: justify;\"><strong><a href=\"https:\/\/alzira.es\/wp-content\/uploads\/2019\/03\/IMG-20190321-WA0014.jpg\" target=\"_blank\" rel=\"noopener\"><img fetchpriority=\"high\" decoding=\"async\" class=\" alignleft size-full wp-image-39820\" style=\"margin-right: 10px; float: left;\" title=\"Las necesidades del cementerio han requerido actuaciones y obras con un coste aproximado de 1.000.000 de euros\" src=\"https:\/\/alzira.es\/wp-content\/uploads\/2019\/03\/IMG-20190321-WA0014.jpg\" alt=\"IMG-20190321-WA0014\" width=\"600\" height=\"450\" srcset=\"https:\/\/alzira.es\/wp-content\/uploads\/2019\/03\/IMG-20190321-WA0014.jpg 1600w, https:\/\/alzira.es\/wp-content\/uploads\/2019\/03\/IMG-20190321-WA0014-680x510.jpg 680w, https:\/\/alzira.es\/wp-content\/uploads\/2019\/03\/IMG-20190321-WA0014-1430x1072.jpg 1430w, https:\/\/alzira.es\/wp-content\/uploads\/2019\/03\/IMG-20190321-WA0014-768x576.jpg 768w, https:\/\/alzira.es\/wp-content\/uploads\/2019\/03\/IMG-20190321-WA0014-1536x1152.jpg 1536w\" sizes=\"(max-width: 600px) 100vw, 600px\" \/><\/a>Alzira, 21 de marzo de 2019.-<\/strong> En los \u00faltimos cuatro a\u00f1os, periodo desde el a\u00f1o 2015 hasta el 2018, desde la Concejal\u00eda de Gesti\u00f3n Urban\u00edstica se han realizado diversas actuaciones para mejorar las instalaciones del cementerio municipal, con un coste de cerca de 1.000.000 de euros, y entre las que han sido la ampliaci\u00f3n del n\u00famero de nichos, concretamente un total de 492, sencillos, dobles y columnaris repartidos en diferentes bloques.<\/p>\n<p style=\"text-align: justify;\">Otras de las necesidades ha sido la adecuaci\u00f3n del exterior del cementerio municipal para mejorar la accesibilidad al recinto y adaptar los accesos para que la celebraci\u00f3n de los enterramientos sea m\u00e1s c\u00f3moda para las familias y, al mismo tiempo, favorecer el acceso al recinto de cualquier persona, independientemente de sus limitaciones f\u00edsicas. El proyecto se realiz\u00f3 para la rehabilitaci\u00f3n total del espacio exterior a la entrada del edificio principal adem\u00e1s de la implantaci\u00f3n de nuevo pavimento en toda la superficie y la instalaci\u00f3n de arbolado que mejora su imagen.<\/p>\n<p style=\"text-align: justify;\">Otra de las actuaciones que se han cubierto desde la Concejal\u00eda de Gesti\u00f3n Urban\u00edstica ha sido la adaptaci\u00f3n de una sala de despido en el cementerio municipal, para que los familiares puedan tener m\u00e1s intimidad y privacidad antes de despedirse de sus difuntos.<\/p>\n<p style=\"text-align: justify;\">Seg\u00fan el concejal del \u00e1rea responsable, Fernando Pascual, estas obras de mejora han aportado en el cementerio municipal una mejor imagen, mejor accesibilidad y se ha dignificado con la sala de despido. \u00abEs importante cumplir las peticiones de la ciudadan\u00eda, mejorar en lo posible los edificios p\u00fablicos y \u00e9ste, el cementerio municipal, es uno de ellos, que durante muchos a\u00f1os requer\u00eda necesidades imperiosas de mantenimiento y mejora\u00bb.<\/p>\n","protected":false},"excerpt":{"rendered":"<p>Alzira, 21 de marzo de 2019.- En los \u00faltimos cuatro a\u00f1os, periodo desde el a\u00f1o 2015 hasta el 2018, desde la Concejal\u00eda de Gesti\u00f3n Urban\u00edstica se han realizado diversas actuaciones para mejorar las instalaciones del cementerio municipal, con un coste de cerca de 1.000.000 de euros, y entre las que han sido la ampliaci\u00f3n del &hellip; <\/p>\n<p class=\"link-more\"><a href=\"https:\/\/alzira.es\/es\/las-necesidades-del-cementerio-han-requerido-actuaciones-y-obras-con-un-coste-aproximado-de-1-000-000-de-euros\/\" class=\"more-link\">Continuar leyendo<span class=\"screen-reader-text\"> \u00abLas necesidades del cementerio han requerido actuaciones y obras con un coste aproximado de 1.000.000 de euros\u00bb<\/span><\/a><\/p>\n","protected":false},"author":12,"featured_media":39820,"comment_status":"","ping_status":"","sticky":false,"template":"","format":"standard","meta":{"_acf_changed":false,"footnotes":""},"categories":[4936],"tags":[],"class_list":["post-39823","post","type-post","status-publish","format-standard","has-post-thumbnail","hentry","category-hemeroteca-es"],"acf":[],"_links":{"self":[{"href":"https:\/\/alzira.es\/es\/wp-json\/wp\/v2\/posts\/39823","targetHints":{"allow":["GET"]}}],"collection":[{"href":"https:\/\/alzira.es\/es\/wp-json\/wp\/v2\/posts"}],"about":[{"href":"https:\/\/alzira.es\/es\/wp-json\/wp\/v2\/types\/post"}],"author":[{"embeddable":true,"href":"https:\/\/alzira.es\/es\/wp-json\/wp\/v2\/users\/12"}],"replies":[{"embeddable":true,"href":"https:\/\/alzira.es\/es\/wp-json\/wp\/v2\/comments?post=39823"}],"version-history":[{"count":0,"href":"https:\/\/alzira.es\/es\/wp-json\/wp\/v2\/posts\/39823\/revisions"}],"wp:featuredmedia":[{"embeddable":true,"href":"https:\/\/alzira.es\/es\/wp-json\/wp\/v2\/media\/39820"}],"wp:attachment":[{"href":"https:\/\/alzira.es\/es\/wp-json\/wp\/v2\/media?parent=39823"}],"wp:term":[{"taxonomy":"category","embeddable":true,"href":"https:\/\/alzira.es\/es\/wp-json\/wp\/v2\/categories?post=39823"},{"taxonomy":"post_tag","embeddable":true,"href":"https:\/\/alzira.es\/es\/wp-json\/wp\/v2\/tags?post=39823"}],"curies":[{"name":"wp","href":"https:\/\/api.w.org\/{rel}","templated":true}]}}