{"id":39816,"date":"2019-03-21T13:17:50","date_gmt":"2019-03-21T12:17:50","guid":{"rendered":"https:\/\/alzira.es\/la-escuela-de-empleo-et-formem-de-idea-presenta-en-unas-jornadas-las-actividades-realizadas-en-el-2018-2019\/"},"modified":"2019-03-21T13:17:50","modified_gmt":"2019-03-21T12:17:50","slug":"la-escuela-de-empleo-et-formem-de-idea-presenta-en-unas-jornadas-las-actividades-realizadas-en-el-2018-2019","status":"publish","type":"post","link":"https:\/\/alzira.es\/es\/la-escuela-de-empleo-et-formem-de-idea-presenta-en-unas-jornadas-las-actividades-realizadas-en-el-2018-2019\/","title":{"rendered":"La escuela de empleo Et Formem de idea presenta en unas jornadas las actividades realizadas en el 2018-2019"},"content":{"rendered":"<p style=\"text-align: justify;\"><strong>Alzira, 21 de marzo del 2019.<\/strong> La Escuela de Empleo de actividades en conservaci\u00f3n y mejora de montes <span style=\"font-size: 14.4px;\">Et Formem<\/span>, a trav\u00e9s de la concejal\u00eda de Desarrollo Econ\u00f3mico, Trabajo y Proyectos Europeos e IDEA, ha presentado unas jornadas donde el alumnado est\u00e1 explicando las actividades que han llevado a cabo en Alzira.<\/p>\n<p style=\"text-align: justify;\">Hoy 21 de marzo se han programado unos talleres en la Plaza Mayor con exposici\u00f3n fotogr\u00e1fica y materiales realizados, adem\u00e1s de una exhibici\u00f3n de los equipos de intervenci\u00f3n de los bomberos forestales. Las jornadas continuar\u00e1n ma\u00f1ana viernes, en el sal\u00f3n de plenos del Ayuntamiento, para poner en valor las tareas de mantenimiento de nuestras monta\u00f1as y prevenci\u00f3n de incendios, con la participaci\u00f3n del departamento de Medio Ambiente del Ayuntamiento de Alzira, los bomberos forestales de la Generalitat Valenciana, agentes forestales de la Consejer\u00eda de Agricultura y Medio Ambiente, as\u00ed como la colaboraci\u00f3n con entidades de nuestra ciudad como la Granja de Bichos.<\/p>\n<p style=\"text-align: justify;\">Seg\u00fan explic\u00f3 Iv\u00e1n Mart\u00ednez, concejal responsable del \u00e1rea \u00abla Escuela de Empleo Et Formem ha desarrollado dos certificados para 10 alumnos con unos contratos de formaci\u00f3n de 16 meses en total, con una inversi\u00f3n de LABORA (antiguo SERVEF) de 200.000 euros. Las tareas que han desarrollado como auxiliares en conservaci\u00f3n y mejora de montes se han centrado en tres puntos de Alzira: la Murta, la Casella y la acera del R\u00edo J\u00facar, destacando limpieza de barrancos, acondicionamiento de terrenos, plantaci\u00f3n de semillas, etc. A trav\u00e9s de estas jornadas se ha dado a conocer su aportaci\u00f3n a la ciudad de Alzira, mientras el alumnado ha conseguido una mejor formaci\u00f3n, la obtenci\u00f3n de certificados de profesionalidad y se les dan oportunidades de inserci\u00f3n laboral\u00bb.<\/p>\n<p style=\"text-align: center;\"><a href=\"https:\/\/alzira.es\/wp-content\/uploads\/2019\/03\/20190321_100232.jpg\" target=\"_blank\" rel=\"noopener\"><img fetchpriority=\"high\" decoding=\"async\" class=\" size-full wp-image-39809\" title=\"La escuela de empleo Et Formem de idea presenta en unas jornadas las actividades realizadas en el 2018-2019\" src=\"https:\/\/alzira.es\/wp-content\/uploads\/2019\/03\/20190321_100232.jpg\" alt=\"20190321 100232\" width=\"400\" height=\"300\" srcset=\"https:\/\/alzira.es\/wp-content\/uploads\/2019\/03\/20190321_100232.jpg 1200w, https:\/\/alzira.es\/wp-content\/uploads\/2019\/03\/20190321_100232-680x510.jpg 680w, https:\/\/alzira.es\/wp-content\/uploads\/2019\/03\/20190321_100232-768x576.jpg 768w\" sizes=\"(max-width: 400px) 100vw, 400px\" \/><\/a>&nbsp;<a href=\"https:\/\/alzira.es\/wp-content\/uploads\/2019\/03\/20190321_100244.jpg\" target=\"_blank\" rel=\"noopener\"><img decoding=\"async\" class=\"size-full wp-image-39812 lazyload\" title=\"La escuela de empleo Et Formem de idea presenta en unas jornadas las actividades realizadas en el 2018-2019\" data-src=\"https:\/\/alzira.es\/wp-content\/uploads\/2019\/03\/20190321_100244.jpg\" alt=\"20190321 100244\" width=\"400\" height=\"300\" data-srcset=\"https:\/\/alzira.es\/wp-content\/uploads\/2019\/03\/20190321_100244.jpg 1200w, https:\/\/alzira.es\/wp-content\/uploads\/2019\/03\/20190321_100244-680x510.jpg 680w, https:\/\/alzira.es\/wp-content\/uploads\/2019\/03\/20190321_100244-768x576.jpg 768w\" data-sizes=\"(max-width: 400px) 100vw, 400px\" src=\"data:image\/svg+xml;base64,PHN2ZyB3aWR0aD0iMSIgaGVpZ2h0PSIxIiB4bWxucz0iaHR0cDovL3d3dy53My5vcmcvMjAwMC9zdmciPjwvc3ZnPg==\" style=\"--smush-placeholder-width: 400px; --smush-placeholder-aspect-ratio: 400\/300;\" \/><\/a>&nbsp;<a href=\"https:\/\/alzira.es\/wp-content\/uploads\/2019\/03\/20190321_103040.jpg\" target=\"_blank\" rel=\"noopener\"><img decoding=\"async\" class=\"size-full wp-image-39814 lazyload\" title=\"La escuela de empleo et formem de idea presenta en unas jornadas las actividades realizadas en el 2018-2019\" data-src=\"https:\/\/alzira.es\/wp-content\/uploads\/2019\/03\/20190321_103040.jpg\" alt=\"20190321 103040\" width=\"400\" height=\"300\" data-srcset=\"https:\/\/alzira.es\/wp-content\/uploads\/2019\/03\/20190321_103040.jpg 1200w, https:\/\/alzira.es\/wp-content\/uploads\/2019\/03\/20190321_103040-680x510.jpg 680w, https:\/\/alzira.es\/wp-content\/uploads\/2019\/03\/20190321_103040-768x576.jpg 768w\" data-sizes=\"(max-width: 400px) 100vw, 400px\" src=\"data:image\/svg+xml;base64,PHN2ZyB3aWR0aD0iMSIgaGVpZ2h0PSIxIiB4bWxucz0iaHR0cDovL3d3dy53My5vcmcvMjAwMC9zdmciPjwvc3ZnPg==\" style=\"--smush-placeholder-width: 400px; --smush-placeholder-aspect-ratio: 400\/300;\" \/><\/a><\/p>\n","protected":false},"excerpt":{"rendered":"<p>Alzira, 21 de marzo del 2019. La Escuela de Empleo de actividades en conservaci\u00f3n y mejora de montes Et Formem, a trav\u00e9s de la concejal\u00eda de Desarrollo Econ\u00f3mico, Trabajo y Proyectos Europeos e IDEA, ha presentado unas jornadas donde el alumnado est\u00e1 explicando las actividades que han llevado a cabo en Alzira. Hoy 21 de &hellip; <\/p>\n<p class=\"link-more\"><a href=\"https:\/\/alzira.es\/es\/la-escuela-de-empleo-et-formem-de-idea-presenta-en-unas-jornadas-las-actividades-realizadas-en-el-2018-2019\/\" class=\"more-link\">Continuar leyendo<span class=\"screen-reader-text\"> \u00abLa escuela de empleo Et Formem de idea presenta en unas jornadas las actividades realizadas en el 2018-2019\u00bb<\/span><\/a><\/p>\n","protected":false},"author":12,"featured_media":39809,"comment_status":"","ping_status":"","sticky":false,"template":"","format":"standard","meta":{"_acf_changed":false,"footnotes":""},"categories":[4936],"tags":[],"class_list":["post-39816","post","type-post","status-publish","format-standard","has-post-thumbnail","hentry","category-hemeroteca-es"],"acf":[],"_links":{"self":[{"href":"https:\/\/alzira.es\/es\/wp-json\/wp\/v2\/posts\/39816","targetHints":{"allow":["GET"]}}],"collection":[{"href":"https:\/\/alzira.es\/es\/wp-json\/wp\/v2\/posts"}],"about":[{"href":"https:\/\/alzira.es\/es\/wp-json\/wp\/v2\/types\/post"}],"author":[{"embeddable":true,"href":"https:\/\/alzira.es\/es\/wp-json\/wp\/v2\/users\/12"}],"replies":[{"embeddable":true,"href":"https:\/\/alzira.es\/es\/wp-json\/wp\/v2\/comments?post=39816"}],"version-history":[{"count":0,"href":"https:\/\/alzira.es\/es\/wp-json\/wp\/v2\/posts\/39816\/revisions"}],"wp:featuredmedia":[{"embeddable":true,"href":"https:\/\/alzira.es\/es\/wp-json\/wp\/v2\/media\/39809"}],"wp:attachment":[{"href":"https:\/\/alzira.es\/es\/wp-json\/wp\/v2\/media?parent=39816"}],"wp:term":[{"taxonomy":"category","embeddable":true,"href":"https:\/\/alzira.es\/es\/wp-json\/wp\/v2\/categories?post=39816"},{"taxonomy":"post_tag","embeddable":true,"href":"https:\/\/alzira.es\/es\/wp-json\/wp\/v2\/tags?post=39816"}],"curies":[{"name":"wp","href":"https:\/\/api.w.org\/{rel}","templated":true}]}}