{"id":39807,"date":"2019-03-21T12:12:26","date_gmt":"2019-03-21T11:12:26","guid":{"rendered":"https:\/\/alzira.es\/informacio-sobre-les-proves-de-c1-i-c2-de-la-jqcv\/"},"modified":"2019-03-21T12:12:26","modified_gmt":"2019-03-21T11:12:26","slug":"informacio-sobre-les-proves-de-c1-i-c2-de-la-jqcv","status":"publish","type":"post","link":"https:\/\/alzira.es\/es\/informacio-sobre-les-proves-de-c1-i-c2-de-la-jqcv\/","title":{"rendered":"Informaci\u00f3 sobre les proves de C1 i C2 de la JQCV"},"content":{"rendered":"<p style=\"text-align: justify;\">El primer dia de C1 i C2 es far\u00e0 les \u00e0rees de comprensi\u00f3 escrita,&nbsp;estructures ling\u00fc\u00edstiques i expressi\u00f3 oral. L&#8217;hora de realitzaci\u00f3 de&nbsp;la prova de l&#8217;\u00e0rea d&#8217;expressi\u00f3 i interacci\u00f3 orals podr\u00e0 consultar-se&nbsp;en <span style=\"color: #0000ff;\">WWW.JQCV.GVA.ES<\/span>.<\/p>\n<p style=\"text-align: justify;\">El sistema, aproximadament ser\u00e0:<\/p>\n<p style=\"text-align: justify;\"><strong>9.00 H<\/strong> Crida dels aspirants a les respectives aules (com fins ara).&nbsp;Repartiment de les plantilles de resposta i de quaderns de la prova, i&nbsp;explicaci\u00f3 per part dels responsables.<\/p>\n<p style=\"text-align: justify;\">Realitzaci\u00f3 de les \u00e0rees de Comprensi\u00f3 Escrita i Estructures&nbsp;Ling\u00fc\u00edstiques.<\/p>\n<p style=\"text-align: justify;\">Se puposa que a les 11.00 H s&#8217;ha acabat. Pausa per a organitzar<\/p>\n<p style=\"text-align: justify;\"><strong>11.30 H-14.30 H<\/strong> 1a franja de l&#8217;\u00e0rea d&#8217;expressi\u00f3 i interacci\u00f3 orals<\/p>\n<p style=\"text-align: justify;\"><strong>14.30 H-17.30 H<\/strong> 2a franja de l&#8217;\u00e0rea d&#8217;expressi\u00f3 i interacci\u00f3 orals<\/p>\n<p style=\"text-align: justify;\"><strong>17.30 H-20.30 H<\/strong> 3a franja de l&#8217;\u00e0rea d&#8217;expressi\u00f3 i interacci\u00f3 orals<\/p>\n<p style=\"text-align: justify;\"><span style=\"color: #ff0000;\">ELS AVALUADORS O AVALUADORES NOM\u00c9S PODRAN ACTUAR EN DUES FRANGES COM A&nbsp;M\u00c0XIM.<\/span><\/p>\n<p style=\"text-align: justify;\">La segona jornada ser\u00e0 l&#8217;\u00e0rea d&#8217;expressi\u00f3 i interacci\u00f3 escrites.&nbsp;Totes les persones convocades a la mateixa hora.<\/p>\n<p style=\"text-align: justify;\">\u00c9s a dir; la primera jornada hi haur\u00e0 DUES CRIDES, una a les <strong>9.00 h<\/strong>&nbsp;per a totes les persones inscrites, per a la prova escrita (per\u00f2 no&nbsp;confondre amb l&#8217;\u00e0rea d&#8217;expressi\u00f3 escrita) i una altra que caldr\u00e0&nbsp;consultar per a l&#8217;\u00e0rea d&#8217;expressi\u00f3 i interacci\u00f3 orals (cada persona&nbsp;tindr\u00e0 assignada una hora concreta, com la segona jornada de l&#8217;any&nbsp;passat).<\/p>\n<p style=\"text-align: center;\"><a href=\"https:\/\/alzira.es\/wp-content\/uploads\/2019\/03\/Triptic_JQCV_19_WEB_page-0001.jpg\" target=\"_blank\" rel=\"noopener\"><img fetchpriority=\"high\" decoding=\"async\" class=\" size-full wp-image-39800\" title=\"Informaci\u00f3 sobre les proves de C1 i C2 de la JQCV\" src=\"https:\/\/alzira.es\/wp-content\/uploads\/2019\/03\/Triptic_JQCV_19_WEB_page-0001.jpg\" alt=\"Triptic JQCV 19 WEB page-0001\" width=\"600\" height=\"432\" srcset=\"https:\/\/alzira.es\/wp-content\/uploads\/2019\/03\/Triptic_JQCV_19_WEB_page-0001.jpg 1725w, https:\/\/alzira.es\/wp-content\/uploads\/2019\/03\/Triptic_JQCV_19_WEB_page-0001-680x489.jpg 680w, https:\/\/alzira.es\/wp-content\/uploads\/2019\/03\/Triptic_JQCV_19_WEB_page-0001-1430x1029.jpg 1430w, https:\/\/alzira.es\/wp-content\/uploads\/2019\/03\/Triptic_JQCV_19_WEB_page-0001-768x553.jpg 768w, https:\/\/alzira.es\/wp-content\/uploads\/2019\/03\/Triptic_JQCV_19_WEB_page-0001-1536x1105.jpg 1536w\" sizes=\"(max-width: 600px) 100vw, 600px\" \/><\/a><\/p>\n<p style=\"text-align: center;\"><a href=\"https:\/\/alzira.es\/wp-content\/uploads\/2019\/03\/Triptic_JQCV_19_WEB_page-0002.jpg\" target=\"_blank\" rel=\"noopener\"><img decoding=\"async\" class=\"size-full wp-image-39803 lazyload\" title=\"Informaci\u00f3 sobre les proves de C1 i C2 de la JQCV\" data-src=\"https:\/\/alzira.es\/wp-content\/uploads\/2019\/03\/Triptic_JQCV_19_WEB_page-0002.jpg\" alt=\"Triptic JQCV 19 WEB page-0002\" width=\"600\" height=\"432\" data-srcset=\"https:\/\/alzira.es\/wp-content\/uploads\/2019\/03\/Triptic_JQCV_19_WEB_page-0002.jpg 1725w, https:\/\/alzira.es\/wp-content\/uploads\/2019\/03\/Triptic_JQCV_19_WEB_page-0002-680x489.jpg 680w, https:\/\/alzira.es\/wp-content\/uploads\/2019\/03\/Triptic_JQCV_19_WEB_page-0002-1430x1029.jpg 1430w, https:\/\/alzira.es\/wp-content\/uploads\/2019\/03\/Triptic_JQCV_19_WEB_page-0002-768x553.jpg 768w, https:\/\/alzira.es\/wp-content\/uploads\/2019\/03\/Triptic_JQCV_19_WEB_page-0002-1536x1105.jpg 1536w\" data-sizes=\"(max-width: 600px) 100vw, 600px\" src=\"data:image\/svg+xml;base64,PHN2ZyB3aWR0aD0iMSIgaGVpZ2h0PSIxIiB4bWxucz0iaHR0cDovL3d3dy53My5vcmcvMjAwMC9zdmciPjwvc3ZnPg==\" style=\"--smush-placeholder-width: 600px; --smush-placeholder-aspect-ratio: 600\/432;\" \/><\/a><\/p>\n<p style=\"text-align: center;\">&nbsp;<\/p>\n","protected":false},"excerpt":{"rendered":"<p>El primer dia de C1 i C2 es far\u00e0 les \u00e0rees de comprensi\u00f3 escrita,&nbsp;estructures ling\u00fc\u00edstiques i expressi\u00f3 oral. L&#8217;hora de realitzaci\u00f3 de&nbsp;la prova de l&#8217;\u00e0rea d&#8217;expressi\u00f3 i interacci\u00f3 orals podr\u00e0 consultar-se&nbsp;en WWW.JQCV.GVA.ES. El sistema, aproximadament ser\u00e0: 9.00 H Crida dels aspirants a les respectives aules (com fins ara).&nbsp;Repartiment de les plantilles de resposta i de &hellip; <\/p>\n<p class=\"link-more\"><a href=\"https:\/\/alzira.es\/es\/informacio-sobre-les-proves-de-c1-i-c2-de-la-jqcv\/\" class=\"more-link\">Continuar leyendo<span class=\"screen-reader-text\"> \u00abInformaci\u00f3 sobre les proves de C1 i C2 de la JQCV\u00bb<\/span><\/a><\/p>\n","protected":false},"author":12,"featured_media":39800,"comment_status":"","ping_status":"","sticky":false,"template":"","format":"standard","meta":{"_acf_changed":false,"footnotes":""},"categories":[],"tags":[],"class_list":["post-39807","post","type-post","status-publish","format-standard","has-post-thumbnail","hentry"],"acf":[],"_links":{"self":[{"href":"https:\/\/alzira.es\/es\/wp-json\/wp\/v2\/posts\/39807","targetHints":{"allow":["GET"]}}],"collection":[{"href":"https:\/\/alzira.es\/es\/wp-json\/wp\/v2\/posts"}],"about":[{"href":"https:\/\/alzira.es\/es\/wp-json\/wp\/v2\/types\/post"}],"author":[{"embeddable":true,"href":"https:\/\/alzira.es\/es\/wp-json\/wp\/v2\/users\/12"}],"replies":[{"embeddable":true,"href":"https:\/\/alzira.es\/es\/wp-json\/wp\/v2\/comments?post=39807"}],"version-history":[{"count":0,"href":"https:\/\/alzira.es\/es\/wp-json\/wp\/v2\/posts\/39807\/revisions"}],"wp:featuredmedia":[{"embeddable":true,"href":"https:\/\/alzira.es\/es\/wp-json\/wp\/v2\/media\/39800"}],"wp:attachment":[{"href":"https:\/\/alzira.es\/es\/wp-json\/wp\/v2\/media?parent=39807"}],"wp:term":[{"taxonomy":"category","embeddable":true,"href":"https:\/\/alzira.es\/es\/wp-json\/wp\/v2\/categories?post=39807"},{"taxonomy":"post_tag","embeddable":true,"href":"https:\/\/alzira.es\/es\/wp-json\/wp\/v2\/tags?post=39807"}],"curies":[{"name":"wp","href":"https:\/\/api.w.org\/{rel}","templated":true}]}}