{"id":39797,"date":"2019-03-21T11:00:05","date_gmt":"2019-03-21T10:00:05","guid":{"rendered":"https:\/\/alzira.es\/durant-les-festes-de-falles-d-alzira-s-han-reciclat-10-000-quilos-de-vidre-s-han-arreplegat-27-580-quilos-de-fem-i-300-000-quilos-de-restes-de-la-nit-de-la-crema\/"},"modified":"2019-03-21T11:00:05","modified_gmt":"2019-03-21T10:00:05","slug":"durant-les-festes-de-falles-d-alzira-s-han-reciclat-10-000-quilos-de-vidre-s-han-arreplegat-27-580-quilos-de-fem-i-300-000-quilos-de-restes-de-la-nit-de-la-crema","status":"publish","type":"post","link":"https:\/\/alzira.es\/es\/durant-les-festes-de-falles-d-alzira-s-han-reciclat-10-000-quilos-de-vidre-s-han-arreplegat-27-580-quilos-de-fem-i-300-000-quilos-de-restes-de-la-nit-de-la-crema\/","title":{"rendered":"Durant les festes de falles d&#8217;Alzira s\u2019han reciclat 10.000 quilos de vidre, s\u2019han arreplegat 27.580 quilos de fem i 300.000 quilos de restes de la nit de la crem\u00e0"},"content":{"rendered":"<p style=\"text-align: justify;\"><strong>Alzira, 21 de mar\u00e7 de 2019 \u2013<\/strong> Tal com es va anunciar fa unes setmanes, la Regidoria de Gesti\u00f3 Urban\u00edstica posava a disposici\u00f3 dels casals fallers papereres i contenidors de vidre per tal de facilitar l&#8217;arreplegada de fem i vidre durant les festes josefines i, despr\u00e9s d&#8217;una primera avaluaci\u00f3, esta Regidoria informa que els diversos casals de les falles d&#8217;Alzira han reciclat un total de 10.000 quilos d&#8217;envasos de vidre al llarg de les passades festes.<br \/>Tamb\u00e9 cal destacar les m\u00e9s de 27 tones de fem que s&#8217;han aconseguit arreplegar en les papereres distribu\u00efdes per tota la ciutat, aix\u00ed com tamb\u00e9 en els casals fallers i els 300.000 quilos de restes produ\u00efdes de la crem\u00e0 de les falles en la nit del 19 de mar\u00e7.<\/p>\n<p style=\"text-align: justify;\">Pel que fa a la neteja i manteniment dels carrers d&#8217;Alzira, els efectius de l&#8217;empresa adjudicat\u00e0ria de neteja de l&#8217;Ajuntament d&#8217;Alzira, FCC, van comen\u00e7ar el dispositiu en la nit del foc a les 00:00 hores, amb 60 operaris i suport t\u00e8cnic de tres banyeres, cinc camions bolquet i quatre pales, dispositiu que finalitzava a les 9:00 hores del mat\u00ed del dia 20 de mar\u00e7. El personal de l&#8217;empresa tamb\u00e9 s&#8217;ha encarregat de mantindre els carrers nets i en condicions \u00f2ptimes durant les festes, i complir aix\u00ed l&#8217;objectiu marcat de mantindre Alzira neta mitjan\u00e7ant les mesures posades a l&#8217;abast dels casals fallers de proporcionar-los papereres de cart\u00f3 i contenidors de vidre per facilitar el reciclatge i el seu despla\u00e7ament.<\/p>\n<p style=\"text-align: justify;\">Fernando Pascual, regidor de Gesti\u00f3 Urban\u00edstica, ha declarat al respecte: \u00abAmb la mesura d&#8217;abastir la ciutat i els casals fallers de papereres i contenidors es pret\u00e9n conscienciar els ciutadans d&#8217;Alzira i, especialment, les comissions falleres sobre la import\u00e0ncia de separar selectivament el vidre durant el transcurs de les festes, com ja hem fet altres anys, per la qual cosa vull mostrar la meua satisfacci\u00f3 pels resultats obtinguts. L&#8217;\u00edndex de percentatge ha anat augmentant any rere any i aix\u00f2 vol dir que durant les festes hem separat i reciclat m\u00e9s, mesura indispensable per a aportar la nostra part a cuidar el medi ambient generant menys brut\u00edcia en la via p\u00fablica\u00bb.<\/p>\n<p style=\"text-align: justify;\">&nbsp;<\/p>\n<p style=\"text-align: center;\"><a href=\"https:\/\/alzira.es\/wp-content\/uploads\/2019\/03\/54255894_1261859130633418_5947717195931844608_o.jpg\" target=\"_blank\" rel=\"noopener\"><img fetchpriority=\"high\" decoding=\"async\" class=\" size-full wp-image-39791\" title=\"Durant les festes de falles d'Alzira s\u2019han reciclat 10.000 quilos de vidre, s\u2019han arreplegat 27.580 quilos de fem i 300.000 quilos de restes de la nit de la crem\u00e0 \" src=\"https:\/\/alzira.es\/wp-content\/uploads\/2019\/03\/54255894_1261859130633418_5947717195931844608_o.jpg\" alt=\"54255894 1261859130633418 5947717195931844608 o\" width=\"500\" height=\"281\" srcset=\"https:\/\/alzira.es\/wp-content\/uploads\/2019\/03\/54255894_1261859130633418_5947717195931844608_o.jpg 1600w, https:\/\/alzira.es\/wp-content\/uploads\/2019\/03\/54255894_1261859130633418_5947717195931844608_o-680x382.jpg 680w, https:\/\/alzira.es\/wp-content\/uploads\/2019\/03\/54255894_1261859130633418_5947717195931844608_o-1430x803.jpg 1430w, https:\/\/alzira.es\/wp-content\/uploads\/2019\/03\/54255894_1261859130633418_5947717195931844608_o-768x431.jpg 768w, https:\/\/alzira.es\/wp-content\/uploads\/2019\/03\/54255894_1261859130633418_5947717195931844608_o-1536x862.jpg 1536w\" sizes=\"(max-width: 500px) 100vw, 500px\" \/><\/a>&nbsp;<a href=\"https:\/\/alzira.es\/wp-content\/uploads\/2019\/03\/55455351_1261858650633466_4946291145043869696_o.jpg\" target=\"_blank\" rel=\"noopener\"><img decoding=\"async\" class=\"size-full wp-image-39793 lazyload\" title=\"Durant les festes de falles d'Alzira s\u2019han reciclat 10.000 quilos de vidre, s\u2019han arreplegat 27.580 quilos de fem i 300.000 quilos de restes de la nit de la crem\u00e0 \" data-src=\"https:\/\/alzira.es\/wp-content\/uploads\/2019\/03\/55455351_1261858650633466_4946291145043869696_o.jpg\" alt=\"55455351 1261858650633466 4946291145043869696 o\" width=\"158\" height=\"281\" data-srcset=\"https:\/\/alzira.es\/wp-content\/uploads\/2019\/03\/55455351_1261858650633466_4946291145043869696_o.jpg 900w, https:\/\/alzira.es\/wp-content\/uploads\/2019\/03\/55455351_1261858650633466_4946291145043869696_o-287x510.jpg 287w, https:\/\/alzira.es\/wp-content\/uploads\/2019\/03\/55455351_1261858650633466_4946291145043869696_o-603x1072.jpg 603w, https:\/\/alzira.es\/wp-content\/uploads\/2019\/03\/55455351_1261858650633466_4946291145043869696_o-768x1365.jpg 768w, https:\/\/alzira.es\/wp-content\/uploads\/2019\/03\/55455351_1261858650633466_4946291145043869696_o-864x1536.jpg 864w\" data-sizes=\"(max-width: 158px) 100vw, 158px\" src=\"data:image\/svg+xml;base64,PHN2ZyB3aWR0aD0iMSIgaGVpZ2h0PSIxIiB4bWxucz0iaHR0cDovL3d3dy53My5vcmcvMjAwMC9zdmciPjwvc3ZnPg==\" style=\"--smush-placeholder-width: 158px; --smush-placeholder-aspect-ratio: 158\/281;\" \/><\/a><\/p>\n","protected":false},"excerpt":{"rendered":"<p>Alzira, 21 de mar\u00e7 de 2019 \u2013 Tal com es va anunciar fa unes setmanes, la Regidoria de Gesti\u00f3 Urban\u00edstica posava a disposici\u00f3 dels casals fallers papereres i contenidors de vidre per tal de facilitar l&#8217;arreplegada de fem i vidre durant les festes josefines i, despr\u00e9s d&#8217;una primera avaluaci\u00f3, esta Regidoria informa que els diversos &hellip; <\/p>\n<p class=\"link-more\"><a href=\"https:\/\/alzira.es\/es\/durant-les-festes-de-falles-d-alzira-s-han-reciclat-10-000-quilos-de-vidre-s-han-arreplegat-27-580-quilos-de-fem-i-300-000-quilos-de-restes-de-la-nit-de-la-crema\/\" class=\"more-link\">Continuar leyendo<span class=\"screen-reader-text\"> \u00abDurant les festes de falles d&#8217;Alzira s\u2019han reciclat 10.000 quilos de vidre, s\u2019han arreplegat 27.580 quilos de fem i 300.000 quilos de restes de la nit de la crem\u00e0\u00bb<\/span><\/a><\/p>\n","protected":false},"author":12,"featured_media":39791,"comment_status":"","ping_status":"","sticky":false,"template":"","format":"standard","meta":{"_acf_changed":false,"footnotes":""},"categories":[],"tags":[],"class_list":["post-39797","post","type-post","status-publish","format-standard","has-post-thumbnail","hentry"],"acf":[],"_links":{"self":[{"href":"https:\/\/alzira.es\/es\/wp-json\/wp\/v2\/posts\/39797","targetHints":{"allow":["GET"]}}],"collection":[{"href":"https:\/\/alzira.es\/es\/wp-json\/wp\/v2\/posts"}],"about":[{"href":"https:\/\/alzira.es\/es\/wp-json\/wp\/v2\/types\/post"}],"author":[{"embeddable":true,"href":"https:\/\/alzira.es\/es\/wp-json\/wp\/v2\/users\/12"}],"replies":[{"embeddable":true,"href":"https:\/\/alzira.es\/es\/wp-json\/wp\/v2\/comments?post=39797"}],"version-history":[{"count":0,"href":"https:\/\/alzira.es\/es\/wp-json\/wp\/v2\/posts\/39797\/revisions"}],"wp:featuredmedia":[{"embeddable":true,"href":"https:\/\/alzira.es\/es\/wp-json\/wp\/v2\/media\/39791"}],"wp:attachment":[{"href":"https:\/\/alzira.es\/es\/wp-json\/wp\/v2\/media?parent=39797"}],"wp:term":[{"taxonomy":"category","embeddable":true,"href":"https:\/\/alzira.es\/es\/wp-json\/wp\/v2\/categories?post=39797"},{"taxonomy":"post_tag","embeddable":true,"href":"https:\/\/alzira.es\/es\/wp-json\/wp\/v2\/tags?post=39797"}],"curies":[{"name":"wp","href":"https:\/\/api.w.org\/{rel}","templated":true}]}}