{"id":39796,"date":"2019-03-21T11:00:05","date_gmt":"2019-03-21T10:00:05","guid":{"rendered":"https:\/\/alzira.es\/durante-las-fiestas-de-fallas-de-alzira-se-han-reciclado-10-000-kilos-de-vidrio-se-han-recogido-27-580-kilos-de-basura-y-300-000-kilos-de-restos-de-la-noche-de-la-crema\/"},"modified":"2019-03-21T11:00:05","modified_gmt":"2019-03-21T10:00:05","slug":"durante-las-fiestas-de-fallas-de-alzira-se-han-reciclado-10-000-kilos-de-vidrio-se-han-recogido-27-580-kilos-de-basura-y-300-000-kilos-de-restos-de-la-noche-de-la-crema","status":"publish","type":"post","link":"https:\/\/alzira.es\/es\/durante-las-fiestas-de-fallas-de-alzira-se-han-reciclado-10-000-kilos-de-vidrio-se-han-recogido-27-580-kilos-de-basura-y-300-000-kilos-de-restos-de-la-noche-de-la-crema\/","title":{"rendered":"Durante las fiestas de fallas de Alzira se han reciclado 10.000 kilos de vidrio, se han recogido 27.580 kilos de basura y 300.000 kilos de restos de la noche de la crem\u00e0"},"content":{"rendered":"<p style=\"text-align: justify;\"><strong>Alzira, 21 de marzo de 2019 &#8211;<\/strong> Tal como se anunci\u00f3 hace unas semanas, la Concejal\u00eda de Gesti\u00f3n Urban\u00edstica pon\u00eda a disposici\u00f3n de los casales falleros papeleras y contenedores de vidrio para facilitar la recogida de basura y vidrio durante las fiestas josefinas y, tras una primera evaluaci\u00f3n, esta Concejal\u00eda informa que los diversos hogares de las fallas de Alzira han reciclado un total de 10.000 kilos de envases de vidrio a lo largo de las pasadas fiestas.<\/p>\n<p style=\"text-align: justify;\">Tambi\u00e9n cabe destacar las m\u00e1s de 27 toneladas de basura que se han conseguido recoger en las papeleras distribuidas por toda la ciudad, as\u00ed como tambi\u00e9n en los casales falleros y los 300.000 kilos de restos producidos de la quema de las fallas en la noche del 19 de marzo.<\/p>\n<p style=\"text-align: justify;\">En cuanto a la limpieza y mantenimiento de las calles de Alzira, los efectivos de la empresa adjudicataria de limpieza del Ayuntamiento de Alzira, FCC, comenzaron el dispositivo en la nit del foc a las 00:00 horas, con 60 operarios y soporte t\u00e9cnico de tres ba\u00f1eras, cinco camiones volquete y cuatro palas, dispositivo que finalizaba a las 9:00 horas de la ma\u00f1ana del d\u00eda 20 de marzo. El personal de la empresa tambi\u00e9n se ha encargado de mantener las calles limpias y en condiciones \u00f3ptimas durante las fiestas, y cumplir as\u00ed el objetivo marcado de mantener Alzira limpia mediante las medidas puestas al alcance de los casales falleros de proporcionarles papeleras de cart\u00f3n y contenedores de vidrio para facilitar el reciclaje y su desplazamiento.<\/p>\n<p style=\"text-align: justify;\">Fernando Pascual, concejal de Gesti\u00f3n Urban\u00edstica, ha declarado al respecto \u00abCon la medida de abastecer la ciudad y los casales falleros de papeleras y contenedores se pretende concienciar a los ciudadanos de Alzira y, especialmente, las comisiones falleras sobre la importancia de separar selectivamente el vidrio durante el transcurso de las fiestas, como ya hemos hecho otros a\u00f1os, por lo que quiero mostrar mi satisfacci\u00f3n por los resultados obtenidos. El \u00edndice de porcentaje ha ido aumentando a\u00f1o tras a\u00f1o y eso quiere decir que durante las fiestas hemos separado y reciclado m\u00e1s, medida indispensable para aportar nuestra parte a cuidar el medio ambiente generando menos suciedad en la v\u00eda p\u00fablica\u00bb.<\/p>\n<p style=\"text-align: center;\"><a href=\"https:\/\/alzira.es\/wp-content\/uploads\/2019\/03\/54255894_1261859130633418_5947717195931844608_o.jpg\" target=\"_blank\" rel=\"noopener\"><img fetchpriority=\"high\" decoding=\"async\" class=\" size-full wp-image-39791\" title=\"Durante las fiestas de fallas de Alzira se han reciclado 10.000 kilos de vidrio, se han recogido 27.580 kilos de basura y 300.000 kilos de restos de la noche de la crem\u00e0\" src=\"https:\/\/alzira.es\/wp-content\/uploads\/2019\/03\/54255894_1261859130633418_5947717195931844608_o.jpg\" alt=\"54255894 1261859130633418 5947717195931844608 o\" width=\"500\" height=\"281\" srcset=\"https:\/\/alzira.es\/wp-content\/uploads\/2019\/03\/54255894_1261859130633418_5947717195931844608_o.jpg 1600w, https:\/\/alzira.es\/wp-content\/uploads\/2019\/03\/54255894_1261859130633418_5947717195931844608_o-680x382.jpg 680w, https:\/\/alzira.es\/wp-content\/uploads\/2019\/03\/54255894_1261859130633418_5947717195931844608_o-1430x803.jpg 1430w, https:\/\/alzira.es\/wp-content\/uploads\/2019\/03\/54255894_1261859130633418_5947717195931844608_o-768x431.jpg 768w, https:\/\/alzira.es\/wp-content\/uploads\/2019\/03\/54255894_1261859130633418_5947717195931844608_o-1536x862.jpg 1536w\" sizes=\"(max-width: 500px) 100vw, 500px\" \/><\/a>&nbsp;<a href=\"https:\/\/alzira.es\/wp-content\/uploads\/2019\/03\/55455351_1261858650633466_4946291145043869696_o.jpg\" target=\"_blank\" rel=\"noopener\"><img decoding=\"async\" class=\"size-full wp-image-39793 lazyload\" title=\"Durante las fiestas de fallas de Alzira se han reciclado 10.000 kilos de vidrio, se han recogido 27.580 kilos de basura y 300.000 kilos de restos de la noche de la crem\u00e0\" data-src=\"https:\/\/alzira.es\/wp-content\/uploads\/2019\/03\/55455351_1261858650633466_4946291145043869696_o.jpg\" alt=\"55455351 1261858650633466 4946291145043869696 o\" width=\"158\" height=\"281\" data-srcset=\"https:\/\/alzira.es\/wp-content\/uploads\/2019\/03\/55455351_1261858650633466_4946291145043869696_o.jpg 900w, https:\/\/alzira.es\/wp-content\/uploads\/2019\/03\/55455351_1261858650633466_4946291145043869696_o-287x510.jpg 287w, https:\/\/alzira.es\/wp-content\/uploads\/2019\/03\/55455351_1261858650633466_4946291145043869696_o-603x1072.jpg 603w, https:\/\/alzira.es\/wp-content\/uploads\/2019\/03\/55455351_1261858650633466_4946291145043869696_o-768x1365.jpg 768w, https:\/\/alzira.es\/wp-content\/uploads\/2019\/03\/55455351_1261858650633466_4946291145043869696_o-864x1536.jpg 864w\" data-sizes=\"(max-width: 158px) 100vw, 158px\" src=\"data:image\/svg+xml;base64,PHN2ZyB3aWR0aD0iMSIgaGVpZ2h0PSIxIiB4bWxucz0iaHR0cDovL3d3dy53My5vcmcvMjAwMC9zdmciPjwvc3ZnPg==\" style=\"--smush-placeholder-width: 158px; --smush-placeholder-aspect-ratio: 158\/281;\" \/><\/a><\/p>\n","protected":false},"excerpt":{"rendered":"<p>Alzira, 21 de marzo de 2019 &#8211; Tal como se anunci\u00f3 hace unas semanas, la Concejal\u00eda de Gesti\u00f3n Urban\u00edstica pon\u00eda a disposici\u00f3n de los casales falleros papeleras y contenedores de vidrio para facilitar la recogida de basura y vidrio durante las fiestas josefinas y, tras una primera evaluaci\u00f3n, esta Concejal\u00eda informa que los diversos hogares &hellip; <\/p>\n<p class=\"link-more\"><a href=\"https:\/\/alzira.es\/es\/durante-las-fiestas-de-fallas-de-alzira-se-han-reciclado-10-000-kilos-de-vidrio-se-han-recogido-27-580-kilos-de-basura-y-300-000-kilos-de-restos-de-la-noche-de-la-crema\/\" class=\"more-link\">Continuar leyendo<span class=\"screen-reader-text\"> \u00abDurante las fiestas de fallas de Alzira se han reciclado 10.000 kilos de vidrio, se han recogido 27.580 kilos de basura y 300.000 kilos de restos de la noche de la crem\u00e0\u00bb<\/span><\/a><\/p>\n","protected":false},"author":12,"featured_media":39791,"comment_status":"","ping_status":"","sticky":false,"template":"","format":"standard","meta":{"_acf_changed":false,"footnotes":""},"categories":[4936],"tags":[],"class_list":["post-39796","post","type-post","status-publish","format-standard","has-post-thumbnail","hentry","category-hemeroteca-es"],"acf":[],"_links":{"self":[{"href":"https:\/\/alzira.es\/es\/wp-json\/wp\/v2\/posts\/39796","targetHints":{"allow":["GET"]}}],"collection":[{"href":"https:\/\/alzira.es\/es\/wp-json\/wp\/v2\/posts"}],"about":[{"href":"https:\/\/alzira.es\/es\/wp-json\/wp\/v2\/types\/post"}],"author":[{"embeddable":true,"href":"https:\/\/alzira.es\/es\/wp-json\/wp\/v2\/users\/12"}],"replies":[{"embeddable":true,"href":"https:\/\/alzira.es\/es\/wp-json\/wp\/v2\/comments?post=39796"}],"version-history":[{"count":0,"href":"https:\/\/alzira.es\/es\/wp-json\/wp\/v2\/posts\/39796\/revisions"}],"wp:featuredmedia":[{"embeddable":true,"href":"https:\/\/alzira.es\/es\/wp-json\/wp\/v2\/media\/39791"}],"wp:attachment":[{"href":"https:\/\/alzira.es\/es\/wp-json\/wp\/v2\/media?parent=39796"}],"wp:term":[{"taxonomy":"category","embeddable":true,"href":"https:\/\/alzira.es\/es\/wp-json\/wp\/v2\/categories?post=39796"},{"taxonomy":"post_tag","embeddable":true,"href":"https:\/\/alzira.es\/es\/wp-json\/wp\/v2\/tags?post=39796"}],"curies":[{"name":"wp","href":"https:\/\/api.w.org\/{rel}","templated":true}]}}