{"id":39788,"date":"2019-03-21T10:11:44","date_gmt":"2019-03-21T09:11:44","guid":{"rendered":"https:\/\/alzira.es\/cerca-de-900-fotografias-presentadas-al-v-concurso-de-instagram-fallas-de-alzira\/"},"modified":"2019-03-21T10:11:44","modified_gmt":"2019-03-21T09:11:44","slug":"cerca-de-900-fotografias-presentadas-al-v-concurso-de-instagram-fallas-de-alzira","status":"publish","type":"post","link":"https:\/\/alzira.es\/es\/cerca-de-900-fotografias-presentadas-al-v-concurso-de-instagram-fallas-de-alzira\/","title":{"rendered":"Cerca de 900 fotograf\u00edas presentadas al V Concurso de Instagram Fallas de Alzira"},"content":{"rendered":"<p style=\"text-align: justify;\"><strong><a href=\"https:\/\/alzira.es\/wp-content\/uploads\/2019\/03\/20190319_093617.jpg\" target=\"_blank\" rel=\"noopener\"><img fetchpriority=\"high\" decoding=\"async\" class=\" alignleft size-full wp-image-39785\" style=\"margin-right: 10px; float: left;\" title=\"Cerca de 900 fotograf\u00edas presentadas al V Concurso de Instagram Fallas de Alzira\" src=\"https:\/\/alzira.es\/wp-content\/uploads\/2019\/03\/20190319_093617.jpg\" alt=\"20190319 093617\" width=\"337\" height=\"600\" srcset=\"https:\/\/alzira.es\/wp-content\/uploads\/2019\/03\/20190319_093617.jpg 675w, https:\/\/alzira.es\/wp-content\/uploads\/2019\/03\/20190319_093617-287x510.jpg 287w, https:\/\/alzira.es\/wp-content\/uploads\/2019\/03\/20190319_093617-603x1072.jpg 603w\" sizes=\"(max-width: 337px) 100vw, 337px\" \/><\/a>Alzira, 21 de marzo de 2018.-<\/strong> En unos d\u00edas se conocer\u00e1n las tres fotos ganadoras del V Concurso de Intagram de Fallas. Los nueve miembros del jurado deben escoger las veinte fotos finalistas.<\/p>\n<p style=\"text-align: justify;\">En la edici\u00f3n de este a\u00f1o, se han subido cerca de 900 instant\u00e1neas que optan a uno de los tres premios, valorados en 150 euros para el primero, 100 para el segundo y 50 euros para el tercero.<\/p>\n<p style=\"text-align: justify;\">Adem\u00e1s de entre las veinte fotos finalistas habr\u00e1 la posibilidad de escoger, mediante el voto popular, la fotograf\u00eda que anunciar\u00e1 el concurso del a\u00f1o que viene. La instant\u00e1nea que m\u00e1s \u00abme gusta\u00bb registro en las redes sociales del Ayuntamiento tanto en Facebook como en Instagram ser\u00e1 la que consiga el premio del voto popular.<\/p>\n<p style=\"text-align: justify;\">Isabel Aguilar, vicealcaldesa y concejala de Fiestas, agradece la elevada participaci\u00f3n que ayuda a difundir nuestra fiesta. \u00abLas Fallas del 2019 han sido muy participativas, las calles de la ciudad han estado a tope, adem\u00e1s la escultura dedicada a los falleros de Alzira, situada en la plaza Mayor, ha sido un atractivo m\u00e1s para todas las personas que nos han visitado otras localidades que han aprovechado para realizarse una fotograf\u00eda como recuerdo\u00bb.<\/p>\n<p style=\"text-align: justify;\">Cabe recordar que a partir del pr\u00f3ximo 7 de abril y hasta el 21 se podr\u00e1 participar en el V Concurso de Instagram de Semana Santa. Para participar s\u00f3lo hay que subir a Instagram una foto, con la tem\u00e1tica de la Semana Santa de Alzira, con la etiqueta <span style=\"color: #ff0000;\">#setmanasantaalzira19<\/span><\/p>\n","protected":false},"excerpt":{"rendered":"<p>Alzira, 21 de marzo de 2018.- En unos d\u00edas se conocer\u00e1n las tres fotos ganadoras del V Concurso de Intagram de Fallas. Los nueve miembros del jurado deben escoger las veinte fotos finalistas. En la edici\u00f3n de este a\u00f1o, se han subido cerca de 900 instant\u00e1neas que optan a uno de los tres premios, valorados &hellip; <\/p>\n<p class=\"link-more\"><a href=\"https:\/\/alzira.es\/es\/cerca-de-900-fotografias-presentadas-al-v-concurso-de-instagram-fallas-de-alzira\/\" class=\"more-link\">Continuar leyendo<span class=\"screen-reader-text\"> \u00abCerca de 900 fotograf\u00edas presentadas al V Concurso de Instagram Fallas de Alzira\u00bb<\/span><\/a><\/p>\n","protected":false},"author":12,"featured_media":39785,"comment_status":"","ping_status":"","sticky":false,"template":"","format":"standard","meta":{"_acf_changed":false,"footnotes":""},"categories":[4936],"tags":[],"class_list":["post-39788","post","type-post","status-publish","format-standard","has-post-thumbnail","hentry","category-hemeroteca-es"],"acf":[],"_links":{"self":[{"href":"https:\/\/alzira.es\/es\/wp-json\/wp\/v2\/posts\/39788","targetHints":{"allow":["GET"]}}],"collection":[{"href":"https:\/\/alzira.es\/es\/wp-json\/wp\/v2\/posts"}],"about":[{"href":"https:\/\/alzira.es\/es\/wp-json\/wp\/v2\/types\/post"}],"author":[{"embeddable":true,"href":"https:\/\/alzira.es\/es\/wp-json\/wp\/v2\/users\/12"}],"replies":[{"embeddable":true,"href":"https:\/\/alzira.es\/es\/wp-json\/wp\/v2\/comments?post=39788"}],"version-history":[{"count":0,"href":"https:\/\/alzira.es\/es\/wp-json\/wp\/v2\/posts\/39788\/revisions"}],"wp:featuredmedia":[{"embeddable":true,"href":"https:\/\/alzira.es\/es\/wp-json\/wp\/v2\/media\/39785"}],"wp:attachment":[{"href":"https:\/\/alzira.es\/es\/wp-json\/wp\/v2\/media?parent=39788"}],"wp:term":[{"taxonomy":"category","embeddable":true,"href":"https:\/\/alzira.es\/es\/wp-json\/wp\/v2\/categories?post=39788"},{"taxonomy":"post_tag","embeddable":true,"href":"https:\/\/alzira.es\/es\/wp-json\/wp\/v2\/tags?post=39788"}],"curies":[{"name":"wp","href":"https:\/\/api.w.org\/{rel}","templated":true}]}}