{"id":39776,"date":"2019-03-20T16:00:00","date_gmt":"2019-03-20T15:00:00","guid":{"rendered":"https:\/\/alzira.es\/idea-pone-en-marcha-la-quinta-edicion-del-formaempren\/"},"modified":"2019-03-20T16:00:00","modified_gmt":"2019-03-20T15:00:00","slug":"idea-pone-en-marcha-la-quinta-edicion-del-formaempren","status":"publish","type":"post","link":"https:\/\/alzira.es\/es\/idea-pone-en-marcha-la-quinta-edicion-del-formaempren\/","title":{"rendered":"IDEA pone en marcha la quinta edici\u00f3n del \u00abFormaEmpr\u00e9n\u00bb"},"content":{"rendered":"<p style=\"text-align: justify;\"><strong>Alzira, 20 de marzo de 2019.<\/strong> Desde Idea se ha puesto en marcha la quinta edici\u00f3n del programa de capacitaci\u00f3n de emprendedores, \u00abFormaEmpr\u00e9n\u00bb, organizado con CEEI Valencia (Centro Europeo de Empresas innovadoras de Valencia) que consiste en ayudar en el proceso de puesta en marcha de nuevos proyectos y\/o en la mejora de las t\u00e9cnicas de gesti\u00f3n empresarial, si se trata de una empresa de reciente constituci\u00f3n.<\/p>\n<p style=\"text-align: justify;\">Este programa pretende servir de entrenamiento para capacitar al emprendedor en la puesta en marcha de su proyecto as\u00ed como en la mejora de las t\u00e9cnicas de gesti\u00f3n empresarial. Dirigido a empresas que se van a constituir en Alzira, se organiza en 6 sesiones en horario de 10 a 14h y se dotar\u00e1 de herramientas on-line para compartir sus conocimientos, inquietudes para enriquecer sus proyectos. Adem\u00e1s, se premiar\u00e1 el mejor proyecto empresarial con una Tarjeta de Alzira valorada en 300 \u20ac, el cual ser\u00e1 seleccionado en la \u00faltima sesi\u00f3n, donde los participantes realizar\u00e1n la presentaci\u00f3n de su proyecto ante un comit\u00e9 de expertos.<\/p>\n<p style=\"text-align: justify;\">Iv\u00e1n Mart\u00ednez, concejal de Desarrollo Econ\u00f3mico, Trabajo y Proyectos Europeos destac\u00f3 que \u00abel objetivo de este programa es apoyar a los emprendedores y apoyar la puesta en marcha de nuevas empresas, con el fin de promocionar el tejido socioecon\u00f3mico de nuestro municipio. Por ello, se realiza una prestaci\u00f3n del servicio de forma individualizada al emprendedor, para poder dotar de recursos y herramientas adaptadas a cada uno de ellos\u00bb.<\/p>\n<p style=\"text-align: justify;\">\u00abDesde el Ayuntamiento vamos a seguir apoyando este tipo de iniciativas. Adem\u00e1s de este programa tambi\u00e9n contin\u00faan abiertos otros como los premios coworking, ayudas para dotar instalaciones, o el Formaplus, para contrataciones. Todos ellos para facilitar la puesta en marcha de nuevas iniciativas empresariales\u00bb, explica Mart\u00ednez.<\/p>\n<p style=\"text-align: justify;\">M\u00e1s informaci\u00f3n y bases, pr\u00f3ximamente, en la web <span style=\"color: #0000ff;\"><a href=\"https:\/\/www.idea-alzira.com\/\">https:\/\/www.idea-alzira.com\/<\/a><\/span><\/p>\n<p style=\"text-align: center;\"><span style=\"color: #0000ff;\"><a href=\"https:\/\/alzira.es\/wp-content\/uploads\/2019\/03\/44513889_2041743685857130_6125968470543695872_o.jpg\" target=\"_blank\" rel=\"noopener\"><img fetchpriority=\"high\" decoding=\"async\" class=\" size-full wp-image-39765\" title=\"IDEA pone en marcha la quinta edici\u00f3n del \u00abFormaEmpr\u00e9n\u00bb\" src=\"https:\/\/alzira.es\/wp-content\/uploads\/2019\/03\/44513889_2041743685857130_6125968470543695872_o.jpg\" alt=\"44513889 2041743685857130 6125968470543695872 o\" width=\"400\" height=\"267\" srcset=\"https:\/\/alzira.es\/wp-content\/uploads\/2019\/03\/44513889_2041743685857130_6125968470543695872_o.jpg 2048w, https:\/\/alzira.es\/wp-content\/uploads\/2019\/03\/44513889_2041743685857130_6125968470543695872_o-680x453.jpg 680w, https:\/\/alzira.es\/wp-content\/uploads\/2019\/03\/44513889_2041743685857130_6125968470543695872_o-1430x953.jpg 1430w, https:\/\/alzira.es\/wp-content\/uploads\/2019\/03\/44513889_2041743685857130_6125968470543695872_o-768x512.jpg 768w, https:\/\/alzira.es\/wp-content\/uploads\/2019\/03\/44513889_2041743685857130_6125968470543695872_o-1536x1024.jpg 1536w\" sizes=\"(max-width: 400px) 100vw, 400px\" \/><\/a>&nbsp;<a href=\"https:\/\/alzira.es\/wp-content\/uploads\/2019\/03\/45017817_2051192381578927_8795548338750488576_o.jpg\" target=\"_blank\" rel=\"noopener\"><img decoding=\"async\" class=\"size-full wp-image-39768 lazyload\" title=\"IDEA pone en marcha la quinta edici\u00f3n del \u00abFormaEmpr\u00e9n\u00bb\" data-src=\"https:\/\/alzira.es\/wp-content\/uploads\/2019\/03\/45017817_2051192381578927_8795548338750488576_o.jpg\" alt=\"45017817 2051192381578927 8795548338750488576 o\" width=\"400\" height=\"267\" data-srcset=\"https:\/\/alzira.es\/wp-content\/uploads\/2019\/03\/45017817_2051192381578927_8795548338750488576_o.jpg 2048w, https:\/\/alzira.es\/wp-content\/uploads\/2019\/03\/45017817_2051192381578927_8795548338750488576_o-680x453.jpg 680w, https:\/\/alzira.es\/wp-content\/uploads\/2019\/03\/45017817_2051192381578927_8795548338750488576_o-1430x953.jpg 1430w, https:\/\/alzira.es\/wp-content\/uploads\/2019\/03\/45017817_2051192381578927_8795548338750488576_o-768x512.jpg 768w, https:\/\/alzira.es\/wp-content\/uploads\/2019\/03\/45017817_2051192381578927_8795548338750488576_o-1536x1024.jpg 1536w\" data-sizes=\"(max-width: 400px) 100vw, 400px\" src=\"data:image\/svg+xml;base64,PHN2ZyB3aWR0aD0iMSIgaGVpZ2h0PSIxIiB4bWxucz0iaHR0cDovL3d3dy53My5vcmcvMjAwMC9zdmciPjwvc3ZnPg==\" style=\"--smush-placeholder-width: 400px; --smush-placeholder-aspect-ratio: 400\/267;\" \/><\/a><\/span><\/p>\n<p style=\"text-align: center;\"><span style=\"color: #0000ff;\"><a href=\"https:\/\/alzira.es\/wp-content\/uploads\/2019\/03\/45586547_2065377906827041_1218087565920305152_o.jpg\" target=\"_blank\" rel=\"noopener\"><img decoding=\"async\" class=\"size-full wp-image-39771 lazyload\" title=\"IDEA pone en marcha la quinta edici\u00f3n del \u00abFormaEmpr\u00e9n\u00bb\" data-src=\"https:\/\/alzira.es\/wp-content\/uploads\/2019\/03\/45586547_2065377906827041_1218087565920305152_o.jpg\" alt=\"45586547 2065377906827041 1218087565920305152 o\" width=\"400\" height=\"267\" data-srcset=\"https:\/\/alzira.es\/wp-content\/uploads\/2019\/03\/45586547_2065377906827041_1218087565920305152_o.jpg 2048w, https:\/\/alzira.es\/wp-content\/uploads\/2019\/03\/45586547_2065377906827041_1218087565920305152_o-680x453.jpg 680w, https:\/\/alzira.es\/wp-content\/uploads\/2019\/03\/45586547_2065377906827041_1218087565920305152_o-1430x953.jpg 1430w, https:\/\/alzira.es\/wp-content\/uploads\/2019\/03\/45586547_2065377906827041_1218087565920305152_o-768x512.jpg 768w, https:\/\/alzira.es\/wp-content\/uploads\/2019\/03\/45586547_2065377906827041_1218087565920305152_o-1536x1024.jpg 1536w\" data-sizes=\"(max-width: 400px) 100vw, 400px\" src=\"data:image\/svg+xml;base64,PHN2ZyB3aWR0aD0iMSIgaGVpZ2h0PSIxIiB4bWxucz0iaHR0cDovL3d3dy53My5vcmcvMjAwMC9zdmciPjwvc3ZnPg==\" style=\"--smush-placeholder-width: 400px; --smush-placeholder-aspect-ratio: 400\/267;\" \/><\/a>&nbsp;<a href=\"https:\/\/alzira.es\/wp-content\/uploads\/2019\/03\/45677019_2065377900160375_652035026908610560_o.jpg\" target=\"_blank\" rel=\"noopener\"><img decoding=\"async\" class=\"size-full wp-image-39773 lazyload\" title=\"IDEA pone en marcha la quinta edici\u00f3n del \u00abFormaEmpr\u00e9n\u00bb\" data-src=\"https:\/\/alzira.es\/wp-content\/uploads\/2019\/03\/45677019_2065377900160375_652035026908610560_o.jpg\" alt=\"45677019 2065377900160375 652035026908610560 o\" width=\"475\" height=\"267\" data-srcset=\"https:\/\/alzira.es\/wp-content\/uploads\/2019\/03\/45677019_2065377900160375_652035026908610560_o.jpg 2048w, https:\/\/alzira.es\/wp-content\/uploads\/2019\/03\/45677019_2065377900160375_652035026908610560_o-680x383.jpg 680w, https:\/\/alzira.es\/wp-content\/uploads\/2019\/03\/45677019_2065377900160375_652035026908610560_o-1430x804.jpg 1430w, https:\/\/alzira.es\/wp-content\/uploads\/2019\/03\/45677019_2065377900160375_652035026908610560_o-768x432.jpg 768w, https:\/\/alzira.es\/wp-content\/uploads\/2019\/03\/45677019_2065377900160375_652035026908610560_o-1536x864.jpg 1536w\" data-sizes=\"(max-width: 475px) 100vw, 475px\" src=\"data:image\/svg+xml;base64,PHN2ZyB3aWR0aD0iMSIgaGVpZ2h0PSIxIiB4bWxucz0iaHR0cDovL3d3dy53My5vcmcvMjAwMC9zdmciPjwvc3ZnPg==\" style=\"--smush-placeholder-width: 475px; --smush-placeholder-aspect-ratio: 475\/267;\" \/><\/a><\/span><\/p>\n","protected":false},"excerpt":{"rendered":"<p>Alzira, 20 de marzo de 2019. Desde Idea se ha puesto en marcha la quinta edici\u00f3n del programa de capacitaci\u00f3n de emprendedores, \u00abFormaEmpr\u00e9n\u00bb, organizado con CEEI Valencia (Centro Europeo de Empresas innovadoras de Valencia) que consiste en ayudar en el proceso de puesta en marcha de nuevos proyectos y\/o en la mejora de las t\u00e9cnicas &hellip; <\/p>\n<p class=\"link-more\"><a href=\"https:\/\/alzira.es\/es\/idea-pone-en-marcha-la-quinta-edicion-del-formaempren\/\" class=\"more-link\">Continuar leyendo<span class=\"screen-reader-text\"> \u00abIDEA pone en marcha la quinta edici\u00f3n del \u00abFormaEmpr\u00e9n\u00bb\u00bb<\/span><\/a><\/p>\n","protected":false},"author":12,"featured_media":39765,"comment_status":"","ping_status":"","sticky":false,"template":"","format":"standard","meta":{"_acf_changed":false,"footnotes":""},"categories":[4936],"tags":[],"class_list":["post-39776","post","type-post","status-publish","format-standard","has-post-thumbnail","hentry","category-hemeroteca-es"],"acf":[],"_links":{"self":[{"href":"https:\/\/alzira.es\/es\/wp-json\/wp\/v2\/posts\/39776","targetHints":{"allow":["GET"]}}],"collection":[{"href":"https:\/\/alzira.es\/es\/wp-json\/wp\/v2\/posts"}],"about":[{"href":"https:\/\/alzira.es\/es\/wp-json\/wp\/v2\/types\/post"}],"author":[{"embeddable":true,"href":"https:\/\/alzira.es\/es\/wp-json\/wp\/v2\/users\/12"}],"replies":[{"embeddable":true,"href":"https:\/\/alzira.es\/es\/wp-json\/wp\/v2\/comments?post=39776"}],"version-history":[{"count":0,"href":"https:\/\/alzira.es\/es\/wp-json\/wp\/v2\/posts\/39776\/revisions"}],"wp:featuredmedia":[{"embeddable":true,"href":"https:\/\/alzira.es\/es\/wp-json\/wp\/v2\/media\/39765"}],"wp:attachment":[{"href":"https:\/\/alzira.es\/es\/wp-json\/wp\/v2\/media?parent=39776"}],"wp:term":[{"taxonomy":"category","embeddable":true,"href":"https:\/\/alzira.es\/es\/wp-json\/wp\/v2\/categories?post=39776"},{"taxonomy":"post_tag","embeddable":true,"href":"https:\/\/alzira.es\/es\/wp-json\/wp\/v2\/tags?post=39776"}],"curies":[{"name":"wp","href":"https:\/\/api.w.org\/{rel}","templated":true}]}}