{"id":39762,"date":"2019-03-20T15:30:00","date_gmt":"2019-03-20T14:30:00","guid":{"rendered":"https:\/\/alzira.es\/el-ayuntamiento-hace-un-balance-positivo-de-las-fallas-y-resalta-la-calidad-e-interaccion-de-los-monumentos\/"},"modified":"2019-03-20T15:30:00","modified_gmt":"2019-03-20T14:30:00","slug":"el-ayuntamiento-hace-un-balance-positivo-de-las-fallas-y-resalta-la-calidad-e-interaccion-de-los-monumentos","status":"publish","type":"post","link":"https:\/\/alzira.es\/es\/el-ayuntamiento-hace-un-balance-positivo-de-las-fallas-y-resalta-la-calidad-e-interaccion-de-los-monumentos\/","title":{"rendered":"El Ayuntamiento hace un balance positivo de las Fallas y resalta la calidad e interacci\u00f3n de los monumentos"},"content":{"rendered":"<p style=\"text-align: justify;\"><strong><a href=\"https:\/\/alzira.es\/wp-content\/uploads\/2019\/03\/IMG_9436.jpg\" target=\"_blank\" rel=\"noopener\"><img fetchpriority=\"high\" decoding=\"async\" class=\" alignleft size-full wp-image-39759\" style=\"margin-right: 10px; float: left;\" title=\"El Ayuntamiento hace un balance positivo de las Fallas y resalta la calidad e interacci\u00f3n de los monumentos\" src=\"https:\/\/alzira.es\/wp-content\/uploads\/2019\/03\/IMG_9436.jpg\" alt=\"IMG 9436\" width=\"600\" height=\"400\" srcset=\"https:\/\/alzira.es\/wp-content\/uploads\/2019\/03\/IMG_9436.jpg 1024w, https:\/\/alzira.es\/wp-content\/uploads\/2019\/03\/IMG_9436-680x454.jpg 680w, https:\/\/alzira.es\/wp-content\/uploads\/2019\/03\/IMG_9436-768x512.jpg 768w\" sizes=\"(max-width: 600px) 100vw, 600px\" \/><\/a>Alzira, 20 de marzo de 2019.-<\/strong> La Semana de las Fallas de Alzira de 2019 ha finalizado con la crem\u00e0 de los monumentos, unas fallas que han sido marcadas por la \u00abgran participaci\u00f3n y que podemos asegurar que han sido las mejores de la \u00faltima d\u00e9cada\u00bb, seg\u00fan ha explicado el alcalde, Diego G\u00f3mez. Las calles de nuestra ciudad han registrado un continuo ir y venir de peatones con el fin de visitar los monumentos falleros diseminados por todo el entramado urbano.<\/p>\n<p style=\"text-align: justify;\">El alcalde ha destacado las grandes concentraciones de gente en actos como las mascletaes, la ofrenda, el concurso del pasodoble o la entrega de premios.<\/p>\n<p style=\"text-align: justify;\">Adem\u00e1s, G\u00f3mez ha recalcado \u00abel gran esfuerzo que han hecho las comisiones, sobre todo en la secci\u00f3n de especial o primera y el trabajo de diferenciaci\u00f3n, interacci\u00f3n y exclusividad como las comisiones de Les Bases, Sant Joan o L&#8217;Alquen\u00e8ncia, con una sensibilidad hacia la sostenibilidad o la inclusi\u00f3n\u00bb.<\/p>\n<p style=\"text-align: justify;\">Por otra parte, la primera autoridad ha vuelto a recalcar \u00abla diferenciaci\u00f3n entre las fallas de Alzira y las de Valencia u otros pueblos por nuestra forma de trato entre falleros, vecinos y visitantes. Somos un ejemplo de familiaridad\u00bb.<\/p>\n<p style=\"text-align: justify;\">Pero Diego G\u00f3mez ha insistido en que hay que mejorar en aspectos como la limpieza y el civismo. \u00abUna propuesta a estudiar ser\u00eda crear unos grupos de limpieza de las fallas con el apoyo del Ayuntamiento para que la ciudad est\u00e9 m\u00e1s limpia, sin olvidar que el Consistorio estar\u00e1 vigilante con posibles sanciones a acciones inc\u00edvicas\u00bb. De todas formas, el alcalde ha alabado \u00abla gran labor que han hecho las brigadas de limpieza y recogida de los desechos de la crem\u00e0\u00bb.<\/p>\n<p style=\"text-align: justify;\">El alcalde tambi\u00e9n quiere hacer una llamada a hacer unos monumentos \u00abm\u00e1s sostenibles con la utilizaci\u00f3n de materiales menos contaminantes\u00bb.<\/p>\n<p style=\"text-align: justify;\">Por \u00faltimo, Diego G\u00f3mez ha hecho un llamamiento a la Junta Local Fallera para que en su presupuesto \u00abconsigne desde el principio del a\u00f1o fallero la dotaci\u00f3n cerrada para las mascletaes, ya que son los eventos que m\u00e1s gente aglutinan\u00bb.<\/p>\n<p style=\"text-align: justify;\"><strong>La Polic\u00eda Local de Alzira registra 132 servicios durante la semana fallera<\/strong><\/p>\n<p style=\"text-align: justify;\">Entre los d\u00edas s\u00e1bado 16 y martes 19 de marzo, la Polic\u00eda Local ha realizado 132 servicios en relaci\u00f3n a las fiestas falleras a parte de los dispositivos propios de estos d\u00edas.<\/p>\n<p style=\"text-align: justify;\">El tr\u00e1fico con 25 actuaciones, los servicios humanitarios con 21, las molestias con 20 y la seguridad ciudadana con 13 son las actuaciones m\u00e1s relevantes.<\/p>\n<p style=\"text-align: justify;\">A destacar el bajo n\u00famero de accidentes registrados, con un total de 8. Sin embargo se han instruido diligencias por 4 alcoholemias y detecci\u00f3n de drogas positivas.<\/p>\n<p style=\"text-align: justify;\">Le concejala de Seguridad, Sara Gar\u00e9s, ha destacado \u00abla gran labor que han realizado estos d\u00edas el cuerpo de la Polic\u00eda Local\u00bb.<\/p>\n","protected":false},"excerpt":{"rendered":"<p>Alzira, 20 de marzo de 2019.- La Semana de las Fallas de Alzira de 2019 ha finalizado con la crem\u00e0 de los monumentos, unas fallas que han sido marcadas por la \u00abgran participaci\u00f3n y que podemos asegurar que han sido las mejores de la \u00faltima d\u00e9cada\u00bb, seg\u00fan ha explicado el alcalde, Diego G\u00f3mez. Las calles &hellip; <\/p>\n<p class=\"link-more\"><a href=\"https:\/\/alzira.es\/es\/el-ayuntamiento-hace-un-balance-positivo-de-las-fallas-y-resalta-la-calidad-e-interaccion-de-los-monumentos\/\" class=\"more-link\">Continuar leyendo<span class=\"screen-reader-text\"> \u00abEl Ayuntamiento hace un balance positivo de las Fallas y resalta la calidad e interacci\u00f3n de los monumentos\u00bb<\/span><\/a><\/p>\n","protected":false},"author":12,"featured_media":39759,"comment_status":"","ping_status":"","sticky":false,"template":"","format":"standard","meta":{"_acf_changed":false,"footnotes":""},"categories":[4936],"tags":[],"class_list":["post-39762","post","type-post","status-publish","format-standard","has-post-thumbnail","hentry","category-hemeroteca-es"],"acf":[],"_links":{"self":[{"href":"https:\/\/alzira.es\/es\/wp-json\/wp\/v2\/posts\/39762","targetHints":{"allow":["GET"]}}],"collection":[{"href":"https:\/\/alzira.es\/es\/wp-json\/wp\/v2\/posts"}],"about":[{"href":"https:\/\/alzira.es\/es\/wp-json\/wp\/v2\/types\/post"}],"author":[{"embeddable":true,"href":"https:\/\/alzira.es\/es\/wp-json\/wp\/v2\/users\/12"}],"replies":[{"embeddable":true,"href":"https:\/\/alzira.es\/es\/wp-json\/wp\/v2\/comments?post=39762"}],"version-history":[{"count":0,"href":"https:\/\/alzira.es\/es\/wp-json\/wp\/v2\/posts\/39762\/revisions"}],"wp:featuredmedia":[{"embeddable":true,"href":"https:\/\/alzira.es\/es\/wp-json\/wp\/v2\/media\/39759"}],"wp:attachment":[{"href":"https:\/\/alzira.es\/es\/wp-json\/wp\/v2\/media?parent=39762"}],"wp:term":[{"taxonomy":"category","embeddable":true,"href":"https:\/\/alzira.es\/es\/wp-json\/wp\/v2\/categories?post=39762"},{"taxonomy":"post_tag","embeddable":true,"href":"https:\/\/alzira.es\/es\/wp-json\/wp\/v2\/tags?post=39762"}],"curies":[{"name":"wp","href":"https:\/\/api.w.org\/{rel}","templated":true}]}}