{"id":39740,"date":"2019-03-15T08:13:11","date_gmt":"2019-03-15T07:13:11","guid":{"rendered":"https:\/\/alzira.es\/el-jueves-21-de-marzo-se-cierra-el-trafico-en-la-calle-benito-perez-galdos-a-partir-del-cruce-de-reyes-catolicos-por-las-obras-de-acondicionamiento-de-la-tercera-fase-en-la-calle\/"},"modified":"2019-03-15T08:13:11","modified_gmt":"2019-03-15T07:13:11","slug":"el-jueves-21-de-marzo-se-cierra-el-trafico-en-la-calle-benito-perez-galdos-a-partir-del-cruce-de-reyes-catolicos-por-las-obras-de-acondicionamiento-de-la-tercera-fase-en-la-calle","status":"publish","type":"post","link":"https:\/\/alzira.es\/es\/el-jueves-21-de-marzo-se-cierra-el-trafico-en-la-calle-benito-perez-galdos-a-partir-del-cruce-de-reyes-catolicos-por-las-obras-de-acondicionamiento-de-la-tercera-fase-en-la-calle\/","title":{"rendered":"El jueves 21 de marzo se cierra el tr\u00e1fico en la calle Benito P\u00e9rez Gald\u00f3s, a partir del cruce de Reyes Cat\u00f3licos, por las obras de acondicionamiento de la tercera fase en la calle"},"content":{"rendered":"<p style=\"text-align: justify;\"><strong><a href=\"https:\/\/alzira.es\/wp-content\/uploads\/2019\/03\/20190115_155427.jpg\" target=\"_blank\" rel=\"noopener\"><img fetchpriority=\"high\" decoding=\"async\" class=\" alignleft size-full wp-image-39737\" style=\"margin-right: 10px; float: left;\" title=\"El jueves 21 de marzo se cierra el tr\u00e1fico en la calle Benito P\u00e9rez Gald\u00f3s, a partir del cruce de Reyes Cat\u00f3licos, por las obras de acondicionamiento de la tercera fase en la calle\" src=\"https:\/\/alzira.es\/wp-content\/uploads\/2019\/03\/20190115_155427.jpg\" alt=\"20190115 155427\" width=\"600\" height=\"450\" srcset=\"https:\/\/alzira.es\/wp-content\/uploads\/2019\/03\/20190115_155427.jpg 1200w, https:\/\/alzira.es\/wp-content\/uploads\/2019\/03\/20190115_155427-680x510.jpg 680w, https:\/\/alzira.es\/wp-content\/uploads\/2019\/03\/20190115_155427-768x576.jpg 768w\" sizes=\"(max-width: 600px) 100vw, 600px\" \/><\/a>Alzira, 15 de marzo de 2019.<\/strong> Seg\u00fan inform\u00f3 el Ayuntamiento de Alzira desde la Concejal\u00eda de Gesti\u00f3n Urban\u00edstica, las obras de la tercera fase de la calle Benito P\u00e9rez Gald\u00f3s tendr\u00e1n lugar a partir del 21 de marzo seg\u00fan el calendario previsto. Es por esto que el d\u00eda 21 se cierra al tr\u00e1fico rodado en este tramo de la calle desde los n\u00fameros 41 al 57, banda impares y del 54 al 64, banda pares, as\u00ed como de la calle Tetu\u00e1n en el tramo de los n\u00fameros 2 al 6, banda pares, y del 1 al 5, banda impares.<\/p>\n<p style=\"text-align: justify;\">En cuanto al servicio de autob\u00fas urbano, tambi\u00e9n habr\u00e1 modificaciones en la l\u00ednea 1 a su paso por la plaza Mayor y la calle Benito P\u00e9rez Gald\u00f3s, por lo que durante el per\u00edodo de obras los puestos 4 y 5 quedan fuera de servicio. Al mismo tiempo, los usuarios de la parada n\u00famero 3 deber\u00e1n subir en la 27, desde la plaza del Reino direcci\u00f3n Estaci\u00f3n de Renfe. Tambi\u00e9n se habilitar\u00e1n dos paradas provisionales en su recorrido; la n\u00famero 29, calle Uni\u00f3 &#8211; Taronjers y la 30, calle Uni\u00f3 &#8211; Sagunt.<\/p>\n<p style=\"text-align: justify;\">Hay que informar que cuando por motivos diversos se corte el acceso a la plaza del Reino, la parada de referencia para el centro de Alzira ser\u00e1 la estaci\u00f3n de autobuses (59).<\/p>\n<p style=\"text-align: justify;\">El concejal de Gesti\u00f3n Urban\u00edstica, Fernando Pascual, ha declarado al respecto \u00abBenito P\u00e9rez Gald\u00f3s es una de las calles m\u00e1s emblem\u00e1ticas de la ciudad. Una calle que con la realizaci\u00f3n de las obras de la 3\u00aa fase mejorar\u00e1 en gran medida la vida y el tr\u00e1fico vecinal. Y ante las actuaciones de esta calle, se intentar\u00e1 minimizar al m\u00e1ximo las molestias que se puedan ocasionar, tanto para el tr\u00e1fico rodado como para los vecinos y vecinas, durante el periodo en el que se efectuar\u00e1n las obras mencionadas\u00bb.<\/p>\n","protected":false},"excerpt":{"rendered":"<p>Alzira, 15 de marzo de 2019. Seg\u00fan inform\u00f3 el Ayuntamiento de Alzira desde la Concejal\u00eda de Gesti\u00f3n Urban\u00edstica, las obras de la tercera fase de la calle Benito P\u00e9rez Gald\u00f3s tendr\u00e1n lugar a partir del 21 de marzo seg\u00fan el calendario previsto. Es por esto que el d\u00eda 21 se cierra al tr\u00e1fico rodado en &hellip; <\/p>\n<p class=\"link-more\"><a href=\"https:\/\/alzira.es\/es\/el-jueves-21-de-marzo-se-cierra-el-trafico-en-la-calle-benito-perez-galdos-a-partir-del-cruce-de-reyes-catolicos-por-las-obras-de-acondicionamiento-de-la-tercera-fase-en-la-calle\/\" class=\"more-link\">Continuar leyendo<span class=\"screen-reader-text\"> \u00abEl jueves 21 de marzo se cierra el tr\u00e1fico en la calle Benito P\u00e9rez Gald\u00f3s, a partir del cruce de Reyes Cat\u00f3licos, por las obras de acondicionamiento de la tercera fase en la calle\u00bb<\/span><\/a><\/p>\n","protected":false},"author":12,"featured_media":39737,"comment_status":"","ping_status":"","sticky":false,"template":"","format":"standard","meta":{"_acf_changed":false,"footnotes":""},"categories":[4936],"tags":[],"class_list":["post-39740","post","type-post","status-publish","format-standard","has-post-thumbnail","hentry","category-hemeroteca-es"],"acf":[],"_links":{"self":[{"href":"https:\/\/alzira.es\/es\/wp-json\/wp\/v2\/posts\/39740","targetHints":{"allow":["GET"]}}],"collection":[{"href":"https:\/\/alzira.es\/es\/wp-json\/wp\/v2\/posts"}],"about":[{"href":"https:\/\/alzira.es\/es\/wp-json\/wp\/v2\/types\/post"}],"author":[{"embeddable":true,"href":"https:\/\/alzira.es\/es\/wp-json\/wp\/v2\/users\/12"}],"replies":[{"embeddable":true,"href":"https:\/\/alzira.es\/es\/wp-json\/wp\/v2\/comments?post=39740"}],"version-history":[{"count":0,"href":"https:\/\/alzira.es\/es\/wp-json\/wp\/v2\/posts\/39740\/revisions"}],"wp:featuredmedia":[{"embeddable":true,"href":"https:\/\/alzira.es\/es\/wp-json\/wp\/v2\/media\/39737"}],"wp:attachment":[{"href":"https:\/\/alzira.es\/es\/wp-json\/wp\/v2\/media?parent=39740"}],"wp:term":[{"taxonomy":"category","embeddable":true,"href":"https:\/\/alzira.es\/es\/wp-json\/wp\/v2\/categories?post=39740"},{"taxonomy":"post_tag","embeddable":true,"href":"https:\/\/alzira.es\/es\/wp-json\/wp\/v2\/tags?post=39740"}],"curies":[{"name":"wp","href":"https:\/\/api.w.org\/{rel}","templated":true}]}}